{"id":40942,"date":"2013-12-20T09:43:07","date_gmt":"2013-12-20T12:43:07","guid":{"rendered":"http:\/\/www.eltrabajo.cl\/portal\/?p=40942"},"modified":"2013-12-20T09:43:07","modified_gmt":"2013-12-20T12:43:07","slug":"guillermo-rivera-dictara-clinica-de-tenis-a-los-ninos-de-san-felipe","status":"publish","type":"post","link":"https:\/\/eltrabajo.cl\/portal\/guillermo-rivera-dictara-clinica-de-tenis-a-los-ninos-de-san-felipe\/","title":{"rendered":"Guillermo Rivera dictar\u00e1 cl\u00ednica de tenis a los ni\u00f1os de San Felipe"},"content":{"rendered":"<figure id=\"attachment_40943\" aria-describedby=\"caption-attachment-40943\" style=\"width: 529px\" class=\"wp-caption alignnone\"><a href=\"https:\/\/i0.wp.com\/www.eltrabajo.cl\/portal\/wp-content\/uploads\/2013\/12\/club-de-tenis-1.jpg\"><img data-recalc-dims=\"1\" loading=\"lazy\" decoding=\"async\" class=\"size-full wp-image-40943\" title=\"Los peque\u00f1os pueden concurrir a clases de tenis los d\u00edas martes, mi\u00e9rcoles y jueves.\" alt=\"Los peque\u00f1os pueden concurrir a clases de tenis los d\u00edas martes, mi\u00e9rcoles y jueves.\" src=\"https:\/\/i0.wp.com\/www.eltrabajo.cl\/portal\/wp-content\/uploads\/2013\/12\/club-de-tenis-1.jpg?resize=529%2C331\" width=\"529\" height=\"331\" srcset=\"https:\/\/i0.wp.com\/eltrabajo.cl\/portal\/wp-content\/uploads\/2013\/12\/club-de-tenis-1.jpg?w=529&amp;ssl=1 529w, https:\/\/i0.wp.com\/eltrabajo.cl\/portal\/wp-content\/uploads\/2013\/12\/club-de-tenis-1.jpg?resize=200%2C125&amp;ssl=1 200w, https:\/\/i0.wp.com\/eltrabajo.cl\/portal\/wp-content\/uploads\/2013\/12\/club-de-tenis-1.jpg?resize=300%2C187&amp;ssl=1 300w, https:\/\/i0.wp.com\/eltrabajo.cl\/portal\/wp-content\/uploads\/2013\/12\/club-de-tenis-1.jpg?resize=150%2C93&amp;ssl=1 150w, https:\/\/i0.wp.com\/eltrabajo.cl\/portal\/wp-content\/uploads\/2013\/12\/club-de-tenis-1.jpg?resize=400%2C250&amp;ssl=1 400w\" sizes=\"auto, (max-width: 529px) 100vw, 529px\" \/><\/a><figcaption id=\"caption-attachment-40943\" class=\"wp-caption-text\">Los peque\u00f1os pueden concurrir a clases de tenis los d\u00edas martes, mi\u00e9rcoles y jueves.<\/figcaption><\/figure>\n<p>Una cl\u00ednica de tenis realizar\u00e1 este domingo 22 de diciembre el tenista sanfelipe\u00f1o Guillermo Rivera, en el marco de las Escuelas de Tenis que se desarrollan en el club Valle del Aconcagua.<\/p>\n<p>Desde hace unas semanas ya se vienen realizando estas escuelas de Tenis y cada d\u00eda concitan el inter\u00e9s de los ni\u00f1os y ni\u00f1as de la comuna por participar, por lo que todos los martes, mi\u00e9rcoles y jueves y en los distintos horarios que se dictan, es posible ver una gran cantidad de ni\u00f1os en el recinto deportivo de la avenida Yungay.<\/p>\n<p>Como parte de ese proyecto, que se ejecuta a trav\u00e9s del 2% de Deporte financiado por el Gobierno Regional, es que se realizar\u00e1n dos cl\u00ednicas de tenis a cargo de Guillermo Rivera.<\/p>\n<p>\u201cEsta cl\u00ednica de tenis es el domingo a las 10:30 horas en el club de tenis Valle del Aconcagua, que est\u00e1 en la esquina de Yungay con Chacabuco, es completamente gratuito, es un proyecto que est\u00e1 financiado por el Gobierno Regional de tal forma que volvemos a invitar a todos los ni\u00f1os a participar y no tienen que tener ning\u00fan implemento, porque est\u00e1n las raquetas, las pelotas y todo el recurso humano que permite desarrollar esta actividad\u201d, dijo Danilo Pe\u00f1a, director de Deportes de la Municipalidad.<\/p>\n<p>Las escuelas de tenis ya cuentan con una importante cantidad de ni\u00f1os que trabajan con tres profesores en distintos horarios, divididos seg\u00fan sus edades.<\/p>\n<p>Adem\u00e1s Pe\u00f1a record\u00f3 que en nuestra comuna se est\u00e1 desarrollando el torneo ATP Futuro, en el club de tenis del sector La Troya, que este viernes, a las 15:30 horas, culmina la etapa de los dobles, mientras que el s\u00e1bado a las 11:30 horas es la final de los singles, donde tambi\u00e9n la entrada es gratuita.<\/p>\n<p>Actividades que dan cuenta del inter\u00e9s que existe en la comuna por la pr\u00e1ctica deportiva en sus distintas expresiones.<\/p>\n<p>&nbsp;<\/p>\n","protected":false},"excerpt":{"rendered":"<p>Una cl\u00ednica de tenis realizar\u00e1 este domingo 22 de diciembre el tenista sanfelipe\u00f1o Guillermo Rivera, en el marco de las Escuelas de Tenis que se desarrollan en el club Valle del Aconcagua&#8230;.<\/p>\n","protected":false},"author":482,"featured_media":40943,"comment_status":"open","ping_status":"closed","sticky":false,"template":"","format":"standard","meta":{"advanced_seo_description":"","jetpack_seo_html_title":"","jetpack_seo_noindex":false,"_jetpack_memberships_contains_paid_content":false,"footnotes":""},"categories":[1],"tags":[],"class_list":["post-40942","post","type-post","status-publish","format-standard","has-post-thumbnail","hentry","category-cronica"],"jetpack_featured_media_url":"https:\/\/i0.wp.com\/eltrabajo.cl\/portal\/wp-content\/uploads\/2013\/12\/club-de-tenis-1.jpg?fit=529%2C331&ssl=1","jetpack_sharing_enabled":true,"jetpack_likes_enabled":true,"jetpack-related-posts":[],"_links":{"self":[{"href":"https:\/\/eltrabajo.cl\/portal\/wp-json\/wp\/v2\/posts\/40942","targetHints":{"allow":["GET"]}}],"collection":[{"href":"https:\/\/eltrabajo.cl\/portal\/wp-json\/wp\/v2\/posts"}],"about":[{"href":"https:\/\/eltrabajo.cl\/portal\/wp-json\/wp\/v2\/types\/post"}],"author":[{"embeddable":true,"href":"https:\/\/eltrabajo.cl\/portal\/wp-json\/wp\/v2\/users\/482"}],"replies":[{"embeddable":true,"href":"https:\/\/eltrabajo.cl\/portal\/wp-json\/wp\/v2\/comments?post=40942"}],"version-history":[{"count":0,"href":"https:\/\/eltrabajo.cl\/portal\/wp-json\/wp\/v2\/posts\/40942\/revisions"}],"wp:featuredmedia":[{"embeddable":true,"href":"https:\/\/eltrabajo.cl\/portal\/wp-json\/wp\/v2\/media\/40943"}],"wp:attachment":[{"href":"https:\/\/eltrabajo.cl\/portal\/wp-json\/wp\/v2\/media?parent=40942"}],"wp:term":[{"taxonomy":"category","embeddable":true,"href":"https:\/\/eltrabajo.cl\/portal\/wp-json\/wp\/v2\/categories?post=40942"},{"taxonomy":"post_tag","embeddable":true,"href":"https:\/\/eltrabajo.cl\/portal\/wp-json\/wp\/v2\/tags?post=40942"}],"curies":[{"name":"wp","href":"https:\/\/api.w.org\/{rel}","templated":true}]}}