{"id":40945,"date":"2013-12-20T09:45:02","date_gmt":"2013-12-20T12:45:02","guid":{"rendered":"http:\/\/www.eltrabajo.cl\/portal\/?p=40945"},"modified":"2013-12-20T09:45:02","modified_gmt":"2013-12-20T12:45:02","slug":"autoridades-de-gobierno-se-reunen-con-federacion-de-buses-de-aconcagua","status":"publish","type":"post","link":"https:\/\/eltrabajo.cl\/portal\/autoridades-de-gobierno-se-reunen-con-federacion-de-buses-de-aconcagua\/","title":{"rendered":"Autoridades de Gobierno se re\u00fanen con Federaci\u00f3n de Buses de Aconcagua"},"content":{"rendered":"<figure id=\"attachment_40946\" aria-describedby=\"caption-attachment-40946\" style=\"width: 529px\" class=\"wp-caption alignnone\"><a href=\"https:\/\/i0.wp.com\/www.eltrabajo.cl\/portal\/wp-content\/uploads\/2013\/12\/reunio-gobernacion-microbuseros.jpg\"><img data-recalc-dims=\"1\" loading=\"lazy\" decoding=\"async\" class=\"size-full wp-image-40946\" title=\"Dirigentes de la Federaci\u00f3n de Buses de Aconcagua pidieron a la Seremi de Transporte un cuarto llamado del subsidio de charratizaci\u00f3n y rebaja del pase escolar 2014.\" alt=\"Dirigentes de la Federaci\u00f3n de Buses de Aconcagua pidieron a la Seremi de Transporte un cuarto llamado del subsidio de charratizaci\u00f3n y rebaja del pase escolar 2014.\" src=\"https:\/\/i0.wp.com\/www.eltrabajo.cl\/portal\/wp-content\/uploads\/2013\/12\/reunio-gobernacion-microbuseros.jpg?resize=529%2C353\" width=\"529\" height=\"353\" srcset=\"https:\/\/i0.wp.com\/eltrabajo.cl\/portal\/wp-content\/uploads\/2013\/12\/reunio-gobernacion-microbuseros.jpg?w=529&amp;ssl=1 529w, https:\/\/i0.wp.com\/eltrabajo.cl\/portal\/wp-content\/uploads\/2013\/12\/reunio-gobernacion-microbuseros.jpg?resize=200%2C133&amp;ssl=1 200w, https:\/\/i0.wp.com\/eltrabajo.cl\/portal\/wp-content\/uploads\/2013\/12\/reunio-gobernacion-microbuseros.jpg?resize=300%2C200&amp;ssl=1 300w, https:\/\/i0.wp.com\/eltrabajo.cl\/portal\/wp-content\/uploads\/2013\/12\/reunio-gobernacion-microbuseros.jpg?resize=150%2C100&amp;ssl=1 150w, https:\/\/i0.wp.com\/eltrabajo.cl\/portal\/wp-content\/uploads\/2013\/12\/reunio-gobernacion-microbuseros.jpg?resize=400%2C266&amp;ssl=1 400w\" sizes=\"auto, (max-width: 529px) 100vw, 529px\" \/><\/a><figcaption id=\"caption-attachment-40946\" class=\"wp-caption-text\">Dirigentes de la Federaci\u00f3n de Buses de Aconcagua pidieron a la Seremi de Transporte un cuarto llamado del subsidio de charratizaci\u00f3n y rebaja del pase escolar 2014.<\/figcaption><\/figure>\n<ul>\n<li><strong>Dirigentes solicitaron a la Seremi de Transporte efectuar cuarto llamado durante este a\u00f1o al subsidio de charratizaci\u00f3n y rebaja del pase escolar 2014.<\/strong><\/li>\n<\/ul>\n<p>Los dirigentes del transporte mayor de pasajeros solicitaron al gobierno agotar las acciones para efectuar durante lo que resta de este a\u00f1o, un cuarto llamado del subsidio a la charratizaci\u00f3n, iniciativa del Gobierno del Presidente Sebasti\u00e1n Pi\u00f1era a trav\u00e9s del Ministerio de Transporte y Telecomunicaciones para la renovaci\u00f3n de buses que han cumplido su vida \u00fatil.<\/p>\n<p>Asimismo se ha planteado la inquietud por parte de la federaci\u00f3n de buses de Aconcagua, de avanzar en la entrega de un nuevo subsidio que permita rebajar la tarifa escolar para el pr\u00f3ximo a\u00f1o, una de las principales demandas a nivel local del movimiento estudiantil que ha criticado las elevadas tarifas que se cobran en la zona por los pocos kil\u00f3metros recorridos.<\/p>\n<p>Fue en el Gabinete de la Gobernadora Patricia Boffa, donde la Federaci\u00f3n de Buses del Aconcagua se reuni\u00f3 con la Secretaria Regional Ministerial de Transporte, Gloria Basualto, y se solicit\u00f3 que se agoten las gestiones para concretar ambas solicitudes, de acuerdo a lo planteado por el Presidente de Buses Puma, Justo Ayala.<\/p>\n<p>\u201cNos interesa como federaci\u00f3n de buses tener toda la informaci\u00f3n necesaria del programa de renovaci\u00f3n de buses y que exista la posibilidad de una nueva postulaci\u00f3n, como asimismo es de nuestro inter\u00e9s conocer la fecha del nuevo subsidio que permita solventar el costo del pasaje escolar, que si bien est\u00e1 como ley, pero a\u00fan no est\u00e1 vigente. Todas estas inquietudes fueron planteadas a la Seremi y vamos a esperar que se resuelvan a la brevedad\u201d.<\/p>\n<p>Por su parte la Seremi de Transportes, Gloria Basualto, explic\u00f3 que existe la voluntad de la autoridad de poder ayudar a la federaci\u00f3n de buses, pues este beneficio en su mayor\u00eda es traspasado a los usuarios con un mejor servicio.<\/p>\n<p>\u201cLogramos conversar con la federaci\u00f3n de buses varios temas, expliqu\u00e9 en qu\u00e9 va la prolongaci\u00f3n de la ley y de los nuevos recursos que llegar\u00e1n a la regi\u00f3n desde el Transantiago, pues gracias a un proyecto del gobierno promulgado en el mes de octubre, equipara los dineros con las regiones. Les inform\u00e9 que ahora lo que estamos haciendo, es la preparaci\u00f3n de los reglamentos que van a determinar c\u00f3mo va a ser la implementaci\u00f3n de los distintos subsidios que van a llegar, espec\u00edficamente para los servicios de zonas rurales, permitiendo hacer lo que denominados per\u00edmetros de exclusi\u00f3n y de esa manera rebajar la tarifa adulta, como asimismo la tarifa escolar en una determinada proporci\u00f3n\u201d.<\/p>\n<p>Finalmente la Gobernadora Patricia Boffa destac\u00f3 que este tipo de reuniones, lo que buscan son lograr acuerdos entre el gremio del transporte para facilitar los beneficios del Estado.<\/p>\n<p>\u201cCuando el Gobierno apoya a los microbuseros, lo que nosotros queremos es que este beneficio se traspase a los vecinos, pues nos interesa que la comunidad, sobre todo los trabajadores que cada d\u00eda hacen uso de la locomoci\u00f3n para llegar a sus puestos de trabajo, tengan una econom\u00eda y al mismo tiempo se trasladen en buses de calidad y mejor servicio\u201d.<\/p>\n<p>&nbsp;<\/p>\n","protected":false},"excerpt":{"rendered":"<p>Dirigentes solicitaron a la Seremi de Transporte efectuar cuarto llamado durante este a\u00f1o al subsidio de charratizaci\u00f3n y rebaja del pase escolar 2014. Los dirigentes del transporte mayor de pasajeros solicitaron al&#8230;<\/p>\n","protected":false},"author":482,"featured_media":40946,"comment_status":"open","ping_status":"closed","sticky":false,"template":"","format":"standard","meta":{"advanced_seo_description":"","jetpack_seo_html_title":"","jetpack_seo_noindex":false,"_jetpack_memberships_contains_paid_content":false,"footnotes":""},"categories":[1],"tags":[],"class_list":["post-40945","post","type-post","status-publish","format-standard","has-post-thumbnail","hentry","category-cronica"],"jetpack_featured_media_url":"https:\/\/i0.wp.com\/eltrabajo.cl\/portal\/wp-content\/uploads\/2013\/12\/reunio-gobernacion-microbuseros.jpg?fit=529%2C353&ssl=1","jetpack_sharing_enabled":true,"jetpack_likes_enabled":true,"jetpack-related-posts":[],"_links":{"self":[{"href":"https:\/\/eltrabajo.cl\/portal\/wp-json\/wp\/v2\/posts\/40945","targetHints":{"allow":["GET"]}}],"collection":[{"href":"https:\/\/eltrabajo.cl\/portal\/wp-json\/wp\/v2\/posts"}],"about":[{"href":"https:\/\/eltrabajo.cl\/portal\/wp-json\/wp\/v2\/types\/post"}],"author":[{"embeddable":true,"href":"https:\/\/eltrabajo.cl\/portal\/wp-json\/wp\/v2\/users\/482"}],"replies":[{"embeddable":true,"href":"https:\/\/eltrabajo.cl\/portal\/wp-json\/wp\/v2\/comments?post=40945"}],"version-history":[{"count":0,"href":"https:\/\/eltrabajo.cl\/portal\/wp-json\/wp\/v2\/posts\/40945\/revisions"}],"wp:featuredmedia":[{"embeddable":true,"href":"https:\/\/eltrabajo.cl\/portal\/wp-json\/wp\/v2\/media\/40946"}],"wp:attachment":[{"href":"https:\/\/eltrabajo.cl\/portal\/wp-json\/wp\/v2\/media?parent=40945"}],"wp:term":[{"taxonomy":"category","embeddable":true,"href":"https:\/\/eltrabajo.cl\/portal\/wp-json\/wp\/v2\/categories?post=40945"},{"taxonomy":"post_tag","embeddable":true,"href":"https:\/\/eltrabajo.cl\/portal\/wp-json\/wp\/v2\/tags?post=40945"}],"curies":[{"name":"wp","href":"https:\/\/api.w.org\/{rel}","templated":true}]}}