{"id":40948,"date":"2013-12-20T09:51:59","date_gmt":"2013-12-20T12:51:59","guid":{"rendered":"http:\/\/www.eltrabajo.cl\/portal\/?p=40948"},"modified":"2013-12-20T09:51:59","modified_gmt":"2013-12-20T12:51:59","slug":"feria-de-artesanos-el-rastro-arranca-manana-en-la-plaza-de-armas","status":"publish","type":"post","link":"https:\/\/eltrabajo.cl\/portal\/feria-de-artesanos-el-rastro-arranca-manana-en-la-plaza-de-armas\/","title":{"rendered":"Feria de Artesanos \u2018El Rastro\u2019 arranca ma\u00f1ana en la Plaza de Armas"},"content":{"rendered":"<figure id=\"attachment_40949\" aria-describedby=\"caption-attachment-40949\" style=\"width: 529px\" class=\"wp-caption alignnone\"><a href=\"https:\/\/i0.wp.com\/www.eltrabajo.cl\/portal\/wp-content\/uploads\/2013\/12\/El-Rastro1.jpg\"><img data-recalc-dims=\"1\" loading=\"lazy\" decoding=\"async\" class=\"size-full wp-image-40949\" title=\"LOS ARTESANOS.- Ellos son parte de los integrantes de la Feria de Artesanos El Rastro. Estar\u00e1n varios d\u00edas en la Plaza de Armas de San Felipe ofreciendo sus productos.\" alt=\"LOS ARTESANOS.- Ellos son parte de los integrantes de la Feria de Artesanos El Rastro. Estar\u00e1n varios d\u00edas en la Plaza de Armas de San Felipe ofreciendo sus productos.\" src=\"https:\/\/i0.wp.com\/www.eltrabajo.cl\/portal\/wp-content\/uploads\/2013\/12\/El-Rastro1.jpg?resize=529%2C363\" width=\"529\" height=\"363\" srcset=\"https:\/\/i0.wp.com\/eltrabajo.cl\/portal\/wp-content\/uploads\/2013\/12\/El-Rastro1.jpg?w=529&amp;ssl=1 529w, https:\/\/i0.wp.com\/eltrabajo.cl\/portal\/wp-content\/uploads\/2013\/12\/El-Rastro1.jpg?resize=200%2C137&amp;ssl=1 200w, https:\/\/i0.wp.com\/eltrabajo.cl\/portal\/wp-content\/uploads\/2013\/12\/El-Rastro1.jpg?resize=300%2C205&amp;ssl=1 300w, https:\/\/i0.wp.com\/eltrabajo.cl\/portal\/wp-content\/uploads\/2013\/12\/El-Rastro1.jpg?resize=150%2C102&amp;ssl=1 150w, https:\/\/i0.wp.com\/eltrabajo.cl\/portal\/wp-content\/uploads\/2013\/12\/El-Rastro1.jpg?resize=400%2C274&amp;ssl=1 400w\" sizes=\"auto, (max-width: 529px) 100vw, 529px\" \/><\/a><figcaption id=\"caption-attachment-40949\" class=\"wp-caption-text\">LOS ARTESANOS.- Ellos son parte de los integrantes de la Feria de Artesanos El Rastro. Estar\u00e1n varios d\u00edas en la Plaza de Armas de San Felipe ofreciendo sus productos.<\/figcaption><\/figure>\n<p>Los amantes a las artesan\u00edas y productos naturales para el consumo humano, se arremolinar\u00e1n durante los d\u00edas s\u00e1bado, domingo, lunes y el pr\u00f3ximo martes en la Plaza de Armas de San Felipe, pues los integrantes de la Feria de Artesanos \u2018El Rastro\u2019, estar\u00e1n realizando su feria anual en el centro de la ciudad.<\/p>\n<figure id=\"attachment_40950\" aria-describedby=\"caption-attachment-40950\" style=\"width: 259px\" class=\"wp-caption alignright\"><a href=\"https:\/\/i0.wp.com\/www.eltrabajo.cl\/portal\/wp-content\/uploads\/2013\/12\/Olivia-Ramirez.jpg\"><img data-recalc-dims=\"1\" loading=\"lazy\" decoding=\"async\" class=\" wp-image-40950  \" title=\"AGENDITAS.- Olivia Ram\u00edrez, artesana que fabrica agenditas org\u00e1nicas, invit\u00f3 por medio de Diario El Trabajo a visitar la feria que inicia ma\u00f1ana s\u00e1bado y finaliza la tarde del martes.\" alt=\"AGENDITAS.- Olivia Ram\u00edrez, artesana que fabrica agenditas org\u00e1nicas, invit\u00f3 por medio de Diario El Trabajo a visitar la feria que inicia ma\u00f1ana s\u00e1bado y finaliza la tarde del martes.\" src=\"https:\/\/i0.wp.com\/www.eltrabajo.cl\/portal\/wp-content\/uploads\/2013\/12\/Olivia-Ramirez.jpg?resize=259%2C307\" width=\"259\" height=\"307\" srcset=\"https:\/\/i0.wp.com\/eltrabajo.cl\/portal\/wp-content\/uploads\/2013\/12\/Olivia-Ramirez.jpg?w=529&amp;ssl=1 529w, https:\/\/i0.wp.com\/eltrabajo.cl\/portal\/wp-content\/uploads\/2013\/12\/Olivia-Ramirez.jpg?resize=126%2C150&amp;ssl=1 126w, https:\/\/i0.wp.com\/eltrabajo.cl\/portal\/wp-content\/uploads\/2013\/12\/Olivia-Ramirez.jpg?resize=253%2C300&amp;ssl=1 253w, https:\/\/i0.wp.com\/eltrabajo.cl\/portal\/wp-content\/uploads\/2013\/12\/Olivia-Ramirez.jpg?resize=400%2C474&amp;ssl=1 400w\" sizes=\"auto, (max-width: 259px) 100vw, 259px\" \/><\/a><figcaption id=\"caption-attachment-40950\" class=\"wp-caption-text\">AGENDITAS.- Olivia Ram\u00edrez, artesana que fabrica agenditas org\u00e1nicas, invit\u00f3 por medio de Diario El Trabajo a visitar la feria que inicia ma\u00f1ana s\u00e1bado y finaliza la tarde del martes.<\/figcaption><\/figure>\n<p>La actividad la desarrollan m\u00e1s de 30 artesanos de la regi\u00f3n que desde hace algunos a\u00f1os vienen operando en las distintas ferias de Los Andes, San Felipe, Santa Mar\u00eda y Llay Llay.<\/p>\n<p>Por ejemplo Olivia Ram\u00edrez, fabrica \u00fatiles agendas y libretas hechas con papel org\u00e1nico, el material reciclado es m\u00e1s amigable con el Medio Ambiente.<\/p>\n<figure id=\"attachment_40953\" aria-describedby=\"caption-attachment-40953\" style=\"width: 222px\" class=\"wp-caption alignleft\"><a href=\"https:\/\/i0.wp.com\/www.eltrabajo.cl\/portal\/wp-content\/uploads\/2013\/12\/Lucia1.jpg\"><img data-recalc-dims=\"1\" loading=\"lazy\" decoding=\"async\" class=\" wp-image-40953  \" title=\"Luc\u00eda Bugue\u00f1o fabrica sus populares jabones org\u00e1nicos, tambi\u00e9n produce bolsos reversibles para la playa, su fono es 9001 3030.\" alt=\"Luc\u00eda Bugue\u00f1o fabrica sus populares jabones org\u00e1nicos, tambi\u00e9n produce bolsos reversibles para la playa, su fono es 9001 3030.\" src=\"https:\/\/i0.wp.com\/www.eltrabajo.cl\/portal\/wp-content\/uploads\/2013\/12\/Lucia1.jpg?resize=222%2C268\" width=\"222\" height=\"268\" srcset=\"https:\/\/i0.wp.com\/eltrabajo.cl\/portal\/wp-content\/uploads\/2013\/12\/Lucia1.jpg?w=529&amp;ssl=1 529w, https:\/\/i0.wp.com\/eltrabajo.cl\/portal\/wp-content\/uploads\/2013\/12\/Lucia1.jpg?resize=124%2C150&amp;ssl=1 124w, https:\/\/i0.wp.com\/eltrabajo.cl\/portal\/wp-content\/uploads\/2013\/12\/Lucia1.jpg?resize=248%2C300&amp;ssl=1 248w, https:\/\/i0.wp.com\/eltrabajo.cl\/portal\/wp-content\/uploads\/2013\/12\/Lucia1.jpg?resize=400%2C483&amp;ssl=1 400w\" sizes=\"auto, (max-width: 222px) 100vw, 222px\" \/><\/a><figcaption id=\"caption-attachment-40953\" class=\"wp-caption-text\">Luc\u00eda Bugue\u00f1o fabrica sus populares jabones org\u00e1nicos, tambi\u00e9n produce bolsos reversibles para la playa, su fono es 9001 3030.<\/figcaption><\/figure>\n<p>\u00abNuestro proyecto fue conocido hace muchos a\u00f1os como \u2018El Mercado de Las Pulgas\u2019, logramos nuestra Personer\u00eda Jur\u00eddica hace varios a\u00f1os y desde entonces nos ganamos la vida ofreciendo nuestras mejores creaciones\u201d, detall\u00f3 a Diario El Trabajo Ram\u00edrez, del Grupo Artesanal El Rastro.<\/p>\n<figure id=\"attachment_40954\" aria-describedby=\"caption-attachment-40954\" style=\"width: 259px\" class=\"wp-caption alignright\"><a href=\"https:\/\/i0.wp.com\/www.eltrabajo.cl\/portal\/wp-content\/uploads\/2013\/12\/Javier-Duran.jpg\"><img data-recalc-dims=\"1\" loading=\"lazy\" decoding=\"async\" class=\" wp-image-40954  \" title=\"UN ARTISTA.- Javier Dur\u00e1n hace trabajos en badana y dibujos en madera, sus trabajos estar\u00e1n disponibles en la feria, lo pueden llamar al fono 251 42 14.\" alt=\"UN ARTISTA.- Javier Dur\u00e1n hace trabajos en badana y dibujos en madera, sus trabajos estar\u00e1n disponibles en la feria, lo pueden llamar al fono 251 42 14.\" src=\"https:\/\/i0.wp.com\/www.eltrabajo.cl\/portal\/wp-content\/uploads\/2013\/12\/Javier-Duran.jpg?resize=259%2C346\" width=\"259\" height=\"346\" srcset=\"https:\/\/i0.wp.com\/eltrabajo.cl\/portal\/wp-content\/uploads\/2013\/12\/Javier-Duran.jpg?w=529&amp;ssl=1 529w, https:\/\/i0.wp.com\/eltrabajo.cl\/portal\/wp-content\/uploads\/2013\/12\/Javier-Duran.jpg?resize=112%2C150&amp;ssl=1 112w, https:\/\/i0.wp.com\/eltrabajo.cl\/portal\/wp-content\/uploads\/2013\/12\/Javier-Duran.jpg?resize=224%2C300&amp;ssl=1 224w, https:\/\/i0.wp.com\/eltrabajo.cl\/portal\/wp-content\/uploads\/2013\/12\/Javier-Duran.jpg?resize=400%2C533&amp;ssl=1 400w\" sizes=\"auto, (max-width: 259px) 100vw, 259px\" \/><\/a><figcaption id=\"caption-attachment-40954\" class=\"wp-caption-text\">UN ARTISTA.- Javier Dur\u00e1n hace trabajos en badana y dibujos en madera, sus trabajos estar\u00e1n disponibles en la feria, lo pueden llamar al fono 251 42 14.<\/figcaption><\/figure>\n<p>Productos derivados de la miel, agendas de papel org\u00e1nico, collares de madera y jade, plantas florales, ba\u00fales de madera, cer\u00e1mica de arcilla y jabones elaborados a base de hierbas, son s\u00f3lo parte del men\u00fa disponible para quienes visiten esta feria en la plaza de armas.<\/p>\n<p>Lo importante en nuestro grupo de artesanos, es que no se permiten m\u00e1s de dos productores con el mismo producto, esto porque habr\u00eda una competencia muy agresiva que no permitir\u00eda ganancias justas para los participantes.<\/p>\n<p>Roberto Gonz\u00e1lez Short<\/p>\n<p>rgonzalez@eltrabajo.cl<\/p>\n<p>&nbsp;<\/p>\n","protected":false},"excerpt":{"rendered":"<p>Los amantes a las artesan\u00edas y productos naturales para el consumo humano, se arremolinar\u00e1n durante los d\u00edas s\u00e1bado, domingo, lunes y el pr\u00f3ximo martes en la Plaza de Armas de San Felipe,&#8230;<\/p>\n","protected":false},"author":482,"featured_media":40949,"comment_status":"open","ping_status":"closed","sticky":false,"template":"","format":"standard","meta":{"advanced_seo_description":"","jetpack_seo_html_title":"","jetpack_seo_noindex":false,"_jetpack_memberships_contains_paid_content":false,"footnotes":""},"categories":[15],"tags":[],"class_list":["post-40948","post","type-post","status-publish","format-standard","has-post-thumbnail","hentry","category-comunidad"],"jetpack_featured_media_url":"https:\/\/i0.wp.com\/eltrabajo.cl\/portal\/wp-content\/uploads\/2013\/12\/El-Rastro1.jpg?fit=529%2C363&ssl=1","jetpack_sharing_enabled":true,"jetpack_likes_enabled":true,"jetpack-related-posts":[],"_links":{"self":[{"href":"https:\/\/eltrabajo.cl\/portal\/wp-json\/wp\/v2\/posts\/40948","targetHints":{"allow":["GET"]}}],"collection":[{"href":"https:\/\/eltrabajo.cl\/portal\/wp-json\/wp\/v2\/posts"}],"about":[{"href":"https:\/\/eltrabajo.cl\/portal\/wp-json\/wp\/v2\/types\/post"}],"author":[{"embeddable":true,"href":"https:\/\/eltrabajo.cl\/portal\/wp-json\/wp\/v2\/users\/482"}],"replies":[{"embeddable":true,"href":"https:\/\/eltrabajo.cl\/portal\/wp-json\/wp\/v2\/comments?post=40948"}],"version-history":[{"count":0,"href":"https:\/\/eltrabajo.cl\/portal\/wp-json\/wp\/v2\/posts\/40948\/revisions"}],"wp:featuredmedia":[{"embeddable":true,"href":"https:\/\/eltrabajo.cl\/portal\/wp-json\/wp\/v2\/media\/40949"}],"wp:attachment":[{"href":"https:\/\/eltrabajo.cl\/portal\/wp-json\/wp\/v2\/media?parent=40948"}],"wp:term":[{"taxonomy":"category","embeddable":true,"href":"https:\/\/eltrabajo.cl\/portal\/wp-json\/wp\/v2\/categories?post=40948"},{"taxonomy":"post_tag","embeddable":true,"href":"https:\/\/eltrabajo.cl\/portal\/wp-json\/wp\/v2\/tags?post=40948"}],"curies":[{"name":"wp","href":"https:\/\/api.w.org\/{rel}","templated":true}]}}