{"id":40964,"date":"2013-12-20T10:13:51","date_gmt":"2013-12-20T13:13:51","guid":{"rendered":"http:\/\/www.eltrabajo.cl\/portal\/?p=40964"},"modified":"2013-12-20T10:13:51","modified_gmt":"2013-12-20T13:13:51","slug":"alcalde-patricio-freire-entrego-regalos-a-ninos-de-diversos-sectores-de-san-felipe","status":"publish","type":"post","link":"https:\/\/eltrabajo.cl\/portal\/alcalde-patricio-freire-entrego-regalos-a-ninos-de-diversos-sectores-de-san-felipe\/","title":{"rendered":"Alcalde Patricio Freire entreg\u00f3 regalos a ni\u00f1os de diversos sectores de San Felipe"},"content":{"rendered":"<figure id=\"attachment_40965\" aria-describedby=\"caption-attachment-40965\" style=\"width: 528px\" class=\"wp-caption alignnone\"><a href=\"https:\/\/i0.wp.com\/www.eltrabajo.cl\/portal\/wp-content\/uploads\/2013\/12\/juntas-de-vecinos.jpg\"><img data-recalc-dims=\"1\" loading=\"lazy\" decoding=\"async\" class=\"size-full wp-image-40965\" title=\"Este martes se hizo entrega de los regalos a las directivas de las Juntas de Vecinos, quienes en estos d\u00edas est\u00e1n organizando en cada sector su fiesta navide\u00f1a para entreg\u00e1rselos a los peque\u00f1os.\" alt=\"Este martes se hizo entrega de los regalos a las directivas de las Juntas de Vecinos, quienes en estos d\u00edas est\u00e1n organizando en cada sector su fiesta navide\u00f1a para entreg\u00e1rselos a los peque\u00f1os.\" src=\"https:\/\/i0.wp.com\/www.eltrabajo.cl\/portal\/wp-content\/uploads\/2013\/12\/juntas-de-vecinos.jpg?resize=528%2C315\" width=\"528\" height=\"315\" srcset=\"https:\/\/i0.wp.com\/eltrabajo.cl\/portal\/wp-content\/uploads\/2013\/12\/juntas-de-vecinos.jpg?w=528&amp;ssl=1 528w, https:\/\/i0.wp.com\/eltrabajo.cl\/portal\/wp-content\/uploads\/2013\/12\/juntas-de-vecinos.jpg?resize=200%2C119&amp;ssl=1 200w, https:\/\/i0.wp.com\/eltrabajo.cl\/portal\/wp-content\/uploads\/2013\/12\/juntas-de-vecinos.jpg?resize=300%2C178&amp;ssl=1 300w, https:\/\/i0.wp.com\/eltrabajo.cl\/portal\/wp-content\/uploads\/2013\/12\/juntas-de-vecinos.jpg?resize=150%2C89&amp;ssl=1 150w, https:\/\/i0.wp.com\/eltrabajo.cl\/portal\/wp-content\/uploads\/2013\/12\/juntas-de-vecinos.jpg?resize=400%2C238&amp;ssl=1 400w\" sizes=\"auto, (max-width: 528px) 100vw, 528px\" \/><\/a><figcaption id=\"caption-attachment-40965\" class=\"wp-caption-text\">Este martes se hizo entrega de los regalos a las directivas de las Juntas de Vecinos, quienes en estos d\u00edas est\u00e1n organizando en cada sector su fiesta navide\u00f1a para entreg\u00e1rselos a los peque\u00f1os.<\/figcaption><\/figure>\n<p>Se acerca la Navidad, una de las fechas m\u00e1s especiales para los ni\u00f1os de todo el mundo y en nuestra comuna ya se vive ese esp\u00edritu especial.<\/p>\n<figure id=\"attachment_40966\" aria-describedby=\"caption-attachment-40966\" style=\"width: 370px\" class=\"wp-caption alignright\"><a href=\"https:\/\/i0.wp.com\/www.eltrabajo.cl\/portal\/wp-content\/uploads\/2013\/12\/escuela-sagrado-corazon-2.jpg\"><img data-recalc-dims=\"1\" loading=\"lazy\" decoding=\"async\" class=\" wp-image-40966 \" title=\"En la Escuela Sagrado Coraz\u00f3n, el Alcalde Patricio Freire comparti\u00f3 con los ni\u00f1os y les entreg\u00f3 algunos regalos. \" alt=\"En la Escuela Sagrado Coraz\u00f3n, el Alcalde Patricio Freire comparti\u00f3 con los ni\u00f1os y les entreg\u00f3 algunos regalos. \" src=\"https:\/\/i0.wp.com\/www.eltrabajo.cl\/portal\/wp-content\/uploads\/2013\/12\/escuela-sagrado-corazon-2.jpg?resize=370%2C248\" width=\"370\" height=\"248\" srcset=\"https:\/\/i0.wp.com\/eltrabajo.cl\/portal\/wp-content\/uploads\/2013\/12\/escuela-sagrado-corazon-2.jpg?w=529&amp;ssl=1 529w, https:\/\/i0.wp.com\/eltrabajo.cl\/portal\/wp-content\/uploads\/2013\/12\/escuela-sagrado-corazon-2.jpg?resize=200%2C134&amp;ssl=1 200w, https:\/\/i0.wp.com\/eltrabajo.cl\/portal\/wp-content\/uploads\/2013\/12\/escuela-sagrado-corazon-2.jpg?resize=300%2C201&amp;ssl=1 300w, https:\/\/i0.wp.com\/eltrabajo.cl\/portal\/wp-content\/uploads\/2013\/12\/escuela-sagrado-corazon-2.jpg?resize=150%2C100&amp;ssl=1 150w, https:\/\/i0.wp.com\/eltrabajo.cl\/portal\/wp-content\/uploads\/2013\/12\/escuela-sagrado-corazon-2.jpg?resize=400%2C268&amp;ssl=1 400w\" sizes=\"auto, (max-width: 370px) 100vw, 370px\" \/><\/a><figcaption id=\"caption-attachment-40966\" class=\"wp-caption-text\">En la Escuela Sagrado Coraz\u00f3n, el Alcalde Patricio Freire comparti\u00f3 con los ni\u00f1os y les entreg\u00f3 algunos regalos.<\/figcaption><\/figure>\n<p>Es por eso que el Alcalde Patricio Freire durante toda esta semana se ha trasladado hasta distintos lugares para entregar algunos regalos.<\/p>\n<p>Es as\u00ed que el martes 17 se hizo entrega de los regalos a las directivas de las Juntas de Vecinos, quienes en estos d\u00edas est\u00e1n organizando en cada sector su fiesta navide\u00f1a para entreg\u00e1rselos a los peque\u00f1os.<\/p>\n<figure id=\"attachment_40967\" aria-describedby=\"caption-attachment-40967\" style=\"width: 370px\" class=\"wp-caption alignleft\"><a href=\"https:\/\/i0.wp.com\/www.eltrabajo.cl\/portal\/wp-content\/uploads\/2013\/12\/regalos-gendarmeria..jpg\"><img data-recalc-dims=\"1\" loading=\"lazy\" decoding=\"async\" class=\" wp-image-40967 \" title=\"El Dideco Pablo Silva se  traslad\u00f3 hasta el Centro de Cumplimiento Penitenciario y entreg\u00f3 decenas de regalos para los hijos e hijas de los reclusos.\" alt=\"El Dideco Pablo Silva se  traslad\u00f3 hasta el Centro de Cumplimiento Penitenciario y entreg\u00f3 decenas de regalos para los hijos e hijas de los reclusos.\" src=\"https:\/\/i0.wp.com\/www.eltrabajo.cl\/portal\/wp-content\/uploads\/2013\/12\/regalos-gendarmeria..jpg?resize=370%2C278\" width=\"370\" height=\"278\" srcset=\"https:\/\/i0.wp.com\/eltrabajo.cl\/portal\/wp-content\/uploads\/2013\/12\/regalos-gendarmeria..jpg?w=528&amp;ssl=1 528w, https:\/\/i0.wp.com\/eltrabajo.cl\/portal\/wp-content\/uploads\/2013\/12\/regalos-gendarmeria..jpg?resize=200%2C150&amp;ssl=1 200w, https:\/\/i0.wp.com\/eltrabajo.cl\/portal\/wp-content\/uploads\/2013\/12\/regalos-gendarmeria..jpg?resize=300%2C225&amp;ssl=1 300w, https:\/\/i0.wp.com\/eltrabajo.cl\/portal\/wp-content\/uploads\/2013\/12\/regalos-gendarmeria..jpg?resize=150%2C112&amp;ssl=1 150w, https:\/\/i0.wp.com\/eltrabajo.cl\/portal\/wp-content\/uploads\/2013\/12\/regalos-gendarmeria..jpg?resize=400%2C300&amp;ssl=1 400w\" sizes=\"auto, (max-width: 370px) 100vw, 370px\" \/><\/a><figcaption id=\"caption-attachment-40967\" class=\"wp-caption-text\">El Dideco Pablo Silva se traslad\u00f3 hasta el Centro de Cumplimiento Penitenciario y entreg\u00f3 decenas de regalos para los hijos e hijas de los reclusos.<\/figcaption><\/figure>\n<p>Este mi\u00e9rcoles en tanto se traslad\u00f3 hasta la Escuela Sagrado Coraz\u00f3n para compartir con los ni\u00f1os que asisten a este establecimiento y tambi\u00e9n entregarles regalos. Visiblemente emocionado por el trabajo que se realiza al interior del establecimiento con estos ni\u00f1os y adolescentes, el Alcalde Freire coment\u00f3 que \u00e9l vive de cerca la realidad de los ni\u00f1os con capacidades distintas, por ello se\u00f1al\u00f3 que el Municipio impulsar\u00e1 el trabajo con estos alumnos.<\/p>\n<p>&nbsp;<\/p>\n<p>\u201cMuy feliz de estar ac\u00e1, entreg\u00e1ndoles unos presentes, son 96 ni\u00f1os con capacidades diferentes y creo que aqu\u00ed es donde debemos estar siempre, apoyando el colegio, porque es una escuela donde estamos poniendo el mayor \u00e9nfasis en hacer un proyecto junto a la direcci\u00f3n para aumento de salas, son muchas cosas que estamos trabajando en conjunto. A estos ni\u00f1os tenemos que apoyarlos, porque tambi\u00e9n son el futuro de San Felipe y queremos que tengan un futuro diferente\u201d, dijo el jefe comunal.<\/p>\n<p>En tanto el Director de Desarrollo Comunitario, Pablo Silva, por encargo del Alcalde Freire se traslad\u00f3 hasta el Centro de Cumplimiento Penitenciario y entreg\u00f3 decenas de regalos para los hijos e hijas de los reclusos, que se encuentran cumpliendo condena al interior de este recinto.<\/p>\n<p>En todos estos lugares, y a todos los vecinos en general, el Alcalde Freire entreg\u00f3 su mensaje de Navidad, se\u00f1alando que esta fecha ojal\u00e1 sean una instancia de encuentro familiar y la oportunidad de entregar lo mejor de cada uno.<\/p>\n<p>\u201cQue el esp\u00edritu navide\u00f1o nos llene de ilusi\u00f3n y esperanza, para que el pr\u00f3ximo a\u00f1o logremos todo lo que nos hemos propuesto\u201d, dese\u00f3 el jefe comunal a todos los vecinos de su querido San Felipe.<\/p>\n<p>&nbsp;<\/p>\n","protected":false},"excerpt":{"rendered":"<p>Se acerca la Navidad, una de las fechas m\u00e1s especiales para los ni\u00f1os de todo el mundo y en nuestra comuna ya se vive ese esp\u00edritu especial. Es por eso que el&#8230;<\/p>\n","protected":false},"author":482,"featured_media":40965,"comment_status":"open","ping_status":"closed","sticky":false,"template":"","format":"standard","meta":{"advanced_seo_description":"","jetpack_seo_html_title":"","jetpack_seo_noindex":false,"_jetpack_memberships_contains_paid_content":false,"footnotes":""},"categories":[15],"tags":[],"class_list":["post-40964","post","type-post","status-publish","format-standard","has-post-thumbnail","hentry","category-comunidad"],"jetpack_featured_media_url":"https:\/\/i0.wp.com\/eltrabajo.cl\/portal\/wp-content\/uploads\/2013\/12\/juntas-de-vecinos.jpg?fit=528%2C315&ssl=1","jetpack_sharing_enabled":true,"jetpack_likes_enabled":true,"jetpack-related-posts":[],"_links":{"self":[{"href":"https:\/\/eltrabajo.cl\/portal\/wp-json\/wp\/v2\/posts\/40964","targetHints":{"allow":["GET"]}}],"collection":[{"href":"https:\/\/eltrabajo.cl\/portal\/wp-json\/wp\/v2\/posts"}],"about":[{"href":"https:\/\/eltrabajo.cl\/portal\/wp-json\/wp\/v2\/types\/post"}],"author":[{"embeddable":true,"href":"https:\/\/eltrabajo.cl\/portal\/wp-json\/wp\/v2\/users\/482"}],"replies":[{"embeddable":true,"href":"https:\/\/eltrabajo.cl\/portal\/wp-json\/wp\/v2\/comments?post=40964"}],"version-history":[{"count":0,"href":"https:\/\/eltrabajo.cl\/portal\/wp-json\/wp\/v2\/posts\/40964\/revisions"}],"wp:featuredmedia":[{"embeddable":true,"href":"https:\/\/eltrabajo.cl\/portal\/wp-json\/wp\/v2\/media\/40965"}],"wp:attachment":[{"href":"https:\/\/eltrabajo.cl\/portal\/wp-json\/wp\/v2\/media?parent=40964"}],"wp:term":[{"taxonomy":"category","embeddable":true,"href":"https:\/\/eltrabajo.cl\/portal\/wp-json\/wp\/v2\/categories?post=40964"},{"taxonomy":"post_tag","embeddable":true,"href":"https:\/\/eltrabajo.cl\/portal\/wp-json\/wp\/v2\/tags?post=40964"}],"curies":[{"name":"wp","href":"https:\/\/api.w.org\/{rel}","templated":true}]}}