{"id":40971,"date":"2013-12-20T10:16:43","date_gmt":"2013-12-20T13:16:43","guid":{"rendered":"http:\/\/www.eltrabajo.cl\/portal\/?p=40971"},"modified":"2013-12-20T10:16:43","modified_gmt":"2013-12-20T13:16:43","slug":"dura-critica-a-samu-aconcagua-por-demora-en-atencion-a-victimas-de-incendio","status":"publish","type":"post","link":"https:\/\/eltrabajo.cl\/portal\/dura-critica-a-samu-aconcagua-por-demora-en-atencion-a-victimas-de-incendio\/","title":{"rendered":"Dura cr\u00edtica a Samu Aconcagua por demora en atenci\u00f3n a v\u00edctimas de incendio"},"content":{"rendered":"<figure id=\"attachment_40972\" aria-describedby=\"caption-attachment-40972\" style=\"width: 529px\" class=\"wp-caption alignnone\"><a href=\"https:\/\/i0.wp.com\/www.eltrabajo.cl\/portal\/wp-content\/uploads\/2013\/12\/Samu-2.jpg\"><img data-recalc-dims=\"1\" loading=\"lazy\" decoding=\"async\" class=\"size-full wp-image-40972\" title=\"La tardanza en la llegada de la ambulancia al lugar del incendio, deja de manifiesto una vez m\u00e1s la necesidad de contar con base de Samu en Llay Llay.\" alt=\"La tardanza en la llegada de la ambulancia al lugar del incendio, deja de manifiesto una vez m\u00e1s la necesidad de contar con base de Samu en Llay Llay.\" src=\"https:\/\/i0.wp.com\/www.eltrabajo.cl\/portal\/wp-content\/uploads\/2013\/12\/Samu-2.jpg?resize=529%2C397\" width=\"529\" height=\"397\" srcset=\"https:\/\/i0.wp.com\/eltrabajo.cl\/portal\/wp-content\/uploads\/2013\/12\/Samu-2.jpg?w=529&amp;ssl=1 529w, https:\/\/i0.wp.com\/eltrabajo.cl\/portal\/wp-content\/uploads\/2013\/12\/Samu-2.jpg?resize=200%2C150&amp;ssl=1 200w, https:\/\/i0.wp.com\/eltrabajo.cl\/portal\/wp-content\/uploads\/2013\/12\/Samu-2.jpg?resize=300%2C225&amp;ssl=1 300w, https:\/\/i0.wp.com\/eltrabajo.cl\/portal\/wp-content\/uploads\/2013\/12\/Samu-2.jpg?resize=150%2C112&amp;ssl=1 150w, https:\/\/i0.wp.com\/eltrabajo.cl\/portal\/wp-content\/uploads\/2013\/12\/Samu-2.jpg?resize=400%2C300&amp;ssl=1 400w\" sizes=\"auto, (max-width: 529px) 100vw, 529px\" \/><\/a><figcaption id=\"caption-attachment-40972\" class=\"wp-caption-text\">La tardanza en la llegada de la ambulancia al lugar del incendio, deja de manifiesto una vez m\u00e1s la necesidad de contar con base de Samu en Llay Llay.<\/figcaption><\/figure>\n<ul>\n<li><strong>Concejal de Llay Llay manifest\u00f3 que pese a que fue la operadora de Bomberos quien pidi\u00f3 la ambulancia, le realizaron una serie de consultas relativas a los pacientes, en tanto que se les envi\u00f3 un veh\u00edculo con m\u00ednimas condiciones para atender a personas que estaban graves, incluso, el ni\u00f1o presentaba un paro cardio respiratorio.<\/strong><\/li>\n<\/ul>\n<p>Una dura cr\u00edtica al Samu Aconcagua realiz\u00f3 el concejal de Llay Llay Mesala Gonz\u00e1lez, a prop\u00f3sito de la excesiva demora del personal especializado para brindar la atenci\u00f3n y por supuesto, de la ambulancia que trasladara al hospital, a los moradores de la vivienda de la Villa Chagres, entre los cuales figura un ni\u00f1o de 6 a\u00f1os de edad que presentaba un paro cardio respiratorio y un severo da\u00f1o en sus v\u00edas respiratorias.<\/p>\n<figure id=\"attachment_40973\" aria-describedby=\"caption-attachment-40973\" style=\"width: 317px\" class=\"wp-caption alignleft\"><a href=\"https:\/\/i0.wp.com\/www.eltrabajo.cl\/portal\/wp-content\/uploads\/2013\/12\/Llay-Llay-mesala-gonzalez.jpg\"><img data-recalc-dims=\"1\" loading=\"lazy\" decoding=\"async\" class=\" wp-image-40973 \" title=\"Mesala Gonz\u00e1lez, concejal de Llay Llay.\" alt=\"Mesala Gonz\u00e1lez, concejal de Llay Llay.\" src=\"https:\/\/i0.wp.com\/www.eltrabajo.cl\/portal\/wp-content\/uploads\/2013\/12\/Llay-Llay-mesala-gonzalez.jpg?resize=317%2C238\" width=\"317\" height=\"238\" srcset=\"https:\/\/i0.wp.com\/eltrabajo.cl\/portal\/wp-content\/uploads\/2013\/12\/Llay-Llay-mesala-gonzalez.jpg?w=528&amp;ssl=1 528w, https:\/\/i0.wp.com\/eltrabajo.cl\/portal\/wp-content\/uploads\/2013\/12\/Llay-Llay-mesala-gonzalez.jpg?resize=200%2C150&amp;ssl=1 200w, https:\/\/i0.wp.com\/eltrabajo.cl\/portal\/wp-content\/uploads\/2013\/12\/Llay-Llay-mesala-gonzalez.jpg?resize=300%2C225&amp;ssl=1 300w, https:\/\/i0.wp.com\/eltrabajo.cl\/portal\/wp-content\/uploads\/2013\/12\/Llay-Llay-mesala-gonzalez.jpg?resize=150%2C112&amp;ssl=1 150w, https:\/\/i0.wp.com\/eltrabajo.cl\/portal\/wp-content\/uploads\/2013\/12\/Llay-Llay-mesala-gonzalez.jpg?resize=400%2C300&amp;ssl=1 400w\" sizes=\"auto, (max-width: 317px) 100vw, 317px\" \/><\/a><figcaption id=\"caption-attachment-40973\" class=\"wp-caption-text\">Mesala Gonz\u00e1lez, concejal de Llay Llay.<\/figcaption><\/figure>\n<p>Seg\u00fan asever\u00f3 el concejal, la ambulancia tard\u00f3 media hora en llegar al lugar donde se le requer\u00eda, por lo que fueron los voluntarios de Bomberos quienes realizaron las primeras atenciones a las v\u00edctimas del incendio, una madre, su hijo de 6 a\u00f1os y un sobrino de 20 que estaban en muy malas condiciones, ya que estaban encerrados en la casa y fue muy dif\u00edcil su rescate.<\/p>\n<p>\u201cBomberos concurri\u00f3 lo m\u00e1s r\u00e1pido posible, rescataron a los adultos y al peque\u00f1o que estaba en muy malas condiciones. Se llam\u00f3 al Samu, pero como no llegaban, los bomberos con sus profesionales debieron brindarles las primeras atenciones, y fueron un matr\u00f3n y un enfermero que hicieron la reanimaci\u00f3n cardio pulmonar al menor, que estaba con sus signos vitales al m\u00ednimo\u201d, se\u00f1al\u00f3 el concejal.<\/p>\n<p>El concejal ha logrado establecer que la operadora de la Central de Comunicaciones de Bomberos, fue quien \u2013una vez enterada que hab\u00eda personas al interior de la casa en llamas- inform\u00f3 al Samu y solicit\u00f3 una ambulancia, siendo atendida por una persona que le realiz\u00f3 una serie de consultas, casi aplicando un cuestionario, en circunstancias que era absolutamente claro e identificable el llamado de una instituci\u00f3n respetable como es Bomberos y no hab\u00eda dudas de que esto no era una broma.<\/p>\n<p>\u201cSi se trata de bomberos quien est\u00e1 pidiendo una ambulancia, pienso que no debiesen realizarle tantas consultas, porque estamos en presencia de profesionales de la emergencia que saben distinguir si efectivamente se requiere de Samu\u201d, indic\u00f3 Gonz\u00e1lez.<\/p>\n<p>A\u00f1adi\u00f3 que para peor, cuando finalmente lleg\u00f3 la ambulancia \u2013media hora despu\u00e9s de ser solicitada- arrib\u00f3 un veh\u00edculo que ten\u00eda las m\u00ednimas condiciones para atender a un menor de edad con un paro cardio respiratorio, lo que les resulta a\u00fan m\u00e1s cuestionable.<\/p>\n<p>Consultado el concejal si la distancia entre el hospital y el tiempo de viaje del veh\u00edculo son proporcionales, se\u00f1al\u00f3 que en ning\u00fan caso, ya que si hab\u00eda una ambulancia disponible en el Hospital San Francisco y \u00e9sta se envi\u00f3 desde ese centro asistencial, \u00e9sta no debi\u00f3 demorar m\u00e1s de un minuto.<\/p>\n<p>Mesala Gonz\u00e1lez dijo desconocer si la ambulancia fue enviada desde San Felipe (donde est\u00e1 la base de Samu) o desde el Hospital de Llay Llay, no obstante fue enf\u00e1tico en se\u00f1alar que es del todo necesario contar en esa comuna con una base de Samu, ya que al ser enviadas desde la capital provincial los veh\u00edculos, \u00e9stos en el mejor de los casos van a demorar 25 minutos, lo que puede ser decisivo cuando est\u00e1 en juego la vida de una persona.<\/p>\n<p>\u201cEsta es una cr\u00edtica que hemos hecho por a\u00f1os, desde que nos sacaron el Samu Llay Llay. Nosotros necesitamos una base de Samu en nuestra comuna, con una o dos ambulancias, ya que adem\u00e1s tenemos dos rutas importantes (5 Norte y Ch-60), lo que significa que se registran numerosos accidentes y por lo tanto, se hace urgente tener este servicio en nuestra comuna\u201d, puntualiz\u00f3 el concejal.<\/p>\n","protected":false},"excerpt":{"rendered":"<p>Concejal de Llay Llay manifest\u00f3 que pese a que fue la operadora de Bomberos quien pidi\u00f3 la ambulancia, le realizaron una serie de consultas relativas a los pacientes, en tanto que se&#8230;<\/p>\n","protected":false},"author":482,"featured_media":40972,"comment_status":"open","ping_status":"closed","sticky":false,"template":"","format":"standard","meta":{"advanced_seo_description":"","jetpack_seo_html_title":"","jetpack_seo_noindex":false,"_jetpack_memberships_contains_paid_content":false,"footnotes":""},"categories":[15],"tags":[],"class_list":["post-40971","post","type-post","status-publish","format-standard","has-post-thumbnail","hentry","category-comunidad"],"jetpack_featured_media_url":"https:\/\/i0.wp.com\/eltrabajo.cl\/portal\/wp-content\/uploads\/2013\/12\/Samu-2.jpg?fit=529%2C397&ssl=1","jetpack_sharing_enabled":true,"jetpack_likes_enabled":true,"jetpack-related-posts":[],"_links":{"self":[{"href":"https:\/\/eltrabajo.cl\/portal\/wp-json\/wp\/v2\/posts\/40971","targetHints":{"allow":["GET"]}}],"collection":[{"href":"https:\/\/eltrabajo.cl\/portal\/wp-json\/wp\/v2\/posts"}],"about":[{"href":"https:\/\/eltrabajo.cl\/portal\/wp-json\/wp\/v2\/types\/post"}],"author":[{"embeddable":true,"href":"https:\/\/eltrabajo.cl\/portal\/wp-json\/wp\/v2\/users\/482"}],"replies":[{"embeddable":true,"href":"https:\/\/eltrabajo.cl\/portal\/wp-json\/wp\/v2\/comments?post=40971"}],"version-history":[{"count":0,"href":"https:\/\/eltrabajo.cl\/portal\/wp-json\/wp\/v2\/posts\/40971\/revisions"}],"wp:featuredmedia":[{"embeddable":true,"href":"https:\/\/eltrabajo.cl\/portal\/wp-json\/wp\/v2\/media\/40972"}],"wp:attachment":[{"href":"https:\/\/eltrabajo.cl\/portal\/wp-json\/wp\/v2\/media?parent=40971"}],"wp:term":[{"taxonomy":"category","embeddable":true,"href":"https:\/\/eltrabajo.cl\/portal\/wp-json\/wp\/v2\/categories?post=40971"},{"taxonomy":"post_tag","embeddable":true,"href":"https:\/\/eltrabajo.cl\/portal\/wp-json\/wp\/v2\/tags?post=40971"}],"curies":[{"name":"wp","href":"https:\/\/api.w.org\/{rel}","templated":true}]}}