{"id":40976,"date":"2013-12-20T10:24:57","date_gmt":"2013-12-20T13:24:57","guid":{"rendered":"http:\/\/www.eltrabajo.cl\/portal\/?p=40976"},"modified":"2013-12-20T10:24:57","modified_gmt":"2013-12-20T13:24:57","slug":"todos-pasaran-navidad-con-regalos-nosotros-solo-pedimos-agua-potable","status":"publish","type":"post","link":"https:\/\/eltrabajo.cl\/portal\/todos-pasaran-navidad-con-regalos-nosotros-solo-pedimos-agua-potable\/","title":{"rendered":"\u201cTodos pasar\u00e1n Navidad con regalos, nosotros s\u00f3lo pedimos agua potable\u201d"},"content":{"rendered":"<figure id=\"attachment_40977\" aria-describedby=\"caption-attachment-40977\" style=\"width: 370px\" class=\"wp-caption alignleft\"><a href=\"https:\/\/i0.wp.com\/www.eltrabajo.cl\/portal\/wp-content\/uploads\/2013\/12\/Lagrimas1.jpg\"><img data-recalc-dims=\"1\" loading=\"lazy\" decoding=\"async\" class=\" wp-image-40977 \" title=\"APOYEMOS.- A veces es hambre y a veces es sed, lo cierto de nuestra historia es que en mucho podemos ayudar a esta familia sanfelipe\u00f1a compartiendo con ella o sus hijos alguna ayuda. Informes: 8433 8258.\" alt=\"APOYEMOS.- A veces es hambre y a veces es sed, lo cierto de nuestra historia es que en mucho podemos ayudar a esta familia sanfelipe\u00f1a compartiendo con ella o sus hijos alguna ayuda. Informes: 8433 8258.\" src=\"https:\/\/i0.wp.com\/www.eltrabajo.cl\/portal\/wp-content\/uploads\/2013\/12\/Lagrimas1.jpg?resize=370%2C278\" width=\"370\" height=\"278\" srcset=\"https:\/\/i0.wp.com\/eltrabajo.cl\/portal\/wp-content\/uploads\/2013\/12\/Lagrimas1.jpg?w=528&amp;ssl=1 528w, https:\/\/i0.wp.com\/eltrabajo.cl\/portal\/wp-content\/uploads\/2013\/12\/Lagrimas1.jpg?resize=200%2C150&amp;ssl=1 200w, https:\/\/i0.wp.com\/eltrabajo.cl\/portal\/wp-content\/uploads\/2013\/12\/Lagrimas1.jpg?resize=300%2C225&amp;ssl=1 300w, https:\/\/i0.wp.com\/eltrabajo.cl\/portal\/wp-content\/uploads\/2013\/12\/Lagrimas1.jpg?resize=150%2C112&amp;ssl=1 150w, https:\/\/i0.wp.com\/eltrabajo.cl\/portal\/wp-content\/uploads\/2013\/12\/Lagrimas1.jpg?resize=400%2C300&amp;ssl=1 400w\" sizes=\"auto, (max-width: 370px) 100vw, 370px\" \/><\/a><figcaption id=\"caption-attachment-40977\" class=\"wp-caption-text\">APOYEMOS.- A veces es hambre y a veces es sed, lo cierto de nuestra historia es que en mucho podemos ayudar a esta familia sanfelipe\u00f1a compartiendo con ella o sus hijos alguna ayuda. Informes: 8433 8258.<\/figcaption><\/figure>\n<p>En estos d\u00edas, propiamente antes de Navidad, cuando millones de chilenos corren como locos para comprar para sus seres queridos el mejor regalo y a veces, hasta el m\u00e1s caro de la tienda, es cuando nos envuelve el frenes\u00ed por gastar y disparar billetes para lograr que a nuestros hijos nadie les mire de reojo en el barrio, sin embargo, paralelo a esta relativa felicidad estereotipada por lo que digan las tiendas y campa\u00f1as publicitarias, hoy en Diario El Trabajo conoceremos la historia de una familia sanfelipe\u00f1a que pr\u00e1cticamente nada tiene, sea Navidad o no.<\/p>\n<p>\u00bfQu\u00e9 significa tener nada en estos tiempos? Podemos referirnos a carecer de conexi\u00f3n a Internet; una cocinita para preparar los alimentos del d\u00eda; una cama para no pedir prestado un viejo colch\u00f3n a los vecinos y tambi\u00e9n no contar ni con agua potable para poder ba\u00f1arse en casa.<\/p>\n<p>&nbsp;<\/p>\n<p><strong>POBREZA EXTREMA<\/strong><\/p>\n<p>Las c\u00e1maras de Diario El Trabajo registraron las condiciones en las que vive Nathalie Escobar de 24 a\u00f1os con sus tres hijos, los cuales dos de ellos estaban en un jard\u00edn infantil y su pareja, Jonathan Marilao, trabajando en la recolecci\u00f3n de palta, por lo que s\u00f3lo a ella y a su guag\u00fcita de un a\u00f1o pudimos encontrar en la media agua en donde viven, esto es en el cerro Yevide, sector de La Puntilla en Almendral.<\/p>\n<figure id=\"attachment_40978\" aria-describedby=\"caption-attachment-40978\" style=\"width: 370px\" class=\"wp-caption alignright\"><a href=\"https:\/\/i0.wp.com\/www.eltrabajo.cl\/portal\/wp-content\/uploads\/2013\/12\/Perilla1.jpg\"><img data-recalc-dims=\"1\" loading=\"lazy\" decoding=\"async\" class=\"wp-image-40978 \" title=\"ACTUEMOS.- Podrida y en muy mal estado, as\u00ed est\u00e1n las perillas y parrilla de la vieja cocina de Nathalie Escobar. Las palabras est\u00e1n dem\u00e1s, debemos actuar.\" alt=\"ACTUEMOS.- Podrida y en muy mal estado, as\u00ed est\u00e1n las perillas y parrilla de la vieja cocina de Nathalie Escobar. Las palabras est\u00e1n dem\u00e1s, debemos actuar.\" src=\"https:\/\/i0.wp.com\/www.eltrabajo.cl\/portal\/wp-content\/uploads\/2013\/12\/Perilla1.jpg?resize=370%2C273\" width=\"370\" height=\"273\" srcset=\"https:\/\/i0.wp.com\/eltrabajo.cl\/portal\/wp-content\/uploads\/2013\/12\/Perilla1.jpg?w=529&amp;ssl=1 529w, https:\/\/i0.wp.com\/eltrabajo.cl\/portal\/wp-content\/uploads\/2013\/12\/Perilla1.jpg?resize=200%2C147&amp;ssl=1 200w, https:\/\/i0.wp.com\/eltrabajo.cl\/portal\/wp-content\/uploads\/2013\/12\/Perilla1.jpg?resize=300%2C221&amp;ssl=1 300w, https:\/\/i0.wp.com\/eltrabajo.cl\/portal\/wp-content\/uploads\/2013\/12\/Perilla1.jpg?resize=150%2C110&amp;ssl=1 150w, https:\/\/i0.wp.com\/eltrabajo.cl\/portal\/wp-content\/uploads\/2013\/12\/Perilla1.jpg?resize=400%2C294&amp;ssl=1 400w\" sizes=\"auto, (max-width: 370px) 100vw, 370px\" \/><\/a><figcaption id=\"caption-attachment-40978\" class=\"wp-caption-text\">ACTUEMOS.- Podrida y en muy mal estado, as\u00ed est\u00e1n las perillas y parrilla de la vieja cocina de Nathalie Escobar. Las palabras est\u00e1n dem\u00e1s, debemos actuar.<\/figcaption><\/figure>\n<p>Nuestra inspecci\u00f3n ocular al interior del improvisado recinto, remarca en una paup\u00e9rrima situaci\u00f3n de pobreza extrema; sin piso; una sola cama peque\u00f1a para cinco personas; una cocina vieja y oxidada; ocho cucharillas y cuatro platos para toda la familia, un caj\u00f3n vac\u00edo con apenas unas bolsitas de fideos y una bolsita de az\u00facar y en definitiva, un escenario apenas digno para rodar una pel\u00edcula de esas en las que salimos del cine con mocos y l\u00e1grimas en nuestro rostro, porque lo m\u00e1s duro del panorama, es que en contraposici\u00f3n a ellos, nosotros corremos una mejor suerte y no donamos nada a los dem\u00e1s, algunos porque no sab\u00edamos a qui\u00e9n dar y que realmente lo que donemos lo necesiten las personas, pues ahora tenemos a esa familia a quien poder colmar de favores b\u00e1sicos, pues ni agua tienen para ba\u00f1ar a sus hijos.<\/p>\n<p><strong>&#8211; \u00bfCu\u00e1l es el panorama familiar en el que vives con tus hijos y pareja?<\/strong><\/p>\n<p>&#8211; \u00abTengo 24 a\u00f1os, tres hijos y estoy embarazada del cuarto, vivimos en esta media agua desde hace tres a\u00f1os, somos pobres y mi pareja trabaja como temporero, es un hombre humilde, de buen coraz\u00f3n, pero al que no le alcanza el dinero para poder darnos una mejor vida, aunque le sobre amor para nosotros\u00bb.<\/p>\n<p><strong>&#8211; \u00bfCu\u00e1l es el principal problema que enfrentan ustedes?<\/strong><\/p>\n<p>&#8211; \u00abEl principal problema que nos aqueja es la carencia de agua, no tenemos agua potable y tengo que salir a casa de mis vecinos para que me regalen un poco, pues ni el municipio ni la cooperativa de agua potable nos han dado una soluci\u00f3n concreta a el problema\u00bb.<\/p>\n<figure id=\"attachment_40979\" aria-describedby=\"caption-attachment-40979\" style=\"width: 370px\" class=\"wp-caption alignleft\"><a href=\"https:\/\/i0.wp.com\/www.eltrabajo.cl\/portal\/wp-content\/uploads\/2013\/12\/Cucharas1.jpg\"><img data-recalc-dims=\"1\" loading=\"lazy\" decoding=\"async\" class=\"wp-image-40979 \" title=\"ES NAVIDAD.- Estas son las cuatro cucharas de las que dispone esta familia, cualquier olla o tetera, o hasta una cocina digna que usted quiera donar, esta es la oportunidad.\" alt=\"ES NAVIDAD.- Estas son las cuatro cucharas de las que dispone esta familia, cualquier olla o tetera, o hasta una cocina digna que usted quiera donar, esta es la oportunidad.\" src=\"https:\/\/i0.wp.com\/www.eltrabajo.cl\/portal\/wp-content\/uploads\/2013\/12\/Cucharas1.jpg?resize=370%2C282\" width=\"370\" height=\"282\" srcset=\"https:\/\/i0.wp.com\/eltrabajo.cl\/portal\/wp-content\/uploads\/2013\/12\/Cucharas1.jpg?w=528&amp;ssl=1 528w, https:\/\/i0.wp.com\/eltrabajo.cl\/portal\/wp-content\/uploads\/2013\/12\/Cucharas1.jpg?resize=196%2C150&amp;ssl=1 196w, https:\/\/i0.wp.com\/eltrabajo.cl\/portal\/wp-content\/uploads\/2013\/12\/Cucharas1.jpg?resize=300%2C228&amp;ssl=1 300w, https:\/\/i0.wp.com\/eltrabajo.cl\/portal\/wp-content\/uploads\/2013\/12\/Cucharas1.jpg?resize=150%2C114&amp;ssl=1 150w, https:\/\/i0.wp.com\/eltrabajo.cl\/portal\/wp-content\/uploads\/2013\/12\/Cucharas1.jpg?resize=400%2C305&amp;ssl=1 400w\" sizes=\"auto, (max-width: 370px) 100vw, 370px\" \/><\/a><figcaption id=\"caption-attachment-40979\" class=\"wp-caption-text\">ES NAVIDAD.- Estas son las cuatro cucharas de las que dispone esta familia, cualquier olla o tetera, o hasta una cocina digna que usted quiera donar, esta es la oportunidad.<\/figcaption><\/figure>\n<p><strong>&#8211; \u00bfPor qu\u00e9 no tienen medidor ni conexi\u00f3n de agua potable?<\/strong><\/p>\n<p>&#8211; \u00abNo nos ponen tuber\u00eda ni medidor, porque no podemos demostrar que la mediagua es nuestra, no tenemos Escritura, lo que nos afecta directamente a todos, quiero pedirle al se\u00f1or Alcalde Patricio Freire que se ponga la mano en el coraz\u00f3n y nos ayude con esta situaci\u00f3n, porque mientras todos en San Felipe de seguro pasar\u00e1n una Navidad con hartos regalos, nosotros s\u00f3lo le pedimos agua potable\u00bb.<\/p>\n<p><strong>&#8211; \u00bfCu\u00e1nto es lo que recibes por concepto de ayuda social actualmente?<\/strong><\/p>\n<p>&#8211; \u00abMe da hasta pena decirlo, pero lo que recibo de ayuda, por mis tres hijos y por concepto del Programa Puente, son $17.000 y $23.000 por concepto de Subvenci\u00f3n Familiar del Estado, en realidad es muy poco\u00bb.<\/p>\n<p><strong>&#8211; \u00bfQu\u00e9 puedes comprar con esos $40.000 mensuales?<\/strong><\/p>\n<p>&#8211; \u00abCon ese dinero lo que puedo comprar a veces, son unas cajitas de leche y unos pocos pa\u00f1ales al mes, lo que mi esposo gana como temporero no es mucho y pr\u00e1cticamente apenas para comprar la comida\u00bb.<\/p>\n<p><strong>&#8211; \u00bfEstar\u00edas dispuesta a recibir ayuda de nuestros lectores si ellos te llaman para ofrec\u00e9rtela?<\/strong><\/p>\n<figure id=\"attachment_40980\" aria-describedby=\"caption-attachment-40980\" style=\"width: 317px\" class=\"wp-caption alignright\"><a href=\"https:\/\/i0.wp.com\/www.eltrabajo.cl\/portal\/wp-content\/uploads\/2013\/12\/Alimentos1.jpg\"><img data-recalc-dims=\"1\" loading=\"lazy\" decoding=\"async\" class=\"wp-image-40980 \" title=\"ALIMENTOS Y JUGUETES.- Diario El Trabajo te invita a compartir con esta familia cualquier alimento para esta familia, pueden coordinar la entrega con la familia en necesidad, o bien dej\u00e1ndolos en Diario El Trabajo Salinas 348. En la foto Roberto Gonz\u00e1lez Short.\" alt=\"ALIMENTOS Y JUGUETES.- Diario El Trabajo te invita a compartir con esta familia cualquier alimento para esta familia, pueden coordinar la entrega con la familia en necesidad, o bien dej\u00e1ndolos en Diario El Trabajo Salinas 348. En la foto Roberto Gonz\u00e1lez Short.\" src=\"https:\/\/i0.wp.com\/www.eltrabajo.cl\/portal\/wp-content\/uploads\/2013\/12\/Alimentos1.jpg?resize=317%2C236\" width=\"317\" height=\"236\" srcset=\"https:\/\/i0.wp.com\/eltrabajo.cl\/portal\/wp-content\/uploads\/2013\/12\/Alimentos1.jpg?w=529&amp;ssl=1 529w, https:\/\/i0.wp.com\/eltrabajo.cl\/portal\/wp-content\/uploads\/2013\/12\/Alimentos1.jpg?resize=200%2C148&amp;ssl=1 200w, https:\/\/i0.wp.com\/eltrabajo.cl\/portal\/wp-content\/uploads\/2013\/12\/Alimentos1.jpg?resize=300%2C222&amp;ssl=1 300w, https:\/\/i0.wp.com\/eltrabajo.cl\/portal\/wp-content\/uploads\/2013\/12\/Alimentos1.jpg?resize=150%2C111&amp;ssl=1 150w, https:\/\/i0.wp.com\/eltrabajo.cl\/portal\/wp-content\/uploads\/2013\/12\/Alimentos1.jpg?resize=400%2C297&amp;ssl=1 400w\" sizes=\"auto, (max-width: 317px) 100vw, 317px\" \/><\/a><figcaption id=\"caption-attachment-40980\" class=\"wp-caption-text\">ALIMENTOS Y JUGUETES.- Diario El Trabajo te invita a compartir con esta familia cualquier alimento para esta familia, pueden coordinar la entrega con la familia en necesidad, o bien dej\u00e1ndolos en Diario El Trabajo Salinas 348. En la foto Roberto Gonz\u00e1lez Short.<\/figcaption><\/figure>\n<p>&#8211; \u00abS\u00ed. Por mis hijos, lo aceptar\u00eda. No me importa poner la mano o recibir una bolsa de arroz: un paquete de pa\u00f1ales o lo que la gente quiera regalarnos, pues la verg\u00fcenza la dejo de lado si a cambio mis guaguas no pasan hambre ni penas\u00bb.<\/p>\n<p><strong>&#8211; \u00bfQu\u00e9 tan mal lo pasan durante el a\u00f1o?<\/strong><\/p>\n<p>&#8211; \u00abClaro que de repente la pasamos mal, no siempre, pero a veces no tengo pan ni leche para los ni\u00f1os, menos pa\u00f1ales, por eso es que estoy pidiendo a los almacenes, a las tiendas, cualquier ropa que ya no vendan, alimentos que se puedan usar, cualquiera puede venir a nuestra media agua y confirmar c\u00f3mo vivimos, aqu\u00ed nadie tiene vicios ni tenemos lujos\u00bb.<\/p>\n<p>&nbsp;<\/p>\n<p><strong>RESPUESTA\u00a0MUNICIPAL<\/strong><\/p>\n<p>Diario El Trabajo busc\u00f3 el parecer del Alcalde Patricio Freire sobre la situaci\u00f3n que vive esta familia sanfelipe\u00f1a, el edil hizo de nuestro conocimiento que se colocar\u00e1n a la brevedad en contacto con la familia, con el objetivo de que estas personas cuenten con el agua necesaria cada d\u00eda.<\/p>\n<p>Adem\u00e1s se realizar\u00e1 una visita al sector para evaluar su situaci\u00f3n desde el punto de vista social y espec\u00edficamente de salud, especialmente de los ni\u00f1os que se encuentran en el lugar y se coordinar\u00e1 con la Direcci\u00f3n de Desarrollo Comunitario para que estas familias puedan ingresar a los distintos programas que se ejecutan en la comuna en el \u00e1rea social.<\/p>\n<p>El Alcalde Patricio Freire, siempre preocupado por este tipo de situaciones que afectan a los vecinos de la comuna, instruy\u00f3 que se realice el contacto con los vecinos a la brevedad, con el objetivo de mejorar su calidad de vida.<\/p>\n<p>Seg\u00fan se inform\u00f3 tambi\u00e9n por parte de la alcald\u00eda, en los siguientes d\u00edas se estar\u00e1n repartiendo regalos a los ni\u00f1os del sector, para que esta Navidad tengan adem\u00e1s un juguete y quiz\u00e1, en su rostro una sonrisa.<\/p>\n<p>Roberto Gonz\u00e1lez Short<\/p>\n<p>rgonzalez@eltrabajo.cl<\/p>\n<p>&nbsp;<\/p>\n","protected":false},"excerpt":{"rendered":"<p>En estos d\u00edas, propiamente antes de Navidad, cuando millones de chilenos corren como locos para comprar para sus seres queridos el mejor regalo y a veces, hasta el m\u00e1s caro de la&#8230;<\/p>\n","protected":false},"author":482,"featured_media":40977,"comment_status":"open","ping_status":"closed","sticky":false,"template":"","format":"standard","meta":{"advanced_seo_description":"","jetpack_seo_html_title":"","jetpack_seo_noindex":false,"_jetpack_memberships_contains_paid_content":false,"footnotes":""},"categories":[15],"tags":[],"class_list":["post-40976","post","type-post","status-publish","format-standard","has-post-thumbnail","hentry","category-comunidad"],"jetpack_featured_media_url":"https:\/\/i0.wp.com\/eltrabajo.cl\/portal\/wp-content\/uploads\/2013\/12\/Lagrimas1.jpg?fit=528%2C397&ssl=1","jetpack_sharing_enabled":true,"jetpack_likes_enabled":true,"jetpack-related-posts":[],"_links":{"self":[{"href":"https:\/\/eltrabajo.cl\/portal\/wp-json\/wp\/v2\/posts\/40976","targetHints":{"allow":["GET"]}}],"collection":[{"href":"https:\/\/eltrabajo.cl\/portal\/wp-json\/wp\/v2\/posts"}],"about":[{"href":"https:\/\/eltrabajo.cl\/portal\/wp-json\/wp\/v2\/types\/post"}],"author":[{"embeddable":true,"href":"https:\/\/eltrabajo.cl\/portal\/wp-json\/wp\/v2\/users\/482"}],"replies":[{"embeddable":true,"href":"https:\/\/eltrabajo.cl\/portal\/wp-json\/wp\/v2\/comments?post=40976"}],"version-history":[{"count":0,"href":"https:\/\/eltrabajo.cl\/portal\/wp-json\/wp\/v2\/posts\/40976\/revisions"}],"wp:featuredmedia":[{"embeddable":true,"href":"https:\/\/eltrabajo.cl\/portal\/wp-json\/wp\/v2\/media\/40977"}],"wp:attachment":[{"href":"https:\/\/eltrabajo.cl\/portal\/wp-json\/wp\/v2\/media?parent=40976"}],"wp:term":[{"taxonomy":"category","embeddable":true,"href":"https:\/\/eltrabajo.cl\/portal\/wp-json\/wp\/v2\/categories?post=40976"},{"taxonomy":"post_tag","embeddable":true,"href":"https:\/\/eltrabajo.cl\/portal\/wp-json\/wp\/v2\/tags?post=40976"}],"curies":[{"name":"wp","href":"https:\/\/api.w.org\/{rel}","templated":true}]}}