{"id":40995,"date":"2013-12-23T09:30:59","date_gmt":"2013-12-23T12:30:59","guid":{"rendered":"http:\/\/www.eltrabajo.cl\/portal\/?p=40995"},"modified":"2013-12-23T09:30:59","modified_gmt":"2013-12-23T12:30:59","slug":"profesores-preocupados-porque-aun-el-municipio-no-los-saca-de-dicom","status":"publish","type":"post","link":"https:\/\/eltrabajo.cl\/portal\/profesores-preocupados-porque-aun-el-municipio-no-los-saca-de-dicom\/","title":{"rendered":"Profesores preocupados porque a\u00fan el municipio no los saca de Dicom"},"content":{"rendered":"<figure id=\"attachment_40996\" aria-describedby=\"caption-attachment-40996\" style=\"width: 529px\" class=\"wp-caption alignnone\"><a href=\"https:\/\/i0.wp.com\/www.eltrabajo.cl\/portal\/wp-content\/uploads\/2013\/12\/Dicom1.jpg\"><img data-recalc-dims=\"1\" loading=\"lazy\" decoding=\"async\" class=\"size-full wp-image-40996\" title=\"ESPERANDO.- Los profesores lamentaron que no se est\u00e9n cumpliendo con las fechas de los acuerdos establecidos que permitieron poner fin al paro.\" alt=\"ESPERANDO.- Los profesores lamentaron que no se est\u00e9n cumpliendo con las fechas de los acuerdos establecidos que permitieron poner fin al paro.\" src=\"https:\/\/i0.wp.com\/www.eltrabajo.cl\/portal\/wp-content\/uploads\/2013\/12\/Dicom1.jpg?resize=529%2C353\" width=\"529\" height=\"353\" srcset=\"https:\/\/i0.wp.com\/eltrabajo.cl\/portal\/wp-content\/uploads\/2013\/12\/Dicom1.jpg?w=529&amp;ssl=1 529w, https:\/\/i0.wp.com\/eltrabajo.cl\/portal\/wp-content\/uploads\/2013\/12\/Dicom1.jpg?resize=200%2C133&amp;ssl=1 200w, https:\/\/i0.wp.com\/eltrabajo.cl\/portal\/wp-content\/uploads\/2013\/12\/Dicom1.jpg?resize=300%2C200&amp;ssl=1 300w, https:\/\/i0.wp.com\/eltrabajo.cl\/portal\/wp-content\/uploads\/2013\/12\/Dicom1.jpg?resize=150%2C100&amp;ssl=1 150w, https:\/\/i0.wp.com\/eltrabajo.cl\/portal\/wp-content\/uploads\/2013\/12\/Dicom1.jpg?resize=400%2C266&amp;ssl=1 400w\" sizes=\"auto, (max-width: 529px) 100vw, 529px\" \/><\/a><figcaption id=\"caption-attachment-40996\" class=\"wp-caption-text\">ESPERANDO.- Los profesores lamentaron que no se est\u00e9n cumpliendo con las fechas de los acuerdos establecidos que permitieron poner fin al paro.<\/figcaption><\/figure>\n<p><strong>LOS ANDES<\/strong>.- El Presidente Provincial del Colegio de Profesores, Alexis Cuevas, expres\u00f3 la preocupaci\u00f3n de los docentes por la demora en el cumplimiento del acuerdo logrado con el municipio para el pago de las deudas y que permiti\u00f3 poner fin al paro. El dirigente hizo esta declaraci\u00f3n luego de que junto a representantes de los consejos gremiales de los colegios municipalizados con la Directora de la Daem para plantearle esta situaci\u00f3n.<\/p>\n<p>Cuevas indic\u00f3 que hasta el momento no se ha cumplido con el compromiso de sacar de Dicom a los profesores que presentan deudas morosas en las cajas de compensaci\u00f3n, \u00abpuesto que el municipio se ha demorado m\u00e1s de la cuenta y lamentablemente tenemos que estar todos los d\u00edas apurando, conversando y negociando para que las cosas vayan m\u00e1s r\u00e1pido\u00bb.<\/p>\n<p>El dirigente afirm\u00f3 que esta demora se debe a que la semana pasada se dio una mala informaci\u00f3n respecto a que el dinero del fondo de estabilizaci\u00f3n de la educaci\u00f3n hab\u00eda llegado y no era as\u00ed, \u00abya que el fondo reci\u00e9n lleg\u00f3 este martes 17 de diciembre y hay un plazo de cinco d\u00edas para que estos fondos lleguen a donde corresponden para desactivar este problema con las deudas en las cajas de compensaci\u00f3n y las cooperativas\u00bb, asegur\u00f3 Cuevas.<\/p>\n<p>Otro asunto que a\u00fan tienen pendiente es que hace un mes que el Alcalde Navarro se comprometi\u00f3 a enviar un documento protocolizado a trav\u00e9s de escritura p\u00fablica, donde se reconociera cada una de las deudas con los profesores, \u00abpero ya va un mes que no lo hace y se comprometi\u00f3 a que lo har\u00eda en tres d\u00edas, lo cual nos parece una situaci\u00f3n grave\u00bb.<\/p>\n<p>El directivo dijo que como gremio criticaron el viaje del alcalde a Uruguay, con anuencia de todos los concejales, menos el edil Bernardo Monasterio, \u00abporque viaja a ese pa\u00eds en medio de esta crisis, lo cual no corresponde existiendo esta crisis y deb\u00eda estar ac\u00e1 para solucionarla, independiente de todas las razones que se tengan\u00bb.<\/p>\n<p>Destac\u00f3 el hecho que hayan tenido que estar conversando con la Directora de la Daem, \u00abpero queremos tener un puente directo con el alcalde y cumplir con la palabra empe\u00f1ada\u00bb.<\/p>\n<p>Lament\u00f3 que producto de este tipo de situaciones las relaciones con el municipio no sean de las mejores, \u00abporque los profesores no somos ilusos, ya que las cosas se demoran y se demoran y nadie nos soluciona nuestros problemas, ya que nosotros estamos comprometidos con el sistema de educaci\u00f3n p\u00fablica, hemos salido a las calles a buscar matr\u00edculas para los establecimientos y la contraparte no ha estado a la altura y por eso le pedimos al concejo que est\u00e9 a la altura de las circunstancias\u00bb, indic\u00f3 el dirigente.<\/p>\n<p>Advirti\u00f3 que si se siguen presentando estos problemas van a adoptar otras medidas de presi\u00f3n, \u00abpues nosotros estamos en estado de alerta y vamos a responder de forma contundente ante cualquier desconocimiento de los acuerdos, si nos dicen que nos van a pagar nosotros vamos a estar encima como cancerberos para que se cumpla, o si no empezaremos el a\u00f1o escolar en el mes de marzo de una manera poco feliz para nadie\u00bb.<\/p>\n<p>&nbsp;<\/p>\n","protected":false},"excerpt":{"rendered":"<p>LOS ANDES.- El Presidente Provincial del Colegio de Profesores, Alexis Cuevas, expres\u00f3 la preocupaci\u00f3n de los docentes por la demora en el cumplimiento del acuerdo logrado con el municipio para el pago&#8230;<\/p>\n","protected":false},"author":482,"featured_media":40996,"comment_status":"open","ping_status":"closed","sticky":false,"template":"","format":"standard","meta":{"advanced_seo_description":"","jetpack_seo_html_title":"","jetpack_seo_noindex":false,"_jetpack_memberships_contains_paid_content":false,"footnotes":""},"categories":[15],"tags":[],"class_list":["post-40995","post","type-post","status-publish","format-standard","has-post-thumbnail","hentry","category-comunidad"],"jetpack_featured_media_url":"https:\/\/i0.wp.com\/eltrabajo.cl\/portal\/wp-content\/uploads\/2013\/12\/Dicom1.jpg?fit=529%2C353&ssl=1","jetpack_sharing_enabled":true,"jetpack_likes_enabled":true,"jetpack-related-posts":[],"_links":{"self":[{"href":"https:\/\/eltrabajo.cl\/portal\/wp-json\/wp\/v2\/posts\/40995","targetHints":{"allow":["GET"]}}],"collection":[{"href":"https:\/\/eltrabajo.cl\/portal\/wp-json\/wp\/v2\/posts"}],"about":[{"href":"https:\/\/eltrabajo.cl\/portal\/wp-json\/wp\/v2\/types\/post"}],"author":[{"embeddable":true,"href":"https:\/\/eltrabajo.cl\/portal\/wp-json\/wp\/v2\/users\/482"}],"replies":[{"embeddable":true,"href":"https:\/\/eltrabajo.cl\/portal\/wp-json\/wp\/v2\/comments?post=40995"}],"version-history":[{"count":0,"href":"https:\/\/eltrabajo.cl\/portal\/wp-json\/wp\/v2\/posts\/40995\/revisions"}],"wp:featuredmedia":[{"embeddable":true,"href":"https:\/\/eltrabajo.cl\/portal\/wp-json\/wp\/v2\/media\/40996"}],"wp:attachment":[{"href":"https:\/\/eltrabajo.cl\/portal\/wp-json\/wp\/v2\/media?parent=40995"}],"wp:term":[{"taxonomy":"category","embeddable":true,"href":"https:\/\/eltrabajo.cl\/portal\/wp-json\/wp\/v2\/categories?post=40995"},{"taxonomy":"post_tag","embeddable":true,"href":"https:\/\/eltrabajo.cl\/portal\/wp-json\/wp\/v2\/tags?post=40995"}],"curies":[{"name":"wp","href":"https:\/\/api.w.org\/{rel}","templated":true}]}}