{"id":41001,"date":"2013-12-23T09:39:20","date_gmt":"2013-12-23T12:39:20","guid":{"rendered":"http:\/\/www.eltrabajo.cl\/portal\/?p=41001"},"modified":"2013-12-23T09:39:20","modified_gmt":"2013-12-23T12:39:20","slug":"alcalde-reyes-habla-sobre-entrega-de-terrenos-de-serrania-en-las-coimas","status":"publish","type":"post","link":"https:\/\/eltrabajo.cl\/portal\/alcalde-reyes-habla-sobre-entrega-de-terrenos-de-serrania-en-las-coimas\/","title":{"rendered":"Alcalde Reyes habla sobre entrega de terrenos de serran\u00eda en Las Coimas"},"content":{"rendered":"<figure id=\"attachment_41002\" aria-describedby=\"caption-attachment-41002\" style=\"width: 317px\" class=\"wp-caption alignleft\"><a href=\"https:\/\/i0.wp.com\/www.eltrabajo.cl\/portal\/wp-content\/uploads\/2013\/12\/Guillermo-Reyes.jpg\"><img data-recalc-dims=\"1\" loading=\"lazy\" decoding=\"async\" class=\" wp-image-41002 \" title=\"Guillermo Reyes, Alcalde de Putaendo.\" alt=\"Guillermo Reyes, Alcalde de Putaendo.\" src=\"https:\/\/i0.wp.com\/www.eltrabajo.cl\/portal\/wp-content\/uploads\/2013\/12\/Guillermo-Reyes.jpg?resize=317%2C212\" width=\"317\" height=\"212\" srcset=\"https:\/\/i0.wp.com\/eltrabajo.cl\/portal\/wp-content\/uploads\/2013\/12\/Guillermo-Reyes.jpg?w=529&amp;ssl=1 529w, https:\/\/i0.wp.com\/eltrabajo.cl\/portal\/wp-content\/uploads\/2013\/12\/Guillermo-Reyes.jpg?resize=200%2C133&amp;ssl=1 200w, https:\/\/i0.wp.com\/eltrabajo.cl\/portal\/wp-content\/uploads\/2013\/12\/Guillermo-Reyes.jpg?resize=300%2C200&amp;ssl=1 300w, https:\/\/i0.wp.com\/eltrabajo.cl\/portal\/wp-content\/uploads\/2013\/12\/Guillermo-Reyes.jpg?resize=150%2C100&amp;ssl=1 150w, https:\/\/i0.wp.com\/eltrabajo.cl\/portal\/wp-content\/uploads\/2013\/12\/Guillermo-Reyes.jpg?resize=400%2C266&amp;ssl=1 400w\" sizes=\"auto, (max-width: 317px) 100vw, 317px\" \/><\/a><figcaption id=\"caption-attachment-41002\" class=\"wp-caption-text\">Guillermo Reyes, Alcalde de Putaendo.<\/figcaption><\/figure>\n<p><strong>PUTAENDO<\/strong>.- El Alcalde Guillermo Reyes se refiri\u00f3 en extenso a la situaci\u00f3n que involucra a una importante cantidad de vecinos que han adquirido terrenos a la Serran\u00eda de Rinconada de Silva en el sector Alto Las Coimas. Recordemos que hace algunas semanas el Concejo Municipal acord\u00f3 solicitar al alcalde para que oficie a Bienes Nacionales para que no sean autorizadas m\u00e1s las regularizaciones de terrenos en los sectores altos de Las Coimas debido a los inconvenientes que finalmente debe solucionar el municipio, adem\u00e1s de lo denunciado por dirigentes vecinales del sector en cuanto a la alteraci\u00f3n de cauces de agua y construcciones de viviendas en lugares inapropiados.<\/p>\n<p>Reyes se\u00f1al\u00f3 que lo primero es clarificar si existe un inconveniente real, pues cuando se construyen viviendas en lugares inapropiados o muy retirados, sobre todo en los cerros, los servicios b\u00e1sicos no pueden llegar ah\u00ed y finalmente es la municipalidad quien debe asumir esa responsabilidad, por lo que efectivamente se est\u00e1 redactando un documento dirigido a Bienes Nacionales para evitar que sigan autorizando regularizaciones de terrenos que previamente son vendidos por la Serran\u00eda de Rinconada de Silva.<\/p>\n<p>La primera autoridad comunal dijo que hoy existen a lo menos 25 familias que se encuentran en proceso de regularizaci\u00f3n, es decir, est\u00e1n haciendo los tr\u00e1mites luego de haber adquirido sus terrenos y que esto lo ha conversado con la presidenta de la Serran\u00eda de Rinconada de Silva, Marta Silva, y con algunos de quienes han comprado los terrenos y que se encuentran en per\u00edodo de regularizaci\u00f3n, adem\u00e1s indic\u00f3 que por una cosa de sentido com\u00fan tambi\u00e9n pedir\u00e1n a Bienes Nacionales que estos vecinos que se encuentran realizando sus tr\u00e1mites se les permita finalizarlos y poder regularizar su terreno, para lo cual esperan a la brevedad una lista de las personas que ser\u00e1n anexadas al documento que ser\u00e1 enviado a Bienes Nacionales.<\/p>\n<p>En forma categ\u00f3rica, el alcalde de Putaendo se\u00f1al\u00f3 que de ahora en adelante esto debe parar, pues no se pueden seguir vendiendo terrenos en zonas altas de dif\u00edcil acceso y por los motivos ya explicados, ante lo cual hizo un llamado a la tranquilidad de las familias que en el \u00faltimo tiempo han adquirido terrenos a la serran\u00eda en Las Coimas y que se encuentran en su proceso de regularizaci\u00f3n, porque la municipalidad ha tomado las correspondientes medidas para no perjudicarlos.<\/p>\n<p>Patricio Gallardo M.<\/p>\n<p>&nbsp;<\/p>\n","protected":false},"excerpt":{"rendered":"<p>PUTAENDO.- El Alcalde Guillermo Reyes se refiri\u00f3 en extenso a la situaci\u00f3n que involucra a una importante cantidad de vecinos que han adquirido terrenos a la Serran\u00eda de Rinconada de Silva en&#8230;<\/p>\n","protected":false},"author":482,"featured_media":41002,"comment_status":"open","ping_status":"closed","sticky":false,"template":"","format":"standard","meta":{"advanced_seo_description":"","jetpack_seo_html_title":"","jetpack_seo_noindex":false,"_jetpack_memberships_contains_paid_content":false,"footnotes":""},"categories":[1],"tags":[],"class_list":["post-41001","post","type-post","status-publish","format-standard","has-post-thumbnail","hentry","category-cronica"],"jetpack_featured_media_url":"https:\/\/i0.wp.com\/eltrabajo.cl\/portal\/wp-content\/uploads\/2013\/12\/Guillermo-Reyes.jpg?fit=529%2C353&ssl=1","jetpack_sharing_enabled":true,"jetpack_likes_enabled":true,"jetpack-related-posts":[],"_links":{"self":[{"href":"https:\/\/eltrabajo.cl\/portal\/wp-json\/wp\/v2\/posts\/41001","targetHints":{"allow":["GET"]}}],"collection":[{"href":"https:\/\/eltrabajo.cl\/portal\/wp-json\/wp\/v2\/posts"}],"about":[{"href":"https:\/\/eltrabajo.cl\/portal\/wp-json\/wp\/v2\/types\/post"}],"author":[{"embeddable":true,"href":"https:\/\/eltrabajo.cl\/portal\/wp-json\/wp\/v2\/users\/482"}],"replies":[{"embeddable":true,"href":"https:\/\/eltrabajo.cl\/portal\/wp-json\/wp\/v2\/comments?post=41001"}],"version-history":[{"count":0,"href":"https:\/\/eltrabajo.cl\/portal\/wp-json\/wp\/v2\/posts\/41001\/revisions"}],"wp:featuredmedia":[{"embeddable":true,"href":"https:\/\/eltrabajo.cl\/portal\/wp-json\/wp\/v2\/media\/41002"}],"wp:attachment":[{"href":"https:\/\/eltrabajo.cl\/portal\/wp-json\/wp\/v2\/media?parent=41001"}],"wp:term":[{"taxonomy":"category","embeddable":true,"href":"https:\/\/eltrabajo.cl\/portal\/wp-json\/wp\/v2\/categories?post=41001"},{"taxonomy":"post_tag","embeddable":true,"href":"https:\/\/eltrabajo.cl\/portal\/wp-json\/wp\/v2\/tags?post=41001"}],"curies":[{"name":"wp","href":"https:\/\/api.w.org\/{rel}","templated":true}]}}