{"id":41004,"date":"2013-12-23T09:41:25","date_gmt":"2013-12-23T12:41:25","guid":{"rendered":"http:\/\/www.eltrabajo.cl\/portal\/?p=41004"},"modified":"2013-12-23T09:41:25","modified_gmt":"2013-12-23T12:41:25","slug":"samu-responde-a-criticas-de-concejal-mesala-gonzalez","status":"publish","type":"post","link":"https:\/\/eltrabajo.cl\/portal\/samu-responde-a-criticas-de-concejal-mesala-gonzalez\/","title":{"rendered":"Samu responde a cr\u00edticas de Concejal Mesala Gonz\u00e1lez"},"content":{"rendered":"<figure id=\"attachment_41005\" aria-describedby=\"caption-attachment-41005\" style=\"width: 317px\" class=\"wp-caption alignleft\"><a href=\"https:\/\/i0.wp.com\/www.eltrabajo.cl\/portal\/wp-content\/uploads\/2013\/12\/Llay-Llay-mesala-gonzalez1.jpg\"><img data-recalc-dims=\"1\" loading=\"lazy\" decoding=\"async\" class=\" wp-image-41005 \" title=\"Mesala Gonz\u00e1lez, concejal de Llay Llay.\" alt=\"Mesala Gonz\u00e1lez, concejal de Llay Llay.\" src=\"https:\/\/i0.wp.com\/www.eltrabajo.cl\/portal\/wp-content\/uploads\/2013\/12\/Llay-Llay-mesala-gonzalez1.jpg?resize=317%2C238\" width=\"317\" height=\"238\" srcset=\"https:\/\/i0.wp.com\/eltrabajo.cl\/portal\/wp-content\/uploads\/2013\/12\/Llay-Llay-mesala-gonzalez1.jpg?w=528&amp;ssl=1 528w, https:\/\/i0.wp.com\/eltrabajo.cl\/portal\/wp-content\/uploads\/2013\/12\/Llay-Llay-mesala-gonzalez1.jpg?resize=200%2C150&amp;ssl=1 200w, https:\/\/i0.wp.com\/eltrabajo.cl\/portal\/wp-content\/uploads\/2013\/12\/Llay-Llay-mesala-gonzalez1.jpg?resize=300%2C225&amp;ssl=1 300w, https:\/\/i0.wp.com\/eltrabajo.cl\/portal\/wp-content\/uploads\/2013\/12\/Llay-Llay-mesala-gonzalez1.jpg?resize=150%2C112&amp;ssl=1 150w, https:\/\/i0.wp.com\/eltrabajo.cl\/portal\/wp-content\/uploads\/2013\/12\/Llay-Llay-mesala-gonzalez1.jpg?resize=400%2C300&amp;ssl=1 400w\" sizes=\"auto, (max-width: 317px) 100vw, 317px\" \/><\/a><figcaption id=\"caption-attachment-41005\" class=\"wp-caption-text\">Mesala Gonz\u00e1lez, concejal de Llay Llay.<\/figcaption><\/figure>\n<p>Ante las declaraciones del Concejal de Llay Llay, Sr. Mesala Gonz\u00e1lez, frente al trabajo del Sistema de Atenci\u00f3n M\u00e9dica de Urgencia (Samu) en el lamentable incendio ocurrido a mediados de la semana pasada en dicha comuna, el Servicio de Salud Aconcagua expresa lo siguiente:<\/p>\n<p>1.- Desde el momento en que se recibe la comunicaci\u00f3n de la emergencia hasta que el m\u00f3vil se hizo presente en el lugar, trascurrieron diez minutos y no treinta como expresa el Sr. Gonz\u00e1lez. Estos registros est\u00e1n disponibles para las personas que quieran consultarlos y el sistema que los genera ha demostrado su precisi\u00f3n y fiabilidad incluso en casos de alta connotaci\u00f3n p\u00fablica.<\/p>\n<p>2.- La comuna de Llay Llay cuenta con una base Samu equipada con todo lo necesario para atender las emergencias que ocurran en ella y en las carreteras que la rodean. Dentro de su equipamiento se tienen dos ambulancias, una b\u00e1sica y otra avanzada, lo que supera largamente los est\u00e1ndares nacionales, los que se definen en relaci\u00f3n a la cantidad de habitantes. Ante ello, las declaraciones del Concejal no corresponden a la realidad y ponen en evidencia el desconocimiento sobre la conformaci\u00f3n de la red de salud de la comuna, adem\u00e1s de desprestigiar gratuitamente a los funcionarios del Samu.<\/p>\n<p>3.- La ambulancia que lleg\u00f3 hasta el lugar fue enviada desde la Base Samu Llay Llay, donde la operadora recibi\u00f3 el llamado, realiz\u00f3 las preguntas de rigor en un tiempo menor a los 90 segundos y de inmediato env\u00edo la notificaci\u00f3n correspondiente. Este registro tambi\u00e9n se encuentra disponible para quien desee conocerlo.<\/p>\n<p>4.- No existe por parte del Samu Aconcagua, una mala relaci\u00f3n con el Cuerpo de Bomberos de Llay Llay. Muy por el contrario, todas las acciones que se realizan en conjunto son evaluadas posteriormente, ocurriendo en este caso una reuni\u00f3n el d\u00eda jueves 23, en la que se revisaron todos los procedimientos realizados.<\/p>\n<p>Con estas precisiones, el Servicio de Salud Aconcagua espera resolver las dudas que se han generado en la comunidad respecto al desempe\u00f1o del Samu en esta emergencia y aclarar situaciones que representa el Sr. Gonz\u00e1lez. Adem\u00e1s, es la intenci\u00f3n del Samu, que la red asistencial de Llay Llay siga siendo fortalecida con el fin de atender de la mejor manera las necesidades de los usuarios del sistema p\u00fablico de salud.<\/p>\n<p>&nbsp;<\/p>\n","protected":false},"excerpt":{"rendered":"<p>Ante las declaraciones del Concejal de Llay Llay, Sr. Mesala Gonz\u00e1lez, frente al trabajo del Sistema de Atenci\u00f3n M\u00e9dica de Urgencia (Samu) en el lamentable incendio ocurrido a mediados de la semana&#8230;<\/p>\n","protected":false},"author":482,"featured_media":41005,"comment_status":"open","ping_status":"closed","sticky":false,"template":"","format":"standard","meta":{"advanced_seo_description":"","jetpack_seo_html_title":"","jetpack_seo_noindex":false,"_jetpack_memberships_contains_paid_content":false,"footnotes":""},"categories":[1],"tags":[],"class_list":["post-41004","post","type-post","status-publish","format-standard","has-post-thumbnail","hentry","category-cronica"],"jetpack_featured_media_url":"https:\/\/i0.wp.com\/eltrabajo.cl\/portal\/wp-content\/uploads\/2013\/12\/Llay-Llay-mesala-gonzalez1.jpg?fit=528%2C396&ssl=1","jetpack_sharing_enabled":true,"jetpack_likes_enabled":true,"jetpack-related-posts":[],"_links":{"self":[{"href":"https:\/\/eltrabajo.cl\/portal\/wp-json\/wp\/v2\/posts\/41004","targetHints":{"allow":["GET"]}}],"collection":[{"href":"https:\/\/eltrabajo.cl\/portal\/wp-json\/wp\/v2\/posts"}],"about":[{"href":"https:\/\/eltrabajo.cl\/portal\/wp-json\/wp\/v2\/types\/post"}],"author":[{"embeddable":true,"href":"https:\/\/eltrabajo.cl\/portal\/wp-json\/wp\/v2\/users\/482"}],"replies":[{"embeddable":true,"href":"https:\/\/eltrabajo.cl\/portal\/wp-json\/wp\/v2\/comments?post=41004"}],"version-history":[{"count":0,"href":"https:\/\/eltrabajo.cl\/portal\/wp-json\/wp\/v2\/posts\/41004\/revisions"}],"wp:featuredmedia":[{"embeddable":true,"href":"https:\/\/eltrabajo.cl\/portal\/wp-json\/wp\/v2\/media\/41005"}],"wp:attachment":[{"href":"https:\/\/eltrabajo.cl\/portal\/wp-json\/wp\/v2\/media?parent=41004"}],"wp:term":[{"taxonomy":"category","embeddable":true,"href":"https:\/\/eltrabajo.cl\/portal\/wp-json\/wp\/v2\/categories?post=41004"},{"taxonomy":"post_tag","embeddable":true,"href":"https:\/\/eltrabajo.cl\/portal\/wp-json\/wp\/v2\/tags?post=41004"}],"curies":[{"name":"wp","href":"https:\/\/api.w.org\/{rel}","templated":true}]}}