{"id":41007,"date":"2013-12-23T09:44:11","date_gmt":"2013-12-23T12:44:11","guid":{"rendered":"http:\/\/www.eltrabajo.cl\/portal\/?p=41007"},"modified":"2013-12-23T09:44:11","modified_gmt":"2013-12-23T12:44:11","slug":"finalizan-1a-etapa-de-recuperacion-de-estacion-de-ferrocarriles-andinos","status":"publish","type":"post","link":"https:\/\/eltrabajo.cl\/portal\/finalizan-1a-etapa-de-recuperacion-de-estacion-de-ferrocarriles-andinos\/","title":{"rendered":"Finalizan 1\u00aa etapa de recuperaci\u00f3n de estaci\u00f3n de ferrocarriles andinos"},"content":{"rendered":"<figure id=\"attachment_41008\" aria-describedby=\"caption-attachment-41008\" style=\"width: 529px\" class=\"wp-caption alignnone\"><a href=\"https:\/\/i0.wp.com\/www.eltrabajo.cl\/portal\/wp-content\/uploads\/2013\/12\/Codelco1.jpg\"><img data-recalc-dims=\"1\" loading=\"lazy\" decoding=\"async\" class=\"size-full wp-image-41008\" title=\"TRES ETAPAS.- El proyecto, que contempla tres etapas, permitir\u00e1 en esta fase la Habilitaci\u00f3n del primer piso y hall. El inmueble acoger\u00e1 a la Fundaci\u00f3n Orquesta Sinf\u00f3nica Infantil de Los Andes y a la Corporaci\u00f3n Pro Aconcagua.\" alt=\"TRES ETAPAS.- El proyecto, que contempla tres etapas, permitir\u00e1 en esta fase la Habilitaci\u00f3n del primer piso y hall. El inmueble acoger\u00e1 a la Fundaci\u00f3n Orquesta Sinf\u00f3nica Infantil de Los Andes y a la Corporaci\u00f3n Pro Aconcagua.\" src=\"https:\/\/i0.wp.com\/www.eltrabajo.cl\/portal\/wp-content\/uploads\/2013\/12\/Codelco1.jpg?resize=529%2C353\" width=\"529\" height=\"353\" srcset=\"https:\/\/i0.wp.com\/eltrabajo.cl\/portal\/wp-content\/uploads\/2013\/12\/Codelco1.jpg?w=529&amp;ssl=1 529w, https:\/\/i0.wp.com\/eltrabajo.cl\/portal\/wp-content\/uploads\/2013\/12\/Codelco1.jpg?resize=200%2C133&amp;ssl=1 200w, https:\/\/i0.wp.com\/eltrabajo.cl\/portal\/wp-content\/uploads\/2013\/12\/Codelco1.jpg?resize=300%2C200&amp;ssl=1 300w, https:\/\/i0.wp.com\/eltrabajo.cl\/portal\/wp-content\/uploads\/2013\/12\/Codelco1.jpg?resize=150%2C100&amp;ssl=1 150w, https:\/\/i0.wp.com\/eltrabajo.cl\/portal\/wp-content\/uploads\/2013\/12\/Codelco1.jpg?resize=400%2C266&amp;ssl=1 400w\" sizes=\"auto, (max-width: 529px) 100vw, 529px\" \/><\/a><figcaption id=\"caption-attachment-41008\" class=\"wp-caption-text\">TRES ETAPAS.- El proyecto, que contempla tres etapas, permitir\u00e1 en esta fase la Habilitaci\u00f3n del primer piso y hall. El inmueble acoger\u00e1 a la Fundaci\u00f3n Orquesta Sinf\u00f3nica Infantil de Los Andes y a la Corporaci\u00f3n Pro Aconcagua.<\/figcaption><\/figure>\n<p>Tras casi tres d\u00e9cadas de completo abandono, la ex estaci\u00f3n de ferrocarriles de Los Andes, podr\u00e1 ser habitada nuevamente tras el t\u00e9rmino de la primera etapa del proyecto de recuperaci\u00f3n del inmueble como un espacio destinado a la educaci\u00f3n y cultura, gracias a aportes de Divisi\u00f3n Andina y el Fondo de Inversi\u00f3n Social de Codelco (FIS).<\/p>\n<p>Autoridades locales y provinciales; ejecutivos de la Vicepresidencia de Proyectos de Codelco y de Divisi\u00f3n Andina; dirigentes sociales, y padres, apoderados e integrantes de la Fundaci\u00f3n Orquesta Sinf\u00f3nica Infantil de Los Andes (Fosila), participaron de la ceremonia en un acto de gran valor para los ni\u00f1os de la orquesta, pues constituir\u00e1 la nueva casa de la fundaci\u00f3n, junto a la Corporaci\u00f3n Pro Aconcagua.<\/p>\n<p>En la ocasi\u00f3n, el Director de Desarrollo Comunitario de Divisi\u00f3n Andina, Manuel Rivera, destac\u00f3 el valor del rescate patrimonial del inmueble, el cual asumi\u00f3 Divisi\u00f3n Andina en el marco de su responsabilidad social y como parte de su valor de Desarrollo Sustentable.<\/p>\n<p>\u00abEste es un d\u00eda hist\u00f3rico para Los Andes, y por varias razones. Ac\u00e1 confluyen amores compartidos, en funci\u00f3n de haber movilizado no s\u00f3lo recursos econ\u00f3micos, sino tambi\u00e9n recursos humanos. Codelco ha tenido la capacidad, a trav\u00e9s de Andina, su proyecto FIS y el proyecto Expansi\u00f3n, de movilizar corazones y voluntades para llegar a este primer hito\u00bb, dijo el representante de la cupr\u00edfera, quien en la oportunidad anunci\u00f3 que el proyecto de recuperaci\u00f3n de la estaci\u00f3n de Los Andes recibir\u00e1 nuevos recursos del Fondo de la Cultura para su segunda etapa.<\/p>\n<p>\u00abEste proyecto es especialmente significativo para Codelco Divisi\u00f3n Andina, pues nos permite dejar una huella importante en el patrimonio de la comuna, rescatando parte de la historia y memoria colectiva\u00bb, agreg\u00f3 el Consejero Jur\u00eddico de Andina, Manuel Opazo, en representaci\u00f3n del Gerente General de la Divisi\u00f3n, Ricardo Palma.<\/p>\n<p>Por su parte, Enzo Caracci, Gerente del Proyecto Expansi\u00f3n Andina 244 de la Vicepresidencia de Proyectos de Codelco, se\u00f1al\u00f3 que \u00abaqu\u00ed se demuestra que se puede trabajar en conjunto con distintas instituciones. Es un gran aporte para Los Andes. Esto hace revivir el pasado ferroviario, y da esperanzas a este tren de ni\u00f1os que van a ir saliendo al mundo con una sensibilidad muy buena. Es muy importante para la Divisi\u00f3n y para Codelco, que se pueden hacer cosas visibles para la comunidad, y no s\u00f3lo desde la producci\u00f3n y lo que eso aporta al pa\u00eds\u00bb.<\/p>\n<p>Durante la ceremonia se entreg\u00f3 un reconocimiento a los ni\u00f1os que egresan del Fosila porque contin\u00faan estudios superiores en otras ciudades, as\u00ed como aquellos que se integran a orquestas de car\u00e1cter nacional. En la oportunidad, ciento veinte ni\u00f1os de la agrupaci\u00f3n deleitaron a los cerca de 400 asistentes a la jornada. El director de Fosila, Mario Brignardello, valor\u00f3 que la rehabilitaci\u00f3n del inmueble \u00abes doblemente meritorio por lo que hace la Divisi\u00f3n por la ciudad; en primer lugar, por la recuperaci\u00f3n del edificio; y, en segundo, el hecho que el espacio mismo tiene una finalidad. Hay un doble compromiso que se plasma en cosas tangibles\u00bb.<\/p>\n<p>&nbsp;<\/p>\n","protected":false},"excerpt":{"rendered":"<p>Tras casi tres d\u00e9cadas de completo abandono, la ex estaci\u00f3n de ferrocarriles de Los Andes, podr\u00e1 ser habitada nuevamente tras el t\u00e9rmino de la primera etapa del proyecto de recuperaci\u00f3n del inmueble&#8230;<\/p>\n","protected":false},"author":482,"featured_media":41008,"comment_status":"open","ping_status":"closed","sticky":false,"template":"","format":"standard","meta":{"advanced_seo_description":"","jetpack_seo_html_title":"","jetpack_seo_noindex":false,"_jetpack_memberships_contains_paid_content":false,"footnotes":""},"categories":[1],"tags":[],"class_list":["post-41007","post","type-post","status-publish","format-standard","has-post-thumbnail","hentry","category-cronica"],"jetpack_featured_media_url":"https:\/\/i0.wp.com\/eltrabajo.cl\/portal\/wp-content\/uploads\/2013\/12\/Codelco1.jpg?fit=529%2C353&ssl=1","jetpack_sharing_enabled":true,"jetpack_likes_enabled":true,"jetpack-related-posts":[],"_links":{"self":[{"href":"https:\/\/eltrabajo.cl\/portal\/wp-json\/wp\/v2\/posts\/41007","targetHints":{"allow":["GET"]}}],"collection":[{"href":"https:\/\/eltrabajo.cl\/portal\/wp-json\/wp\/v2\/posts"}],"about":[{"href":"https:\/\/eltrabajo.cl\/portal\/wp-json\/wp\/v2\/types\/post"}],"author":[{"embeddable":true,"href":"https:\/\/eltrabajo.cl\/portal\/wp-json\/wp\/v2\/users\/482"}],"replies":[{"embeddable":true,"href":"https:\/\/eltrabajo.cl\/portal\/wp-json\/wp\/v2\/comments?post=41007"}],"version-history":[{"count":0,"href":"https:\/\/eltrabajo.cl\/portal\/wp-json\/wp\/v2\/posts\/41007\/revisions"}],"wp:featuredmedia":[{"embeddable":true,"href":"https:\/\/eltrabajo.cl\/portal\/wp-json\/wp\/v2\/media\/41008"}],"wp:attachment":[{"href":"https:\/\/eltrabajo.cl\/portal\/wp-json\/wp\/v2\/media?parent=41007"}],"wp:term":[{"taxonomy":"category","embeddable":true,"href":"https:\/\/eltrabajo.cl\/portal\/wp-json\/wp\/v2\/categories?post=41007"},{"taxonomy":"post_tag","embeddable":true,"href":"https:\/\/eltrabajo.cl\/portal\/wp-json\/wp\/v2\/tags?post=41007"}],"curies":[{"name":"wp","href":"https:\/\/api.w.org\/{rel}","templated":true}]}}