{"id":41010,"date":"2013-12-23T09:46:57","date_gmt":"2013-12-23T12:46:57","guid":{"rendered":"http:\/\/www.eltrabajo.cl\/portal\/?p=41010"},"modified":"2013-12-23T09:46:57","modified_gmt":"2013-12-23T12:46:57","slug":"alcalde-freire-entrego-camas-y-juguetes-a-familia-de-bellavista","status":"publish","type":"post","link":"https:\/\/eltrabajo.cl\/portal\/alcalde-freire-entrego-camas-y-juguetes-a-familia-de-bellavista\/","title":{"rendered":"Alcalde Freire entreg\u00f3 camas y juguetes a familia de Bellavista"},"content":{"rendered":"<figure id=\"attachment_41011\" aria-describedby=\"caption-attachment-41011\" style=\"width: 528px\" class=\"wp-caption alignnone\"><a href=\"https:\/\/i0.wp.com\/www.eltrabajo.cl\/portal\/wp-content\/uploads\/2013\/12\/entrega-ayuda.jpg\"><img data-recalc-dims=\"1\" loading=\"lazy\" decoding=\"async\" class=\"size-full wp-image-41011\" title=\"JUSTO A TIEMPO.- Maritza Molina y sus peque\u00f1os recibieron con alegr\u00eda los presentes que el \u00c1rea Social y Salud del municipio, hicieron entrega de las manos del Alcalde Freire.\" alt=\"JUSTO A TIEMPO.- Maritza Molina y sus peque\u00f1os recibieron con alegr\u00eda los presentes que el \u00c1rea Social y Salud del municipio, hicieron entrega de las manos del Alcalde Freire.\" src=\"https:\/\/i0.wp.com\/www.eltrabajo.cl\/portal\/wp-content\/uploads\/2013\/12\/entrega-ayuda.jpg?resize=528%2C355\" width=\"528\" height=\"355\" srcset=\"https:\/\/i0.wp.com\/eltrabajo.cl\/portal\/wp-content\/uploads\/2013\/12\/entrega-ayuda.jpg?w=528&amp;ssl=1 528w, https:\/\/i0.wp.com\/eltrabajo.cl\/portal\/wp-content\/uploads\/2013\/12\/entrega-ayuda.jpg?resize=200%2C134&amp;ssl=1 200w, https:\/\/i0.wp.com\/eltrabajo.cl\/portal\/wp-content\/uploads\/2013\/12\/entrega-ayuda.jpg?resize=300%2C201&amp;ssl=1 300w, https:\/\/i0.wp.com\/eltrabajo.cl\/portal\/wp-content\/uploads\/2013\/12\/entrega-ayuda.jpg?resize=150%2C100&amp;ssl=1 150w, https:\/\/i0.wp.com\/eltrabajo.cl\/portal\/wp-content\/uploads\/2013\/12\/entrega-ayuda.jpg?resize=400%2C268&amp;ssl=1 400w\" sizes=\"auto, (max-width: 528px) 100vw, 528px\" \/><\/a><figcaption id=\"caption-attachment-41011\" class=\"wp-caption-text\">JUSTO A TIEMPO.- Maritza Molina y sus peque\u00f1os recibieron con alegr\u00eda los presentes que el \u00c1rea Social y Salud del municipio, hicieron entrega de las manos del Alcalde Freire.<\/figcaption><\/figure>\n<p>Hasta el sector Estero Seco en Bellavista, lleg\u00f3 el viernes el Alcalde Patricio Freire acompa\u00f1ado del Director de Desarrollo Comunitario, Pablo Silva y profesionales del \u00e1rea Social y de Salud, para entregar dos camas a Maritza Molina, quien vive acompa\u00f1ada solo de tres ni\u00f1os, luego que su marido falleciera hace unos meses.<\/p>\n<p>Pasado el mediod\u00eda, el Alcalde Freire lleg\u00f3 al lugar para hacer entrega de estas camas que eran de suma necesidad para Maritza ya que los ni\u00f1os deb\u00edan dormir con bastante incomodidad en camas adaptadas con cajas.<\/p>\n<p>Visiblemente emocionado, el jefe comunal instruy\u00f3 que los funcionarios armaran de inmediato las camas y las dejaran listas para ser ocupadas por los peque\u00f1os en la noche, y as\u00ed durmieran c\u00f3modamente.<\/p>\n<p>\u00abSentimos mucha alegr\u00eda de estar ayudando a un sector que lo necesita, tambi\u00e9n tray\u00e9ndole alegr\u00eda a los ni\u00f1os, estamos cumpliendo lo que nos corresponde hacer, estoy convencido que debemos estar m\u00e1s cerca de este sector y viendo los problemas en terreno y ayudando a estos vecinos\u00bb, dijo el Alcalde Freire. Adem\u00e1s, el jefe comunal se\u00f1al\u00f3 que la municipalidad estar\u00e1 m\u00e1s cerca de todos los vecinos, apoy\u00e1ndolos a trav\u00e9s de los distintos programas sociales que existen en el pa\u00eds, con el objetivo de que ellos puedan mejorar su calidad de vida, por lo que instruy\u00f3 que los funcionarios se mantengan m\u00e1s en terreno viendo los problemas de la gente.<\/p>\n<p>Muy emocionada tambi\u00e9n se mostr\u00f3 Maritza quien est\u00e1 s\u00f3lo acompa\u00f1ada de los ni\u00f1os, que tienen tres a\u00f1os, cinco y siete a\u00f1os de edad, luego que su marido falleciera de c\u00e1ncer hace unos meses. Por eso se mostr\u00f3 muy agradecida, ya que los peque\u00f1os no ten\u00edan una cama c\u00f3moda en la cual descansar por las noches.<\/p>\n<p>\u00abEs mucha ayuda, porque ellos no ten\u00edan una cama buena como corresponde, as\u00ed que le agradezco al Alcalde y a las ni\u00f1as de salud, hab\u00edan venido los profesionales antes, estoy muy agradecida, es un regalo de navidad\u00bb, dijo emocionada Maritza.<\/p>\n<p>El Alcalde Freire comparti\u00f3 con los ni\u00f1os que viven con Maritza y con algunos de sus nietos que estaban de visita, entreg\u00e1ndoles dulces y regalos, viviendo el esp\u00edritu navide\u00f1o, en esta fecha especial para todos los vecinos.<\/p>\n<p>&nbsp;<\/p>\n","protected":false},"excerpt":{"rendered":"<p>Hasta el sector Estero Seco en Bellavista, lleg\u00f3 el viernes el Alcalde Patricio Freire acompa\u00f1ado del Director de Desarrollo Comunitario, Pablo Silva y profesionales del \u00e1rea Social y de Salud, para entregar&#8230;<\/p>\n","protected":false},"author":482,"featured_media":41011,"comment_status":"open","ping_status":"closed","sticky":false,"template":"","format":"standard","meta":{"advanced_seo_description":"","jetpack_seo_html_title":"","jetpack_seo_noindex":false,"_jetpack_memberships_contains_paid_content":false,"footnotes":""},"categories":[15],"tags":[],"class_list":["post-41010","post","type-post","status-publish","format-standard","has-post-thumbnail","hentry","category-comunidad"],"jetpack_featured_media_url":"https:\/\/i0.wp.com\/eltrabajo.cl\/portal\/wp-content\/uploads\/2013\/12\/entrega-ayuda.jpg?fit=528%2C355&ssl=1","jetpack_sharing_enabled":true,"jetpack_likes_enabled":true,"jetpack-related-posts":[],"_links":{"self":[{"href":"https:\/\/eltrabajo.cl\/portal\/wp-json\/wp\/v2\/posts\/41010","targetHints":{"allow":["GET"]}}],"collection":[{"href":"https:\/\/eltrabajo.cl\/portal\/wp-json\/wp\/v2\/posts"}],"about":[{"href":"https:\/\/eltrabajo.cl\/portal\/wp-json\/wp\/v2\/types\/post"}],"author":[{"embeddable":true,"href":"https:\/\/eltrabajo.cl\/portal\/wp-json\/wp\/v2\/users\/482"}],"replies":[{"embeddable":true,"href":"https:\/\/eltrabajo.cl\/portal\/wp-json\/wp\/v2\/comments?post=41010"}],"version-history":[{"count":0,"href":"https:\/\/eltrabajo.cl\/portal\/wp-json\/wp\/v2\/posts\/41010\/revisions"}],"wp:featuredmedia":[{"embeddable":true,"href":"https:\/\/eltrabajo.cl\/portal\/wp-json\/wp\/v2\/media\/41011"}],"wp:attachment":[{"href":"https:\/\/eltrabajo.cl\/portal\/wp-json\/wp\/v2\/media?parent=41010"}],"wp:term":[{"taxonomy":"category","embeddable":true,"href":"https:\/\/eltrabajo.cl\/portal\/wp-json\/wp\/v2\/categories?post=41010"},{"taxonomy":"post_tag","embeddable":true,"href":"https:\/\/eltrabajo.cl\/portal\/wp-json\/wp\/v2\/tags?post=41010"}],"curies":[{"name":"wp","href":"https:\/\/api.w.org\/{rel}","templated":true}]}}