{"id":41013,"date":"2013-12-23T09:50:45","date_gmt":"2013-12-23T12:50:45","guid":{"rendered":"http:\/\/www.eltrabajo.cl\/portal\/?p=41013"},"modified":"2013-12-23T09:56:31","modified_gmt":"2013-12-23T12:56:31","slug":"diputado-rivas-paga-apuesta-y-se-da-chapuzon-en-pileta-de-la-plaza","status":"publish","type":"post","link":"https:\/\/eltrabajo.cl\/portal\/diputado-rivas-paga-apuesta-y-se-da-chapuzon-en-pileta-de-la-plaza\/","title":{"rendered":"Diputado Rivas paga apuesta y se da \u2018chapuz\u00f3n\u2019 en pileta de la Plaza"},"content":{"rendered":"<figure id=\"attachment_41014\" aria-describedby=\"caption-attachment-41014\" style=\"width: 529px\" class=\"wp-caption alignnone\"><a href=\"https:\/\/i0.wp.com\/www.eltrabajo.cl\/portal\/wp-content\/uploads\/2013\/12\/Apuesta-Rivas-Nunez-1.jpg\"><img data-recalc-dims=\"1\" loading=\"lazy\" decoding=\"async\" class=\"size-full wp-image-41014\" title=\"El Diputado Gaspar Rivas recibe la venia de su par del PPD, Marco Antonio N\u00fa\u00f1ez y del Alcalde de San Felipe, Patricio Freire, dando a conocer el pago de la apuesta.\" alt=\"El Diputado Gaspar Rivas recibe la venia de su par del PPD, Marco Antonio N\u00fa\u00f1ez y del Alcalde de San Felipe, Patricio Freire, dando a conocer el pago de la apuesta.\" src=\"https:\/\/i0.wp.com\/www.eltrabajo.cl\/portal\/wp-content\/uploads\/2013\/12\/Apuesta-Rivas-Nunez-1.jpg?resize=529%2C397\" width=\"529\" height=\"397\" srcset=\"https:\/\/i0.wp.com\/eltrabajo.cl\/portal\/wp-content\/uploads\/2013\/12\/Apuesta-Rivas-Nunez-1.jpg?w=529&amp;ssl=1 529w, https:\/\/i0.wp.com\/eltrabajo.cl\/portal\/wp-content\/uploads\/2013\/12\/Apuesta-Rivas-Nunez-1.jpg?resize=200%2C150&amp;ssl=1 200w, https:\/\/i0.wp.com\/eltrabajo.cl\/portal\/wp-content\/uploads\/2013\/12\/Apuesta-Rivas-Nunez-1.jpg?resize=300%2C225&amp;ssl=1 300w, https:\/\/i0.wp.com\/eltrabajo.cl\/portal\/wp-content\/uploads\/2013\/12\/Apuesta-Rivas-Nunez-1.jpg?resize=150%2C112&amp;ssl=1 150w, https:\/\/i0.wp.com\/eltrabajo.cl\/portal\/wp-content\/uploads\/2013\/12\/Apuesta-Rivas-Nunez-1.jpg?resize=400%2C300&amp;ssl=1 400w\" sizes=\"auto, (max-width: 529px) 100vw, 529px\" \/><\/a><figcaption id=\"caption-attachment-41014\" class=\"wp-caption-text\">El Diputado Gaspar Rivas recibe la venia de su par del PPD, Marco Antonio N\u00fa\u00f1ez y del Alcalde de San Felipe, Patricio Freire, dando a conocer el pago de la apuesta.<\/figcaption><\/figure>\n<ul>\n<li><strong>Tras la derrota de Evelyn Matthei en la segunda vuelta presidencial, el parlamentario RN pag\u00f3 la apuesta a su hom\u00f3logo del PPD, Marco Antonio N\u00fa\u00f1ez.<\/strong><\/li>\n<\/ul>\n<p>Pasado el mediod\u00eda del viernes, se realiz\u00f3 el \u2018piletazo\u2019 del Diputado Gaspar Rivas, quien pag\u00f3 su apuesta presidencial con el Diputado Marco Antonio N\u00fa\u00f1ez, tras la derrota de Evelyn Matthei en las elecciones de segunda vuelta que se realizaron el domingo 15 del mes en curso.<\/p>\n<figure id=\"attachment_41015\" aria-describedby=\"caption-attachment-41015\" style=\"width: 423px\" class=\"wp-caption alignright\"><a href=\"https:\/\/i0.wp.com\/www.eltrabajo.cl\/portal\/wp-content\/uploads\/2013\/12\/Apuesta-Rivas-Nunez-2.jpg\"><img data-recalc-dims=\"1\" loading=\"lazy\" decoding=\"async\" class=\" wp-image-41015 \" title=\"Ya en el agua, el diputado posa para las c\u00e1maras, completamente mojado.\" alt=\"Ya en el agua, el diputado posa para las c\u00e1maras, completamente mojado.\" src=\"https:\/\/i0.wp.com\/www.eltrabajo.cl\/portal\/wp-content\/uploads\/2013\/12\/Apuesta-Rivas-Nunez-2.jpg?resize=423%2C318\" width=\"423\" height=\"318\" srcset=\"https:\/\/i0.wp.com\/eltrabajo.cl\/portal\/wp-content\/uploads\/2013\/12\/Apuesta-Rivas-Nunez-2.jpg?w=529&amp;ssl=1 529w, https:\/\/i0.wp.com\/eltrabajo.cl\/portal\/wp-content\/uploads\/2013\/12\/Apuesta-Rivas-Nunez-2.jpg?resize=200%2C150&amp;ssl=1 200w, https:\/\/i0.wp.com\/eltrabajo.cl\/portal\/wp-content\/uploads\/2013\/12\/Apuesta-Rivas-Nunez-2.jpg?resize=300%2C225&amp;ssl=1 300w, https:\/\/i0.wp.com\/eltrabajo.cl\/portal\/wp-content\/uploads\/2013\/12\/Apuesta-Rivas-Nunez-2.jpg?resize=150%2C112&amp;ssl=1 150w, https:\/\/i0.wp.com\/eltrabajo.cl\/portal\/wp-content\/uploads\/2013\/12\/Apuesta-Rivas-Nunez-2.jpg?resize=400%2C300&amp;ssl=1 400w\" sizes=\"auto, (max-width: 423px) 100vw, 423px\" \/><\/a><figcaption id=\"caption-attachment-41015\" class=\"wp-caption-text\">Ya en el agua, el diputado posa para las c\u00e1maras, completamente mojado.<\/figcaption><\/figure>\n<p>Rivas, lleg\u00f3 vistiendo jeans y polera y luego de recibir la venia del parlamentario PPD y del alcalde Patricio Freire, ingres\u00f3 a la pileta, para luego darse un chapuz\u00f3n, y finalmente, dar la vuelta alrededor de la pileta portando una bandera de Michelle Bachelet y una credencial de la ahora presidente electa.<\/p>\n<p>Tras posar para las c\u00e1maras y saludar a la gran cantidad de personas que se congreg\u00f3 en el principal paseo p\u00fablico, el diputado Rivas dijo que \u00abnosotros quisimos estar cumpliendo, honrando la palabra empe\u00f1ada, con Marco Antonio ten\u00edamos un compromiso, de que el diputado representante de la candidata que no resultara electa en la segunda vuelta presidencial, ten\u00eda que sumergirse en las aguas de la pileta de la Plaza de Armas de San Felipe y aqu\u00ed estamos, honrando la palabra, porque as\u00ed es como se construye un proyecto de pa\u00eds, en concordancia, con entendimiento y con confianza\u00bb.<\/p>\n<p>A juicio del parlamentario RN, \u00abesto es tambi\u00e9n el cumplimiento de un compromiso democr\u00e1tico, democr\u00e1ticamente adquirido y democr\u00e1ticamente pagado\u00bb.<\/p>\n<figure id=\"attachment_41016\" aria-describedby=\"caption-attachment-41016\" style=\"width: 423px\" class=\"wp-caption alignleft\"><a href=\"https:\/\/i0.wp.com\/www.eltrabajo.cl\/portal\/wp-content\/uploads\/2013\/12\/Apuesta-Rivas-Nunez-3.jpg\"><img data-recalc-dims=\"1\" loading=\"lazy\" decoding=\"async\" class=\" wp-image-41016 \" title=\"El diputado realiza una suerte de \u2018vuelta ol\u00edmpica\u2019, alrededor de la Plaza de Armas y con bandera de Bachelet en mano.\" alt=\"El diputado realiza una suerte de \u2018vuelta ol\u00edmpica\u2019, alrededor de la Plaza de Armas y con bandera de Bachelet en mano.\" src=\"https:\/\/i0.wp.com\/www.eltrabajo.cl\/portal\/wp-content\/uploads\/2013\/12\/Apuesta-Rivas-Nunez-3.jpg?resize=423%2C318\" width=\"423\" height=\"318\" srcset=\"https:\/\/i0.wp.com\/eltrabajo.cl\/portal\/wp-content\/uploads\/2013\/12\/Apuesta-Rivas-Nunez-3.jpg?w=529&amp;ssl=1 529w, https:\/\/i0.wp.com\/eltrabajo.cl\/portal\/wp-content\/uploads\/2013\/12\/Apuesta-Rivas-Nunez-3.jpg?resize=200%2C150&amp;ssl=1 200w, https:\/\/i0.wp.com\/eltrabajo.cl\/portal\/wp-content\/uploads\/2013\/12\/Apuesta-Rivas-Nunez-3.jpg?resize=300%2C225&amp;ssl=1 300w, https:\/\/i0.wp.com\/eltrabajo.cl\/portal\/wp-content\/uploads\/2013\/12\/Apuesta-Rivas-Nunez-3.jpg?resize=150%2C112&amp;ssl=1 150w, https:\/\/i0.wp.com\/eltrabajo.cl\/portal\/wp-content\/uploads\/2013\/12\/Apuesta-Rivas-Nunez-3.jpg?resize=400%2C300&amp;ssl=1 400w\" sizes=\"auto, (max-width: 423px) 100vw, 423px\" \/><\/a><figcaption id=\"caption-attachment-41016\" class=\"wp-caption-text\">El diputado realiza una suerte de \u2018vuelta ol\u00edmpica\u2019, alrededor de la Plaza de Armas y con bandera de Bachelet en mano.<\/figcaption><\/figure>\n<p>En tanto, el Diputado Marco Antonio N\u00fa\u00f1ez, destac\u00f3 que una vez que las elecciones presidenciales pasaron, d\u00e1ndole Aconcagua una gran mayor\u00eda, es necesario hacer alianza con todos los parlamentarios del valle, para cumplir los desaf\u00edos y hacer realidad los sue\u00f1os por un pa\u00eds mejor.<\/p>\n<p>\u00abPorque vienen tareas muy importantes: tenemos que construir la regi\u00f3n de Aconcagua y esa es la fuerza de todos, necesitamos una nueva Constituci\u00f3n y yo s\u00e9 que Gaspar est\u00e1 disponible, si se conversa con \u00e9l razonablemente, de votar a favor de una Educaci\u00f3n gratuita y de una Reforma Tributaria que resuelve este gran problema que hemos vivido en Chile\u00bb, manifest\u00f3 el parlamentario.<\/p>\n<p>Consultado el Diputado Rivas por su chapuz\u00f3n, reconoci\u00f3 que el agua de la pileta estaba bastante helada, no obstante manifest\u00f3 tambi\u00e9n que no es la primera vez que le toca hacer un acto de este tipo, ya que cuando ingres\u00f3 a estudiar Derecho a la Universidad de Chile, el mechoneo consist\u00eda precisamente en sumergirse a la pileta de la Plaza de Armas, so pretexto de que, quien no lo hac\u00eda, no terminar\u00eda nunca su carrera.<\/p>\n<p>&nbsp;<\/p>\n","protected":false},"excerpt":{"rendered":"<p>Tras la derrota de Evelyn Matthei en la segunda vuelta presidencial, el parlamentario RN pag\u00f3 la apuesta a su hom\u00f3logo del PPD, Marco Antonio N\u00fa\u00f1ez. Pasado el mediod\u00eda del viernes, se realiz\u00f3&#8230;<\/p>\n","protected":false},"author":482,"featured_media":41014,"comment_status":"open","ping_status":"closed","sticky":false,"template":"","format":"standard","meta":{"advanced_seo_description":"","jetpack_seo_html_title":"","jetpack_seo_noindex":false,"_jetpack_memberships_contains_paid_content":false,"footnotes":""},"categories":[1],"tags":[],"class_list":["post-41013","post","type-post","status-publish","format-standard","has-post-thumbnail","hentry","category-cronica"],"jetpack_featured_media_url":"https:\/\/i0.wp.com\/eltrabajo.cl\/portal\/wp-content\/uploads\/2013\/12\/Apuesta-Rivas-Nunez-1.jpg?fit=529%2C397&ssl=1","jetpack_sharing_enabled":true,"jetpack_likes_enabled":true,"jetpack-related-posts":[],"_links":{"self":[{"href":"https:\/\/eltrabajo.cl\/portal\/wp-json\/wp\/v2\/posts\/41013","targetHints":{"allow":["GET"]}}],"collection":[{"href":"https:\/\/eltrabajo.cl\/portal\/wp-json\/wp\/v2\/posts"}],"about":[{"href":"https:\/\/eltrabajo.cl\/portal\/wp-json\/wp\/v2\/types\/post"}],"author":[{"embeddable":true,"href":"https:\/\/eltrabajo.cl\/portal\/wp-json\/wp\/v2\/users\/482"}],"replies":[{"embeddable":true,"href":"https:\/\/eltrabajo.cl\/portal\/wp-json\/wp\/v2\/comments?post=41013"}],"version-history":[{"count":0,"href":"https:\/\/eltrabajo.cl\/portal\/wp-json\/wp\/v2\/posts\/41013\/revisions"}],"wp:featuredmedia":[{"embeddable":true,"href":"https:\/\/eltrabajo.cl\/portal\/wp-json\/wp\/v2\/media\/41014"}],"wp:attachment":[{"href":"https:\/\/eltrabajo.cl\/portal\/wp-json\/wp\/v2\/media?parent=41013"}],"wp:term":[{"taxonomy":"category","embeddable":true,"href":"https:\/\/eltrabajo.cl\/portal\/wp-json\/wp\/v2\/categories?post=41013"},{"taxonomy":"post_tag","embeddable":true,"href":"https:\/\/eltrabajo.cl\/portal\/wp-json\/wp\/v2\/tags?post=41013"}],"curies":[{"name":"wp","href":"https:\/\/api.w.org\/{rel}","templated":true}]}}