{"id":41019,"date":"2013-12-23T09:53:47","date_gmt":"2013-12-23T12:53:47","guid":{"rendered":"http:\/\/www.eltrabajo.cl\/portal\/?p=41019"},"modified":"2013-12-23T09:53:47","modified_gmt":"2013-12-23T12:53:47","slug":"en-alameda-yungay-inauguran-el-primer-skate-park-de-san-felipe","status":"publish","type":"post","link":"https:\/\/eltrabajo.cl\/portal\/en-alameda-yungay-inauguran-el-primer-skate-park-de-san-felipe\/","title":{"rendered":"En Alameda Yungay inauguran el primer Skate Park de San Felipe"},"content":{"rendered":"<figure id=\"attachment_41020\" aria-describedby=\"caption-attachment-41020\" style=\"width: 529px\" class=\"wp-caption alignnone\"><a href=\"https:\/\/i0.wp.com\/www.eltrabajo.cl\/portal\/wp-content\/uploads\/2013\/12\/Skater-2.jpg\"><img data-recalc-dims=\"1\" loading=\"lazy\" decoding=\"async\" class=\"size-full wp-image-41020\" title=\"Los j\u00f3venes mostraron a los asistentes sus habilidades sobre las tablas de skate, realizando piruetas en las rampas del skate park.\" alt=\"Los j\u00f3venes mostraron a los asistentes sus habilidades sobre las tablas de skate, realizando piruetas en las rampas del skate park.\" src=\"https:\/\/i0.wp.com\/www.eltrabajo.cl\/portal\/wp-content\/uploads\/2013\/12\/Skater-2.jpg?resize=529%2C397\" width=\"529\" height=\"397\" srcset=\"https:\/\/i0.wp.com\/eltrabajo.cl\/portal\/wp-content\/uploads\/2013\/12\/Skater-2.jpg?w=529&amp;ssl=1 529w, https:\/\/i0.wp.com\/eltrabajo.cl\/portal\/wp-content\/uploads\/2013\/12\/Skater-2.jpg?resize=200%2C150&amp;ssl=1 200w, https:\/\/i0.wp.com\/eltrabajo.cl\/portal\/wp-content\/uploads\/2013\/12\/Skater-2.jpg?resize=300%2C225&amp;ssl=1 300w, https:\/\/i0.wp.com\/eltrabajo.cl\/portal\/wp-content\/uploads\/2013\/12\/Skater-2.jpg?resize=150%2C112&amp;ssl=1 150w, https:\/\/i0.wp.com\/eltrabajo.cl\/portal\/wp-content\/uploads\/2013\/12\/Skater-2.jpg?resize=400%2C300&amp;ssl=1 400w\" sizes=\"auto, (max-width: 529px) 100vw, 529px\" \/><\/a><figcaption id=\"caption-attachment-41020\" class=\"wp-caption-text\">Los j\u00f3venes mostraron a los asistentes sus habilidades sobre las tablas de skate, realizando piruetas en las rampas del skate park.<\/figcaption><\/figure>\n<p>En medio de la alegr\u00eda de un grupo de j\u00f3venes que pudo llegar, la ma\u00f1ana del viernes, a la Alameda Yungay, fue inaugurado por las autoridades el primer Skate Park de la ciudad de San Felipe, iniciativa que representa una importante inversi\u00f3n hecha por el Gobierno Regional.<\/p>\n<figure id=\"attachment_41021\" aria-describedby=\"caption-attachment-41021\" style=\"width: 317px\" class=\"wp-caption alignleft\"><a href=\"https:\/\/i0.wp.com\/www.eltrabajo.cl\/portal\/wp-content\/uploads\/2013\/12\/Raul-Basualdo.jpg\"><img data-recalc-dims=\"1\" loading=\"lazy\" decoding=\"async\" class=\" wp-image-41021 \" title=\"Ra\u00fal Basualdo, tesorero de San Felipe Skate.\" alt=\"Ra\u00fal Basualdo, tesorero de San Felipe Skate.\" src=\"https:\/\/i0.wp.com\/www.eltrabajo.cl\/portal\/wp-content\/uploads\/2013\/12\/Raul-Basualdo.jpg?resize=317%2C322\" width=\"317\" height=\"322\" srcset=\"https:\/\/i0.wp.com\/eltrabajo.cl\/portal\/wp-content\/uploads\/2013\/12\/Raul-Basualdo.jpg?w=529&amp;ssl=1 529w, https:\/\/i0.wp.com\/eltrabajo.cl\/portal\/wp-content\/uploads\/2013\/12\/Raul-Basualdo.jpg?resize=148%2C150&amp;ssl=1 148w, https:\/\/i0.wp.com\/eltrabajo.cl\/portal\/wp-content\/uploads\/2013\/12\/Raul-Basualdo.jpg?resize=296%2C300&amp;ssl=1 296w, https:\/\/i0.wp.com\/eltrabajo.cl\/portal\/wp-content\/uploads\/2013\/12\/Raul-Basualdo.jpg?resize=400%2C405&amp;ssl=1 400w\" sizes=\"auto, (max-width: 317px) 100vw, 317px\" \/><\/a><figcaption id=\"caption-attachment-41021\" class=\"wp-caption-text\">Ra\u00fal Basualdo, tesorero de San Felipe Skate.<\/figcaption><\/figure>\n<p>Se trata de un proyecto que viene de la administraci\u00f3n de Jaime Amar, ejecutado en el actual per\u00edodo de Patricio Freire y propuesto por el Consejero Regional Iv\u00e1n Reyes, quien jug\u00f3 un papel protag\u00f3nico en este proceso, al escuchar la inquietud de los j\u00f3venes de la agrupaci\u00f3n San Felipe Skate e instar al municipio para que elaborara esta iniciativa, la que recibi\u00f3 el respaldo econ\u00f3mico del Gobierno Regional, a trav\u00e9s de la instancia de financiamiento denominada Circular 33.<\/p>\n<p>\u00abYo lo que quiero destacar es la participaci\u00f3n que tuvieron los j\u00f3venes en el desarrollo de este proyecto, porque gracias a ellos, as\u00ed como a la buena disposici\u00f3n de la empresa que se adjudic\u00f3 este proyecto, se pudieron ir haciendo algunas mejoras, que termin\u00f3 en lo que hoy podemos ver. Creo que es muy importante la participaci\u00f3n que se ha dado en este proyecto, por lo que espero que los skaters cuiden este espacio, que signific\u00f3 una inversi\u00f3n superior a los 40 millones de pesos\u00bb, precis\u00f3 el Consejero Regional.<\/p>\n<p>En tanto, el alcalde Patricio Freire, dijo sentirse muy conforme por la culminaci\u00f3n de esta cancha de skate, la que seg\u00fan dijo, apenas fue abierta y antes de ser inaugurada, ya estaba siendo utilizada por los j\u00f3venes deportistas, que ahora en su mayor\u00eda se congregan en este lugar que cumple con los requerimientos para la pr\u00e1ctica de esta disciplina.<\/p>\n<p>\u00abEste es un espacio de recreaci\u00f3n para un grupo importante de j\u00f3venes de San Felipe. Estamos recuperando espacios y eso es lo importante, por eso les agradezco a los consejeros regionales Iv\u00e1n Reyes, Eduardo Le\u00f3n y Nelson Contador, por la gran cantidad de recursos que ha llegado a la comuna, no solo para esta cancha de skate, sino para otros proyectos importantes\u00bb, se\u00f1al\u00f3 el Alcalde Freire.<\/p>\n<p>&nbsp;<\/p>\n<p><strong>SKATERS FELICES<\/strong><\/p>\n<p>En tanto, el Tesorero de San Felipe Skate, Ra\u00fal Basualdo, se mostr\u00f3 agradecido del municipio y del Consejero Regional Iv\u00e1n Reyes, manifestando que esta es la primera pista que se crea en la comuna.<\/p>\n<p>\u00abNosotros participamos del proyecto y aunque no somos peritos en cuanto a la construcci\u00f3n, si somos peritos en lo que quer\u00edamos, y nos result\u00f3 bien. Hay peque\u00f1as fallas, pero se van a ir solucionando. As\u00ed que estamos felices y le agradecemos al Consejo Regional y a todo el municipio\u00bb, manifest\u00f3 el joven skater.<\/p>\n<p>Fue en el marco de la ceremonia de inauguraci\u00f3n, que los j\u00f3venes de San Felipe Skate, realizaron una muestra de sus destrezas y piruetas, aprovechando las estructuras construidas, las que sin duda alguna, permitir\u00e1n resolver una necesidad muy sentida de este grupo de muchachos, que ped\u00eda a gritos un espacio para realizar este deporte.<\/p>\n<p>&nbsp;<\/p>\n","protected":false},"excerpt":{"rendered":"<p>En medio de la alegr\u00eda de un grupo de j\u00f3venes que pudo llegar, la ma\u00f1ana del viernes, a la Alameda Yungay, fue inaugurado por las autoridades el primer Skate Park de la&#8230;<\/p>\n","protected":false},"author":482,"featured_media":41020,"comment_status":"open","ping_status":"closed","sticky":false,"template":"","format":"standard","meta":{"advanced_seo_description":"","jetpack_seo_html_title":"","jetpack_seo_noindex":false,"_jetpack_memberships_contains_paid_content":false,"footnotes":""},"categories":[15],"tags":[],"class_list":["post-41019","post","type-post","status-publish","format-standard","has-post-thumbnail","hentry","category-comunidad"],"jetpack_featured_media_url":"https:\/\/i0.wp.com\/eltrabajo.cl\/portal\/wp-content\/uploads\/2013\/12\/Skater-2.jpg?fit=529%2C397&ssl=1","jetpack_sharing_enabled":true,"jetpack_likes_enabled":true,"jetpack-related-posts":[],"_links":{"self":[{"href":"https:\/\/eltrabajo.cl\/portal\/wp-json\/wp\/v2\/posts\/41019","targetHints":{"allow":["GET"]}}],"collection":[{"href":"https:\/\/eltrabajo.cl\/portal\/wp-json\/wp\/v2\/posts"}],"about":[{"href":"https:\/\/eltrabajo.cl\/portal\/wp-json\/wp\/v2\/types\/post"}],"author":[{"embeddable":true,"href":"https:\/\/eltrabajo.cl\/portal\/wp-json\/wp\/v2\/users\/482"}],"replies":[{"embeddable":true,"href":"https:\/\/eltrabajo.cl\/portal\/wp-json\/wp\/v2\/comments?post=41019"}],"version-history":[{"count":0,"href":"https:\/\/eltrabajo.cl\/portal\/wp-json\/wp\/v2\/posts\/41019\/revisions"}],"wp:featuredmedia":[{"embeddable":true,"href":"https:\/\/eltrabajo.cl\/portal\/wp-json\/wp\/v2\/media\/41020"}],"wp:attachment":[{"href":"https:\/\/eltrabajo.cl\/portal\/wp-json\/wp\/v2\/media?parent=41019"}],"wp:term":[{"taxonomy":"category","embeddable":true,"href":"https:\/\/eltrabajo.cl\/portal\/wp-json\/wp\/v2\/categories?post=41019"},{"taxonomy":"post_tag","embeddable":true,"href":"https:\/\/eltrabajo.cl\/portal\/wp-json\/wp\/v2\/tags?post=41019"}],"curies":[{"name":"wp","href":"https:\/\/api.w.org\/{rel}","templated":true}]}}