{"id":41050,"date":"2013-12-24T09:45:59","date_gmt":"2013-12-24T12:45:59","guid":{"rendered":"http:\/\/www.eltrabajo.cl\/portal\/?p=41050"},"modified":"2013-12-24T09:45:59","modified_gmt":"2013-12-24T12:45:59","slug":"murio-domingo-godoy-matte-ex-diputado-por-el-valle-de-aconcagua","status":"publish","type":"post","link":"https:\/\/eltrabajo.cl\/portal\/murio-domingo-godoy-matte-ex-diputado-por-el-valle-de-aconcagua\/","title":{"rendered":"Muri\u00f3 Domingo Godoy Matte, ex diputado por el Valle de Aconcagua"},"content":{"rendered":"<figure id=\"attachment_41051\" aria-describedby=\"caption-attachment-41051\" style=\"width: 423px\" class=\"wp-caption alignleft\"><a href=\"https:\/\/i0.wp.com\/www.eltrabajo.cl\/portal\/wp-content\/uploads\/2013\/12\/domingo-godoy-matte-1.jpg\"><img data-recalc-dims=\"1\" loading=\"lazy\" decoding=\"async\" class=\" wp-image-41051 \" title=\"El ex Diputado Domingo Godoy Matte, junto a su segunda esposa, Carmen Ib\u00e1\u00f1ez, \u2018La Regalona\u2019.\" alt=\"El ex Diputado Domingo Godoy Matte, junto a su segunda esposa, Carmen Ib\u00e1\u00f1ez, \u2018La Regalona\u2019.\" src=\"https:\/\/i0.wp.com\/www.eltrabajo.cl\/portal\/wp-content\/uploads\/2013\/12\/domingo-godoy-matte-1.jpg?resize=423%2C301\" width=\"423\" height=\"301\" srcset=\"https:\/\/i0.wp.com\/eltrabajo.cl\/portal\/wp-content\/uploads\/2013\/12\/domingo-godoy-matte-1.jpg?w=529&amp;ssl=1 529w, https:\/\/i0.wp.com\/eltrabajo.cl\/portal\/wp-content\/uploads\/2013\/12\/domingo-godoy-matte-1.jpg?resize=200%2C142&amp;ssl=1 200w, https:\/\/i0.wp.com\/eltrabajo.cl\/portal\/wp-content\/uploads\/2013\/12\/domingo-godoy-matte-1.jpg?resize=300%2C213&amp;ssl=1 300w, https:\/\/i0.wp.com\/eltrabajo.cl\/portal\/wp-content\/uploads\/2013\/12\/domingo-godoy-matte-1.jpg?resize=150%2C106&amp;ssl=1 150w, https:\/\/i0.wp.com\/eltrabajo.cl\/portal\/wp-content\/uploads\/2013\/12\/domingo-godoy-matte-1.jpg?resize=400%2C284&amp;ssl=1 400w\" sizes=\"auto, (max-width: 423px) 100vw, 423px\" \/><\/a><figcaption id=\"caption-attachment-41051\" class=\"wp-caption-text\">El ex Diputado Domingo Godoy Matte, junto a su segunda esposa, Carmen Ib\u00e1\u00f1ez, \u2018La Regalona\u2019.<\/figcaption><\/figure>\n<p>La madrugada de ayer, alrededor de las 03.00 horas y luego de soportar una prolongada enfermedad, falleci\u00f3 el ex diputado Domingo Godoy Matte, destacado pol\u00edtico del Valle de Aconcagua y padre del actual vicepresidente de la C\u00e1mara de Diputados, Joaqu\u00edn Godoy Ib\u00e1\u00f1ez.<\/p>\n<p>Seg\u00fan se pudo conocer desde fuentes ligadas a la familia, sus funerales se realizar\u00e1n en el Parque del Recuerdo este martes 24 de diciembre, luego de una misa que se efectuar\u00e1 a las 11:00 horas en la Iglesia San Juan Ap\u00f3stol, ubicada en Jacques Cazzote 5600, Vitacura, Santiago, mientras que sus restos est\u00e1n siendo velados en la misma iglesia.<\/p>\n<p>Desde la familia Godoy han expresado su gratitud ante las muestras de pesar, concedidas ante este acontecimiento, en tanto que el propio presidente de la c\u00e1mara baja, el Diputado Joaqu\u00edn Godoy, agradeci\u00f3 las expresiones de pesar que le han entregado tras conocerse el deceso de su padre.<\/p>\n<p>&nbsp;<\/p>\n<p><strong>DOMINGO\u00a0GODOY MATTE<\/strong><\/p>\n<p>Domingo Godody Matte naci\u00f3 en Santiago, el 19 de febrero de 1922. Hijo de Domingo Godoy P\u00e9rez y Luisa Matte Moreno.<\/p>\n<p>Realiz\u00f3 sus estudios en el Instituto Ingl\u00e9s de Santiago; luego de finalizar su etapa escolar, ingres\u00f3 a la carrera de Agronom\u00eda en la Universidad de Chile, titul\u00e1ndose de ingeniero agr\u00f3nomo en 1943. Posteriormente, efectu\u00f3 un postgrado en Econom\u00eda Agraria en la Universidad Abraham Lincon, en Nebraska. M\u00e1s adelante, en 1963, obtuvo la Beca Eisenhower para residir en Estados Unidos.<\/p>\n<p>Sus inicios en la pol\u00edtica los hizo en el Partido Liberal, tras lo cual particip\u00f3 de la fundaci\u00f3n del Partido Nacional, en 1966, llegando a ser su presidente en un per\u00edodo. Despu\u00e9s de la apertura democr\u00e1tica, en 1990, integra el Partido Renovaci\u00f3n Nacional. Inici\u00f3 sus actividades pol\u00edticas durante su \u00e9poca de estudiante universitario; en esos a\u00f1os ocup\u00f3 el cargo de presidente del Centro de Estudiantes de Agronom\u00eda.<\/p>\n<p>En 1953-1956, fue electo regidor de la Municipalidad de Romeral, en representaci\u00f3n del Partido Liberal.<\/p>\n<p>Fue electo diputado, por la Quinta Agrupaci\u00f3n Departamental \u2018San Felipe, Petorca y Los Andes\u2019, per\u00edodo 1969-1973; integr\u00f3 la Comisi\u00f3n Permanente de Agricultura y Colonizaci\u00f3n; la de Gobierno Interior; y la de Integraci\u00f3n Latinoamericana. Miembro de la Comisi\u00f3n Especial de Situaci\u00f3n Laboral en la Minera Andina, 1969-1970; de la Comisi\u00f3n Especial Investigadora de la Industria Carozzi, 1969-1970; y de la Especial Investigadora de Denuncia de Flagelaciones en el Servicio de Investigaciones, 1970-1971.<\/p>\n<p>Luego de ello fue reelecto diputado, por la misma Agrupaci\u00f3n, per\u00edodo 1973-1977; integr\u00f3 la Comisi\u00f3n Permanente de gobierno Interior, la que presidi\u00f3. El golpe militar del 11 de septiembre de 1973, puso t\u00e9rmino anticipado al per\u00edodo.<\/p>\n<p>&nbsp;<\/p>\n","protected":false},"excerpt":{"rendered":"<p>La madrugada de ayer, alrededor de las 03.00 horas y luego de soportar una prolongada enfermedad, falleci\u00f3 el ex diputado Domingo Godoy Matte, destacado pol\u00edtico del Valle de Aconcagua y padre del&#8230;<\/p>\n","protected":false},"author":482,"featured_media":41051,"comment_status":"open","ping_status":"closed","sticky":false,"template":"","format":"standard","meta":{"advanced_seo_description":"","jetpack_seo_html_title":"","jetpack_seo_noindex":false,"_jetpack_memberships_contains_paid_content":false,"footnotes":""},"categories":[15],"tags":[],"class_list":["post-41050","post","type-post","status-publish","format-standard","has-post-thumbnail","hentry","category-comunidad"],"jetpack_featured_media_url":"https:\/\/i0.wp.com\/eltrabajo.cl\/portal\/wp-content\/uploads\/2013\/12\/domingo-godoy-matte-1.jpg?fit=529%2C376&ssl=1","jetpack_sharing_enabled":true,"jetpack_likes_enabled":true,"jetpack-related-posts":[],"_links":{"self":[{"href":"https:\/\/eltrabajo.cl\/portal\/wp-json\/wp\/v2\/posts\/41050","targetHints":{"allow":["GET"]}}],"collection":[{"href":"https:\/\/eltrabajo.cl\/portal\/wp-json\/wp\/v2\/posts"}],"about":[{"href":"https:\/\/eltrabajo.cl\/portal\/wp-json\/wp\/v2\/types\/post"}],"author":[{"embeddable":true,"href":"https:\/\/eltrabajo.cl\/portal\/wp-json\/wp\/v2\/users\/482"}],"replies":[{"embeddable":true,"href":"https:\/\/eltrabajo.cl\/portal\/wp-json\/wp\/v2\/comments?post=41050"}],"version-history":[{"count":0,"href":"https:\/\/eltrabajo.cl\/portal\/wp-json\/wp\/v2\/posts\/41050\/revisions"}],"wp:featuredmedia":[{"embeddable":true,"href":"https:\/\/eltrabajo.cl\/portal\/wp-json\/wp\/v2\/media\/41051"}],"wp:attachment":[{"href":"https:\/\/eltrabajo.cl\/portal\/wp-json\/wp\/v2\/media?parent=41050"}],"wp:term":[{"taxonomy":"category","embeddable":true,"href":"https:\/\/eltrabajo.cl\/portal\/wp-json\/wp\/v2\/categories?post=41050"},{"taxonomy":"post_tag","embeddable":true,"href":"https:\/\/eltrabajo.cl\/portal\/wp-json\/wp\/v2\/tags?post=41050"}],"curies":[{"name":"wp","href":"https:\/\/api.w.org\/{rel}","templated":true}]}}