{"id":41053,"date":"2013-12-24T09:49:05","date_gmt":"2013-12-24T12:49:05","guid":{"rendered":"http:\/\/www.eltrabajo.cl\/portal\/?p=41053"},"modified":"2013-12-24T10:01:19","modified_gmt":"2013-12-24T13:01:19","slug":"emotiva-fiesta-de-navidad-vivieron-ninos-y-adultos-de-villa-las-acacias-iii","status":"publish","type":"post","link":"https:\/\/eltrabajo.cl\/portal\/emotiva-fiesta-de-navidad-vivieron-ninos-y-adultos-de-villa-las-acacias-iii\/","title":{"rendered":"Emotiva fiesta de Navidad vivieron ni\u00f1os y adultos de Villa Las Acacias III"},"content":{"rendered":"<figure id=\"attachment_41054\" aria-describedby=\"caption-attachment-41054\" style=\"width: 338px\" class=\"wp-caption alignleft\"><a href=\"https:\/\/i0.wp.com\/www.eltrabajo.cl\/portal\/wp-content\/uploads\/2013\/12\/Viejo-Pascuero-en-Las-Acacias.jpg\"><img data-recalc-dims=\"1\" loading=\"lazy\" decoding=\"async\" class=\"wp-image-41054  \" title=\"Ni m\u00e1s ni menos que el Viejito Pascuero entreg\u00f3 los regalos a los ni\u00f1os de Las Acacias III.\" alt=\"Ni m\u00e1s ni menos que el Viejito Pascuero entreg\u00f3 los regalos a los ni\u00f1os de Las Acacias III.\" src=\"https:\/\/i0.wp.com\/www.eltrabajo.cl\/portal\/wp-content\/uploads\/2013\/12\/Viejo-Pascuero-en-Las-Acacias.jpg?resize=338%2C453\" width=\"338\" height=\"453\" srcset=\"https:\/\/i0.wp.com\/eltrabajo.cl\/portal\/wp-content\/uploads\/2013\/12\/Viejo-Pascuero-en-Las-Acacias.jpg?w=529&amp;ssl=1 529w, https:\/\/i0.wp.com\/eltrabajo.cl\/portal\/wp-content\/uploads\/2013\/12\/Viejo-Pascuero-en-Las-Acacias.jpg?resize=112%2C150&amp;ssl=1 112w, https:\/\/i0.wp.com\/eltrabajo.cl\/portal\/wp-content\/uploads\/2013\/12\/Viejo-Pascuero-en-Las-Acacias.jpg?resize=224%2C300&amp;ssl=1 224w\" sizes=\"auto, (max-width: 338px) 100vw, 338px\" \/><\/a><figcaption id=\"caption-attachment-41054\" class=\"wp-caption-text\">Ni m\u00e1s ni menos que el Viejito Pascuero entreg\u00f3 los regalos a los ni\u00f1os de Las Acacias III.<\/figcaption><\/figure>\n<p>Una entretenida y emotiva fiesta navide\u00f1a, fue la que tuvieron los ni\u00f1os y ni\u00f1as en Villa Las Acacias III Etapa, ocasi\u00f3n en la que se reunieron los vecinos y vecinas del sector, para compartir y contagiarse del esp\u00edritu navide\u00f1o, ese que llega de la mano del nacimiento del ni\u00f1o Jes\u00fas.<\/p>\n<p>En la ocasi\u00f3n se aprovech\u00f3 de entregar los regalos correspondientes a los juguetes que aporta la municipalidad a trav\u00e9s de su Programa de Navidad, a noventa ni\u00f1os del sector de entre 0 y 6 a\u00f1os, resultando todos aquellos que asistieron, favorecidos con un obsequio.<\/p>\n<p>Jessica Leiva, presidenta de la Junta de Vecinos de Las Acacias, se\u00f1al\u00f3 que \u201cle celebramos a m\u00e1s de noventa ni\u00f1os la Fiesta de Navidad. Estuvo muy bonito, nos acompa\u00f1aron hartos vecinos y asisti\u00f3 el alcalde y el concejal Basilio Muena, as\u00ed que estamos muy contentos de haber realizado esta actividad\u201d.<\/p>\n<p>En cuanto a la entrega de regalos, la dirigente manifest\u00f3 que \u201ctodos los ni\u00f1os menores se vieron beneficiados con los regalos del municipio, pero adem\u00e1s les dimos dulces, heladitos y todo lo que ten\u00edamos al alcance. Los pap\u00e1s en tanto, recibieron pan de pascua y ponchecito\u201d.<\/p>\n<p>Destac\u00f3 la presidenta de la Junta de Vecinos que entre los pobladores de Las Acacias III existe gran satisfacci\u00f3n por los avances que se han logrado, sobre todo en materia de recuperaci\u00f3n de espacios p\u00fablicos, lo que se ha reflejado en el mejoramiento de plazoletas que ahora son utilizadas de buena manera por ni\u00f1os y adultos.<\/p>\n<figure id=\"attachment_41055\" aria-describedby=\"caption-attachment-41055\" style=\"width: 370px\" class=\"wp-caption alignright\"><a href=\"https:\/\/i0.wp.com\/www.eltrabajo.cl\/portal\/wp-content\/uploads\/2013\/12\/Viejo-Pascuero-y-el-alcalde.jpg\"><img data-recalc-dims=\"1\" loading=\"lazy\" decoding=\"async\" class=\" wp-image-41055 \" title=\"El alcalde Patricio Freire tambi\u00e9n fue recibido por el Viejito Pascuero.\" alt=\"El alcalde Patricio Freire tambi\u00e9n fue recibido por el Viejito Pascuero.\" src=\"https:\/\/i0.wp.com\/www.eltrabajo.cl\/portal\/wp-content\/uploads\/2013\/12\/Viejo-Pascuero-y-el-alcalde.jpg?resize=370%2C412\" width=\"370\" height=\"412\" srcset=\"https:\/\/i0.wp.com\/eltrabajo.cl\/portal\/wp-content\/uploads\/2013\/12\/Viejo-Pascuero-y-el-alcalde.jpg?w=529&amp;ssl=1 529w, https:\/\/i0.wp.com\/eltrabajo.cl\/portal\/wp-content\/uploads\/2013\/12\/Viejo-Pascuero-y-el-alcalde.jpg?resize=134%2C150&amp;ssl=1 134w, https:\/\/i0.wp.com\/eltrabajo.cl\/portal\/wp-content\/uploads\/2013\/12\/Viejo-Pascuero-y-el-alcalde.jpg?resize=269%2C300&amp;ssl=1 269w, https:\/\/i0.wp.com\/eltrabajo.cl\/portal\/wp-content\/uploads\/2013\/12\/Viejo-Pascuero-y-el-alcalde.jpg?resize=400%2C445&amp;ssl=1 400w\" sizes=\"auto, (max-width: 370px) 100vw, 370px\" \/><\/a><figcaption id=\"caption-attachment-41055\" class=\"wp-caption-text\">El alcalde Patricio Freire tambi\u00e9n fue recibido por el Viejito Pascuero.<\/figcaption><\/figure>\n<p>En cuanto a los desaf\u00edos para el pr\u00f3ximo a\u00f1o, dijo que son muchos, no obstante manifest\u00f3 que est\u00e1n esperanzados de seguir avanzando, para una mejor calidad de vida de todos y cada uno de los habitantes de este sector.<\/p>\n<p>Finalmente la dirigente vecinal aprovech\u00f3 la instancia para enviar un saludo a los pobladores de Las Acacias y de toda la comuna de San Felipe, dese\u00e1ndoles a todos una Feliz Navidad. Saludo que tambi\u00e9n recogemos y hacemos extensivo a todos los vecinos del valle de Aconcagua.<\/p>\n<p>&nbsp;<\/p>\n","protected":false},"excerpt":{"rendered":"<p>Una entretenida y emotiva fiesta navide\u00f1a, fue la que tuvieron los ni\u00f1os y ni\u00f1as en Villa Las Acacias III Etapa, ocasi\u00f3n en la que se reunieron los vecinos y vecinas del sector,&#8230;<\/p>\n","protected":false},"author":482,"featured_media":41054,"comment_status":"open","ping_status":"closed","sticky":false,"template":"","format":"standard","meta":{"advanced_seo_description":"","jetpack_seo_html_title":"","jetpack_seo_noindex":false,"_jetpack_memberships_contains_paid_content":false,"footnotes":""},"categories":[1],"tags":[],"class_list":["post-41053","post","type-post","status-publish","format-standard","has-post-thumbnail","hentry","category-cronica"],"jetpack_featured_media_url":"https:\/\/i0.wp.com\/eltrabajo.cl\/portal\/wp-content\/uploads\/2013\/12\/Viejo-Pascuero-en-Las-Acacias.jpg?fit=529%2C707&ssl=1","jetpack_sharing_enabled":true,"jetpack_likes_enabled":true,"jetpack-related-posts":[],"_links":{"self":[{"href":"https:\/\/eltrabajo.cl\/portal\/wp-json\/wp\/v2\/posts\/41053","targetHints":{"allow":["GET"]}}],"collection":[{"href":"https:\/\/eltrabajo.cl\/portal\/wp-json\/wp\/v2\/posts"}],"about":[{"href":"https:\/\/eltrabajo.cl\/portal\/wp-json\/wp\/v2\/types\/post"}],"author":[{"embeddable":true,"href":"https:\/\/eltrabajo.cl\/portal\/wp-json\/wp\/v2\/users\/482"}],"replies":[{"embeddable":true,"href":"https:\/\/eltrabajo.cl\/portal\/wp-json\/wp\/v2\/comments?post=41053"}],"version-history":[{"count":0,"href":"https:\/\/eltrabajo.cl\/portal\/wp-json\/wp\/v2\/posts\/41053\/revisions"}],"wp:featuredmedia":[{"embeddable":true,"href":"https:\/\/eltrabajo.cl\/portal\/wp-json\/wp\/v2\/media\/41054"}],"wp:attachment":[{"href":"https:\/\/eltrabajo.cl\/portal\/wp-json\/wp\/v2\/media?parent=41053"}],"wp:term":[{"taxonomy":"category","embeddable":true,"href":"https:\/\/eltrabajo.cl\/portal\/wp-json\/wp\/v2\/categories?post=41053"},{"taxonomy":"post_tag","embeddable":true,"href":"https:\/\/eltrabajo.cl\/portal\/wp-json\/wp\/v2\/tags?post=41053"}],"curies":[{"name":"wp","href":"https:\/\/api.w.org\/{rel}","templated":true}]}}