{"id":41059,"date":"2013-12-24T09:51:09","date_gmt":"2013-12-24T12:51:09","guid":{"rendered":"http:\/\/www.eltrabajo.cl\/portal\/?p=41059"},"modified":"2013-12-24T09:51:09","modified_gmt":"2013-12-24T12:51:09","slug":"gobierno-regional-comenzo-a-recibir-proyectos-a-financiar-con-el-2-por-ciento","status":"publish","type":"post","link":"https:\/\/eltrabajo.cl\/portal\/gobierno-regional-comenzo-a-recibir-proyectos-a-financiar-con-el-2-por-ciento\/","title":{"rendered":"Gobierno Regional comenz\u00f3 a recibir proyectos a financiar con el 2 por ciento"},"content":{"rendered":"<figure id=\"attachment_41060\" aria-describedby=\"caption-attachment-41060\" style=\"width: 222px\" class=\"wp-caption alignleft\"><a href=\"https:\/\/i0.wp.com\/www.eltrabajo.cl\/portal\/wp-content\/uploads\/2013\/12\/Ivan-Reyes.jpg\"><img data-recalc-dims=\"1\" loading=\"lazy\" decoding=\"async\" class=\" wp-image-41060  \" title=\"El consejero regional Iv\u00e1n Reyes, formul\u00f3 un llamado a postular proyectos en las \u00e1reas de Cultura, Deportes y Seguridad Ciudadana, al Gobierno Regional.\" alt=\"El consejero regional Iv\u00e1n Reyes, formul\u00f3 un llamado a postular proyectos en las \u00e1reas de Cultura, Deportes y Seguridad Ciudadana, al Gobierno Regional.\" src=\"https:\/\/i0.wp.com\/www.eltrabajo.cl\/portal\/wp-content\/uploads\/2013\/12\/Ivan-Reyes.jpg?resize=222%2C297\" width=\"222\" height=\"297\" srcset=\"https:\/\/i0.wp.com\/eltrabajo.cl\/portal\/wp-content\/uploads\/2013\/12\/Ivan-Reyes.jpg?w=529&amp;ssl=1 529w, https:\/\/i0.wp.com\/eltrabajo.cl\/portal\/wp-content\/uploads\/2013\/12\/Ivan-Reyes.jpg?resize=112%2C150&amp;ssl=1 112w, https:\/\/i0.wp.com\/eltrabajo.cl\/portal\/wp-content\/uploads\/2013\/12\/Ivan-Reyes.jpg?resize=224%2C300&amp;ssl=1 224w, https:\/\/i0.wp.com\/eltrabajo.cl\/portal\/wp-content\/uploads\/2013\/12\/Ivan-Reyes.jpg?resize=400%2C533&amp;ssl=1 400w\" sizes=\"auto, (max-width: 222px) 100vw, 222px\" \/><\/a><figcaption id=\"caption-attachment-41060\" class=\"wp-caption-text\">El consejero regional Iv\u00e1n Reyes, formul\u00f3 un llamado a postular proyectos en las \u00e1reas de Cultura, Deportes y Seguridad Ciudadana, al Gobierno Regional.<\/figcaption><\/figure>\n<p>El consejero regional Iv\u00e1n Reyes, confirm\u00f3 que ya est\u00e1n abiertas las postulaciones de proyectos en cultura, deportes y seguridad ciudadana, en el llamado 2 por ciento para cada una de estas \u00e1reas que considera el Gobierno Regional, con plazo de cierre para la presentaci\u00f3n de iniciativas el 3 de enero pr\u00f3ximo.<\/p>\n<p>Seg\u00fan dijo el personero, ya fue subido al portal del Gobierno Regional, el primer llamado de 2014 al 2 por ciento de Deporte, Cultura y Seguridad Ciudadana, por lo que todas las instituciones pueden iniciar el proceso de postulaci\u00f3n, ya sea a trav\u00e9s de las Gobernaciones Provinciales, entregando directamente al Gobierno Regional en Valpara\u00edso, o bien, postulando v\u00eda on line.<\/p>\n<p>\u201cEsto corresponde al 2% de Deportes, 2% de Cultura y 2% de Seguridad Ciudadana, del primer llamado del a\u00f1o 2014, debiendo realizarse las acciones consignadas en el proyecto, desde el 1 de marzo al 31 de agosto. Esperamos que podamos avanzar con normalidad y tener un proceso mucho m\u00e1s r\u00e1pido y efectivo, sin las problem\u00e1ticas que nos hemos encontrado en el concurso del a\u00f1o 2013\u201d, se\u00f1al\u00f3 Iv\u00e1n Reyes.<\/p>\n<p>Precis\u00f3 el Core que en el caso de los municipios y otros organismos p\u00fablicos, \u00e9stos pueden postular proyectos para optar a financiamiento de entre 3 y 30 millones de pesos; mientras que las juntas de vecinos y organizaciones comunitarias, pueden postular proyectos de entre 500 mil y 3 millones de pesos.<\/p>\n<p>\u201cTodo lo que tenga que ver con uniones comunales, ONG o instituciones culturales, pueden postular proyectos desde un mill\u00f3n 500 mil pesos hasta los 10 millones\u201d, explic\u00f3 Iv\u00e1n Reyes.<\/p>\n<p>Destac\u00f3 el consejero regional que en la provincia de San Felipe hay instituciones que est\u00e1n postulando permanentemente, permiti\u00e9ndoles concretar muchas iniciativas. A modo de ejemplo, cit\u00f3 el caso del Club Estrellas sobre ruedas, que realiz\u00f3 el fin de semana su gala de fin de a\u00f1o y que pudo viajar a Mendoza a competir, gracias a los fondos obtenidos a trav\u00e9s del 2 por ciento de Deportes.<\/p>\n<p>\u201cHay clubes deportivos que se dedican a organizar torneos, juntas de vecinos que se proveen de mobiliario para sus sedes al postular proyectos de torneos de pimp\u00f3n, as\u00ed como organizaciones que han desarrollado iniciativas de alarmas comunitarias\u201d, puntualiz\u00f3 Iv\u00e1n Reyes.<\/p>\n<p>&nbsp;<\/p>\n","protected":false},"excerpt":{"rendered":"<p>El consejero regional Iv\u00e1n Reyes, confirm\u00f3 que ya est\u00e1n abiertas las postulaciones de proyectos en cultura, deportes y seguridad ciudadana, en el llamado 2 por ciento para cada una de estas \u00e1reas&#8230;<\/p>\n","protected":false},"author":482,"featured_media":41060,"comment_status":"open","ping_status":"closed","sticky":false,"template":"","format":"standard","meta":{"advanced_seo_description":"","jetpack_seo_html_title":"","jetpack_seo_noindex":false,"_jetpack_memberships_contains_paid_content":false,"footnotes":""},"categories":[1],"tags":[],"class_list":["post-41059","post","type-post","status-publish","format-standard","has-post-thumbnail","hentry","category-cronica"],"jetpack_featured_media_url":"https:\/\/i0.wp.com\/eltrabajo.cl\/portal\/wp-content\/uploads\/2013\/12\/Ivan-Reyes.jpg?fit=529%2C706&ssl=1","jetpack_sharing_enabled":true,"jetpack_likes_enabled":true,"jetpack-related-posts":[],"_links":{"self":[{"href":"https:\/\/eltrabajo.cl\/portal\/wp-json\/wp\/v2\/posts\/41059","targetHints":{"allow":["GET"]}}],"collection":[{"href":"https:\/\/eltrabajo.cl\/portal\/wp-json\/wp\/v2\/posts"}],"about":[{"href":"https:\/\/eltrabajo.cl\/portal\/wp-json\/wp\/v2\/types\/post"}],"author":[{"embeddable":true,"href":"https:\/\/eltrabajo.cl\/portal\/wp-json\/wp\/v2\/users\/482"}],"replies":[{"embeddable":true,"href":"https:\/\/eltrabajo.cl\/portal\/wp-json\/wp\/v2\/comments?post=41059"}],"version-history":[{"count":0,"href":"https:\/\/eltrabajo.cl\/portal\/wp-json\/wp\/v2\/posts\/41059\/revisions"}],"wp:featuredmedia":[{"embeddable":true,"href":"https:\/\/eltrabajo.cl\/portal\/wp-json\/wp\/v2\/media\/41060"}],"wp:attachment":[{"href":"https:\/\/eltrabajo.cl\/portal\/wp-json\/wp\/v2\/media?parent=41059"}],"wp:term":[{"taxonomy":"category","embeddable":true,"href":"https:\/\/eltrabajo.cl\/portal\/wp-json\/wp\/v2\/categories?post=41059"},{"taxonomy":"post_tag","embeddable":true,"href":"https:\/\/eltrabajo.cl\/portal\/wp-json\/wp\/v2\/tags?post=41059"}],"curies":[{"name":"wp","href":"https:\/\/api.w.org\/{rel}","templated":true}]}}