{"id":41064,"date":"2013-12-24T09:53:12","date_gmt":"2013-12-24T12:53:12","guid":{"rendered":"http:\/\/www.eltrabajo.cl\/portal\/?p=41064"},"modified":"2013-12-24T09:53:12","modified_gmt":"2013-12-24T12:53:12","slug":"municipio-cancelara-en-breve-saldo-pendiente-subvencion-2012-a-bomberos","status":"publish","type":"post","link":"https:\/\/eltrabajo.cl\/portal\/municipio-cancelara-en-breve-saldo-pendiente-subvencion-2012-a-bomberos\/","title":{"rendered":"Municipio cancelar\u00e1 en breve saldo pendiente subvenci\u00f3n 2012 a Bomberos"},"content":{"rendered":"<figure id=\"attachment_41065\" aria-describedby=\"caption-attachment-41065\" style=\"width: 317px\" class=\"wp-caption alignleft\"><a href=\"https:\/\/i0.wp.com\/www.eltrabajo.cl\/portal\/wp-content\/uploads\/2013\/12\/Patricio-Gonzalez-2.jpg\"><img data-recalc-dims=\"1\" loading=\"lazy\" decoding=\"async\" class=\" wp-image-41065 \" title=\"El administrador municipal de San Felipe, Patricio Gonz\u00e1lez, dijo que a m\u00e1s tardar los primeros d\u00edas de enero se cancelar\u00e1 el saldo pendiente de la subvenci\u00f3n 2012 a Bomberos.\" alt=\"El administrador municipal de San Felipe, Patricio Gonz\u00e1lez, dijo que a m\u00e1s tardar los primeros d\u00edas de enero se cancelar\u00e1 el saldo pendiente de la subvenci\u00f3n 2012 a Bomberos.\" src=\"https:\/\/i0.wp.com\/www.eltrabajo.cl\/portal\/wp-content\/uploads\/2013\/12\/Patricio-Gonzalez-2.jpg?resize=317%2C238\" width=\"317\" height=\"238\" srcset=\"https:\/\/i0.wp.com\/eltrabajo.cl\/portal\/wp-content\/uploads\/2013\/12\/Patricio-Gonzalez-2.jpg?w=529&amp;ssl=1 529w, https:\/\/i0.wp.com\/eltrabajo.cl\/portal\/wp-content\/uploads\/2013\/12\/Patricio-Gonzalez-2.jpg?resize=200%2C150&amp;ssl=1 200w, https:\/\/i0.wp.com\/eltrabajo.cl\/portal\/wp-content\/uploads\/2013\/12\/Patricio-Gonzalez-2.jpg?resize=300%2C225&amp;ssl=1 300w, https:\/\/i0.wp.com\/eltrabajo.cl\/portal\/wp-content\/uploads\/2013\/12\/Patricio-Gonzalez-2.jpg?resize=150%2C112&amp;ssl=1 150w, https:\/\/i0.wp.com\/eltrabajo.cl\/portal\/wp-content\/uploads\/2013\/12\/Patricio-Gonzalez-2.jpg?resize=400%2C300&amp;ssl=1 400w\" sizes=\"auto, (max-width: 317px) 100vw, 317px\" \/><\/a><figcaption id=\"caption-attachment-41065\" class=\"wp-caption-text\">El administrador municipal de San Felipe, Patricio Gonz\u00e1lez, dijo que a m\u00e1s tardar los primeros d\u00edas de enero se cancelar\u00e1 el saldo pendiente de la subvenci\u00f3n 2012 a Bomberos.<\/figcaption><\/figure>\n<p>Alcalde acord\u00f3 con Superintendente de Bomberos pagar la subvenci\u00f3n 2013 el pr\u00f3ximo a\u00f1o, con el compromiso de ponerse al d\u00eda y regularizar el cumplimiento de este acuerdo.<\/p>\n<p>El Administrador de la municipalidad de San Felipe, Patricio Gonz\u00e1lez, manifest\u00f3 que antes del 31 de diciembre se cancelar\u00e1 el saldo pendiente de subvenci\u00f3n 2012 al Cuerpo de Bomberos, en tanto que el compromiso de pago por subvenci\u00f3n 2013, que asciende a 20 millones de pesos, se cancelar\u00e1 en el transcurso del a\u00f1o pr\u00f3ximo.<\/p>\n<p>El personero municipal, se\u00f1al\u00f3 que el deseo del alcalde Freire es ponerse al d\u00eda con estos pagos, explicando que lo ideal es pagar oportunamente la subvenci\u00f3n y aunque les hubiese gustado hacerlo desde ya, pagando la deuda 2013, a estas alturas del a\u00f1o es dif\u00edcil hacerlo considerando que est\u00e1n en pleno proceso de pago de facturas pendientes, as\u00ed como de remuneraciones. A\u00fan as\u00ed, manifest\u00f3 que es la intenci\u00f3n de la autoridad municipal regularizar esta situaci\u00f3n y cancelar en tiempo y forma estos compromisos, as\u00ed como otros por concepto de subvenci\u00f3n que ha asumido la municipalidad de San Felipe.<\/p>\n<p>Respecto de esta situaci\u00f3n de pago de subvenciones atrasadas, Patricio Gonz\u00e1lez manifest\u00f3 que el alcalde sostuvo una reuni\u00f3n con el superintendente de Bomberos, Julio Hardoy, en tanto que \u00e9l, en su calidad de administrador municipal, solicit\u00f3 reunirse con el directorio, logr\u00e1ndose un entendimiento entre las partes.<\/p>\n<p>\u201cLa subvenci\u00f3n del a\u00f1o 2013 se pagar\u00e1 este a\u00f1o 2014, como era la t\u00f3nica que se ven\u00eda suscitando hace algunos a\u00f1os. Nosotros efectivamente vamos a hacer un esfuerzo durante 2014, de poder revertir esa situaci\u00f3n y de tal forma que, en adelante, 2014 \u2013 2015, se pueda cancelar la subvenci\u00f3n de Bomberos el a\u00f1o que corresponda\u201d, manifest\u00f3 Patricio Gonz\u00e1lez.<\/p>\n<p>El pr\u00f3ximo a\u00f1o, la subvenci\u00f3n pendiente de 2013, considera un aumento de 17 a 20 millones de pesos, lo que a juicio del administrador municipal, da cuenta del compromiso que tiene la corporaci\u00f3n edilicia con esta instituci\u00f3n.<\/p>\n<p>\u201cPor lo tanto, lo que queda pendiente de la subvenci\u00f3n 2012, son tres millones de pesos y vamos a pagar en estos d\u00edas que restan de diciembre o a m\u00e1s tardar los primeros d\u00edas de enero. Estamos haciendo los esfuerzos, pero por estos d\u00edas hay varios temas que resolver, ya que tambi\u00e9n tenemos otras subvenciones pendientes de pagar\u201d, se\u00f1al\u00f3.<\/p>\n<p>Manifest\u00f3 el administrador municipal su esperanza de que las conversaciones que se han sostenido con el superintendente de Bomberos, as\u00ed como el pago del saldo pendiente de 2012, permita subsanar esta situaci\u00f3n con la instituci\u00f3n.<\/p>\n<p>&nbsp;<\/p>\n","protected":false},"excerpt":{"rendered":"<p>Alcalde acord\u00f3 con Superintendente de Bomberos pagar la subvenci\u00f3n 2013 el pr\u00f3ximo a\u00f1o, con el compromiso de ponerse al d\u00eda y regularizar el cumplimiento de este acuerdo. El Administrador de la municipalidad&#8230;<\/p>\n","protected":false},"author":482,"featured_media":41065,"comment_status":"open","ping_status":"closed","sticky":false,"template":"","format":"standard","meta":{"advanced_seo_description":"","jetpack_seo_html_title":"","jetpack_seo_noindex":false,"_jetpack_memberships_contains_paid_content":false,"footnotes":""},"categories":[1],"tags":[],"class_list":["post-41064","post","type-post","status-publish","format-standard","has-post-thumbnail","hentry","category-cronica"],"jetpack_featured_media_url":"https:\/\/i0.wp.com\/eltrabajo.cl\/portal\/wp-content\/uploads\/2013\/12\/Patricio-Gonzalez-2.jpg?fit=529%2C397&ssl=1","jetpack_sharing_enabled":true,"jetpack_likes_enabled":true,"jetpack-related-posts":[],"_links":{"self":[{"href":"https:\/\/eltrabajo.cl\/portal\/wp-json\/wp\/v2\/posts\/41064","targetHints":{"allow":["GET"]}}],"collection":[{"href":"https:\/\/eltrabajo.cl\/portal\/wp-json\/wp\/v2\/posts"}],"about":[{"href":"https:\/\/eltrabajo.cl\/portal\/wp-json\/wp\/v2\/types\/post"}],"author":[{"embeddable":true,"href":"https:\/\/eltrabajo.cl\/portal\/wp-json\/wp\/v2\/users\/482"}],"replies":[{"embeddable":true,"href":"https:\/\/eltrabajo.cl\/portal\/wp-json\/wp\/v2\/comments?post=41064"}],"version-history":[{"count":0,"href":"https:\/\/eltrabajo.cl\/portal\/wp-json\/wp\/v2\/posts\/41064\/revisions"}],"wp:featuredmedia":[{"embeddable":true,"href":"https:\/\/eltrabajo.cl\/portal\/wp-json\/wp\/v2\/media\/41065"}],"wp:attachment":[{"href":"https:\/\/eltrabajo.cl\/portal\/wp-json\/wp\/v2\/media?parent=41064"}],"wp:term":[{"taxonomy":"category","embeddable":true,"href":"https:\/\/eltrabajo.cl\/portal\/wp-json\/wp\/v2\/categories?post=41064"},{"taxonomy":"post_tag","embeddable":true,"href":"https:\/\/eltrabajo.cl\/portal\/wp-json\/wp\/v2\/tags?post=41064"}],"curies":[{"name":"wp","href":"https:\/\/api.w.org\/{rel}","templated":true}]}}