{"id":41069,"date":"2013-12-24T09:56:31","date_gmt":"2013-12-24T12:56:31","guid":{"rendered":"http:\/\/www.eltrabajo.cl\/portal\/?p=41069"},"modified":"2013-12-24T09:56:31","modified_gmt":"2013-12-24T12:56:31","slug":"madre-que-huyo-con-sus-hijas-acepta-que-ahora-las-perdio-para-siempre","status":"publish","type":"post","link":"https:\/\/eltrabajo.cl\/portal\/madre-que-huyo-con-sus-hijas-acepta-que-ahora-las-perdio-para-siempre\/","title":{"rendered":"Madre que huy\u00f3 con sus hijas acepta que ahora las perdi\u00f3 para siempre"},"content":{"rendered":"<figure id=\"attachment_41070\" aria-describedby=\"caption-attachment-41070\" style=\"width: 259px\" class=\"wp-caption alignleft\"><a href=\"https:\/\/i0.wp.com\/www.eltrabajo.cl\/portal\/wp-content\/uploads\/2013\/12\/Damaris1.jpg\"><img data-recalc-dims=\"1\" loading=\"lazy\" decoding=\"async\" class=\" wp-image-41070  \" title=\"RESIGNACI\u00d3N.- A Damaris Acevedo s\u00f3lo le queda esta guag\u00fcita de diez meses, a quien asegura proteger\u00e1 como le sea posible.\" alt=\"RESIGNACI\u00d3N.- A Damaris Acevedo s\u00f3lo le queda esta guag\u00fcita de diez meses, a quien asegura proteger\u00e1 como le sea posible.\" src=\"https:\/\/i0.wp.com\/www.eltrabajo.cl\/portal\/wp-content\/uploads\/2013\/12\/Damaris1.jpg?resize=259%2C326\" width=\"259\" height=\"326\" srcset=\"https:\/\/i0.wp.com\/eltrabajo.cl\/portal\/wp-content\/uploads\/2013\/12\/Damaris1.jpg?w=529&amp;ssl=1 529w, https:\/\/i0.wp.com\/eltrabajo.cl\/portal\/wp-content\/uploads\/2013\/12\/Damaris1.jpg?resize=119%2C150&amp;ssl=1 119w, https:\/\/i0.wp.com\/eltrabajo.cl\/portal\/wp-content\/uploads\/2013\/12\/Damaris1.jpg?resize=238%2C300&amp;ssl=1 238w, https:\/\/i0.wp.com\/eltrabajo.cl\/portal\/wp-content\/uploads\/2013\/12\/Damaris1.jpg?resize=400%2C503&amp;ssl=1 400w\" sizes=\"auto, (max-width: 259px) 100vw, 259px\" \/><\/a><figcaption id=\"caption-attachment-41070\" class=\"wp-caption-text\">RESIGNACI\u00d3N.- A Damaris Acevedo s\u00f3lo le queda esta guag\u00fcita de diez meses, a quien asegura proteger\u00e1 como le sea posible.<\/figcaption><\/figure>\n<p>Damaris Acevedo habla con Diario El Trabajo sobre sus errores como ser humano y pide al Tribunal de Familia el poder ver a sus ni\u00f1as en Navidad.<\/p>\n<p>Una cosa es cometer un error y otra lo es el aceptarlo. Pues es desde ese punto que partimos para retomar la historia de Damaris Acevedo, la joven madre de 21 a\u00f1os que a principios de julio de este a\u00f1o huyera de una casa de cuidado con sus dos hijas, Florencia y Alisson, pues el Sename las ten\u00eda en ese lugar y pronto ser\u00edan dadas en adopci\u00f3n.<\/p>\n<p>Y decimos que hoy retomamos su historia, porque luego que ella lograra arrebatarlas del Sename y vivir con las nenitas por algunos meses cambiando de casa regularmente, el pasado 18 de octubre fue capturada por la PDI, perdiendo as\u00ed el derecho a estar con sus hijas.<\/p>\n<p>&nbsp;<\/p>\n<p><strong>\u00abLAS QUIERO VER\u00a0EN ESTA NAVIDAD\u00bb<\/strong><\/p>\n<p>Sobre las razones que la llevaron a vivir esta odisea familiar y sus angustias de madre, Damaris Acevedo Cataldo habla hoy con Diario El Trabajo.<\/p>\n<p><strong>&#8211; \u00bfUs\u00f3 la violencia la PDI al detenerte?<\/strong><\/p>\n<p>&#8211; \u00abNo fueron violentos los de la PDI cuando ingresaron a la casa donde yo estaba viviendo con mis tres hijas, de las que s\u00f3lo me queda la menor, luego me llevaron a una sala de la PDI, en donde me dejaron hablar unos minutos con ellas, les expliqu\u00e9 a ellas lo que pasar\u00eda, ya las ni\u00f1as sab\u00edan que ser\u00edan separadas de mi lado\u00bb.<\/p>\n<p><strong>&#8211; \u00bfQu\u00e9 pasa ahora con tus hijas?<\/strong><\/p>\n<p>&#8211; \u00abEl Juez de Familia me impuso el impedimento de visitar a mis hijas, yo quiero poder verlas en Navidad, no importa que sea con supervisi\u00f3n de ellos, pero eso es lo que estoy pidiendo\u00bb.<\/p>\n<p><strong>&#8211; \u00bfEl padre de las ni\u00f1as se ha preocupado por ayudarte a recuperar a tus peque\u00f1as?<\/strong><\/p>\n<p>&#8211; \u00abNo. El pap\u00e1 de las ni\u00f1as nunca pele\u00f3 por ellas, s\u00f3lo dio $120.000 una vez para que pag\u00e1ramos un abogado, como si con eso se pudiera hacer algo, en lo dem\u00e1s, \u00e9l nunca se interes\u00f3 en rescatar a las ni\u00f1as, estoy clara de que perd\u00ed, quiz\u00e1s para siempre, a mis dos hijas, me dedicar\u00e9 a darle todo lo que pueda a la hija que me queda\u00bb.<\/p>\n<figure id=\"attachment_41071\" aria-describedby=\"caption-attachment-41071\" style=\"width: 370px\" class=\"wp-caption alignright\"><a href=\"https:\/\/i0.wp.com\/www.eltrabajo.cl\/portal\/wp-content\/uploads\/2013\/12\/Secreto-guaguas.jpg\"><img data-recalc-dims=\"1\" loading=\"lazy\" decoding=\"async\" class=\" wp-image-41071 \" title=\"LAS PERDI\u00d3.- Estas dos nenitas fueron separadas de su madre para siempre, luego que los errores y problemas de ella fueran incompatibles con una saludable crianza para las menores. Foto archivo. \" alt=\"LAS PERDI\u00d3.- Estas dos nenitas fueron separadas de su madre para siempre, luego que los errores y problemas de ella fueran incompatibles con una saludable crianza para las menores. Foto archivo. \" src=\"https:\/\/i0.wp.com\/www.eltrabajo.cl\/portal\/wp-content\/uploads\/2013\/12\/Secreto-guaguas.jpg?resize=370%2C271\" width=\"370\" height=\"271\" srcset=\"https:\/\/i0.wp.com\/eltrabajo.cl\/portal\/wp-content\/uploads\/2013\/12\/Secreto-guaguas.jpg?w=529&amp;ssl=1 529w, https:\/\/i0.wp.com\/eltrabajo.cl\/portal\/wp-content\/uploads\/2013\/12\/Secreto-guaguas.jpg?resize=200%2C146&amp;ssl=1 200w, https:\/\/i0.wp.com\/eltrabajo.cl\/portal\/wp-content\/uploads\/2013\/12\/Secreto-guaguas.jpg?resize=300%2C219&amp;ssl=1 300w, https:\/\/i0.wp.com\/eltrabajo.cl\/portal\/wp-content\/uploads\/2013\/12\/Secreto-guaguas.jpg?resize=150%2C109&amp;ssl=1 150w, https:\/\/i0.wp.com\/eltrabajo.cl\/portal\/wp-content\/uploads\/2013\/12\/Secreto-guaguas.jpg?resize=400%2C292&amp;ssl=1 400w\" sizes=\"auto, (max-width: 370px) 100vw, 370px\" \/><\/a><figcaption id=\"caption-attachment-41071\" class=\"wp-caption-text\">LAS PERDI\u00d3.- Estas dos nenitas fueron separadas de su madre para siempre, luego que los errores y problemas de ella fueran incompatibles con una saludable crianza para las menores. Foto archivo.<\/figcaption><\/figure>\n<p><strong>&#8211; \u00bfUsted tuvo problemas con drogas?<\/strong><\/p>\n<p>&#8211; \u00abEs verdad. Yo desde temprana edad tuve problemas por el consumo de pasta base, en mi casa durante alg\u00fan tiempo se vendi\u00f3 esa sustancia, pero ya no se vende, tampoco consumo ninguna sustancia, lo cierto es que esos problemas son los que pesaron para que el Sename me quitara a mis hijas, lo acepto y es lo que puedo hacer, pues no tengo dinero para pagar los millones que los abogados piden\u00bb.<\/p>\n<p>Roberto Gonz\u00e1lez Short<\/p>\n<p>rgonzalez@eltrabajo.cl<\/p>\n<p>&nbsp;<\/p>\n","protected":false},"excerpt":{"rendered":"<p>Damaris Acevedo habla con Diario El Trabajo sobre sus errores como ser humano y pide al Tribunal de Familia el poder ver a sus ni\u00f1as en Navidad. Una cosa es cometer un&#8230;<\/p>\n","protected":false},"author":482,"featured_media":41070,"comment_status":"open","ping_status":"closed","sticky":false,"template":"","format":"standard","meta":{"advanced_seo_description":"","jetpack_seo_html_title":"","jetpack_seo_noindex":false,"_jetpack_memberships_contains_paid_content":false,"footnotes":""},"categories":[15],"tags":[],"class_list":["post-41069","post","type-post","status-publish","format-standard","has-post-thumbnail","hentry","category-comunidad"],"jetpack_featured_media_url":"https:\/\/i0.wp.com\/eltrabajo.cl\/portal\/wp-content\/uploads\/2013\/12\/Damaris1.jpg?fit=529%2C666&ssl=1","jetpack_sharing_enabled":true,"jetpack_likes_enabled":true,"jetpack-related-posts":[],"_links":{"self":[{"href":"https:\/\/eltrabajo.cl\/portal\/wp-json\/wp\/v2\/posts\/41069","targetHints":{"allow":["GET"]}}],"collection":[{"href":"https:\/\/eltrabajo.cl\/portal\/wp-json\/wp\/v2\/posts"}],"about":[{"href":"https:\/\/eltrabajo.cl\/portal\/wp-json\/wp\/v2\/types\/post"}],"author":[{"embeddable":true,"href":"https:\/\/eltrabajo.cl\/portal\/wp-json\/wp\/v2\/users\/482"}],"replies":[{"embeddable":true,"href":"https:\/\/eltrabajo.cl\/portal\/wp-json\/wp\/v2\/comments?post=41069"}],"version-history":[{"count":0,"href":"https:\/\/eltrabajo.cl\/portal\/wp-json\/wp\/v2\/posts\/41069\/revisions"}],"wp:featuredmedia":[{"embeddable":true,"href":"https:\/\/eltrabajo.cl\/portal\/wp-json\/wp\/v2\/media\/41070"}],"wp:attachment":[{"href":"https:\/\/eltrabajo.cl\/portal\/wp-json\/wp\/v2\/media?parent=41069"}],"wp:term":[{"taxonomy":"category","embeddable":true,"href":"https:\/\/eltrabajo.cl\/portal\/wp-json\/wp\/v2\/categories?post=41069"},{"taxonomy":"post_tag","embeddable":true,"href":"https:\/\/eltrabajo.cl\/portal\/wp-json\/wp\/v2\/tags?post=41069"}],"curies":[{"name":"wp","href":"https:\/\/api.w.org\/{rel}","templated":true}]}}