{"id":41075,"date":"2013-12-24T10:00:04","date_gmt":"2013-12-24T13:00:04","guid":{"rendered":"http:\/\/www.eltrabajo.cl\/portal\/?p=41075"},"modified":"2013-12-24T10:00:04","modified_gmt":"2013-12-24T13:00:04","slug":"pidio-que-la-auxiliaran-pero-se-escondio-para-no-atender-a-los-donantes","status":"publish","type":"post","link":"https:\/\/eltrabajo.cl\/portal\/pidio-que-la-auxiliaran-pero-se-escondio-para-no-atender-a-los-donantes\/","title":{"rendered":"Pidi\u00f3 que la auxiliaran pero se escondi\u00f3 para no atender a los donantes"},"content":{"rendered":"<figure id=\"attachment_41076\" aria-describedby=\"caption-attachment-41076\" style=\"width: 529px\" class=\"wp-caption alignnone\"><a href=\"https:\/\/i0.wp.com\/www.eltrabajo.cl\/portal\/wp-content\/uploads\/2013\/12\/Casita1.jpg\"><img data-recalc-dims=\"1\" loading=\"lazy\" decoding=\"async\" class=\"size-full wp-image-41076\" title=\"NO ATENDI\u00d3 A LOS DONANTES.- A esta casita llegaron decenas de personas con regalos y donativos luego que Nathalie Escobar pidiera ayuda en Diario El Trabajo, asegurando que ten\u00eda tres a\u00f1os de vivir ah\u00ed, situaci\u00f3n que es presumiblemente falsa.\" alt=\"NO ATENDI\u00d3 A LOS DONANTES.- A esta casita llegaron decenas de personas con regalos y donativos luego que Nathalie Escobar pidiera ayuda en Diario El Trabajo, asegurando que ten\u00eda tres a\u00f1os de vivir ah\u00ed, situaci\u00f3n que es presumiblemente falsa.\" src=\"https:\/\/i0.wp.com\/www.eltrabajo.cl\/portal\/wp-content\/uploads\/2013\/12\/Casita1.jpg?resize=529%2C397\" width=\"529\" height=\"397\" srcset=\"https:\/\/i0.wp.com\/eltrabajo.cl\/portal\/wp-content\/uploads\/2013\/12\/Casita1.jpg?w=529&amp;ssl=1 529w, https:\/\/i0.wp.com\/eltrabajo.cl\/portal\/wp-content\/uploads\/2013\/12\/Casita1.jpg?resize=200%2C150&amp;ssl=1 200w, https:\/\/i0.wp.com\/eltrabajo.cl\/portal\/wp-content\/uploads\/2013\/12\/Casita1.jpg?resize=300%2C225&amp;ssl=1 300w, https:\/\/i0.wp.com\/eltrabajo.cl\/portal\/wp-content\/uploads\/2013\/12\/Casita1.jpg?resize=150%2C112&amp;ssl=1 150w, https:\/\/i0.wp.com\/eltrabajo.cl\/portal\/wp-content\/uploads\/2013\/12\/Casita1.jpg?resize=400%2C300&amp;ssl=1 400w\" sizes=\"auto, (max-width: 529px) 100vw, 529px\" \/><\/a><figcaption id=\"caption-attachment-41076\" class=\"wp-caption-text\">NO ATENDI\u00d3 A LOS DONANTES.- A esta casita llegaron decenas de personas con regalos y donativos luego que Nathalie Escobar pidiera ayuda en Diario El Trabajo, asegurando que ten\u00eda tres a\u00f1os de vivir ah\u00ed, situaci\u00f3n que es presumiblemente falsa.<\/figcaption><\/figure>\n<p>Una joven madre, Nathalie Escobar, solicit\u00f3 ayuda en nuestro medio asegurando que desde hace tres a\u00f1os ella y sus hijos no reciben agua potable, situaci\u00f3n que hoy es desmentida por vecinos del sector y funcionarios de la Cooperativa de Agua Potable La Troya.<\/p>\n<figure id=\"attachment_41077\" aria-describedby=\"caption-attachment-41077\" style=\"width: 370px\" class=\"wp-caption alignright\"><a href=\"https:\/\/i0.wp.com\/www.eltrabajo.cl\/portal\/wp-content\/uploads\/2013\/12\/Torre1.jpg\"><img data-recalc-dims=\"1\" loading=\"lazy\" decoding=\"async\" class=\" wp-image-41077 \" title=\"DESMENTIDA.- Funcionarios de la Cooperativa de Agua Potable de La Troya, indicaron a Diario El Trabajo que a sus oficinas nunca se ha reportado la vecina en cuesti\u00f3n.\" alt=\"DESMENTIDA.- Funcionarios de la Cooperativa de Agua Potable de La Troya, indicaron a Diario El Trabajo que a sus oficinas nunca se ha reportado la vecina en cuesti\u00f3n.\" src=\"https:\/\/i0.wp.com\/www.eltrabajo.cl\/portal\/wp-content\/uploads\/2013\/12\/Torre1.jpg?resize=370%2C433\" width=\"370\" height=\"433\" srcset=\"https:\/\/i0.wp.com\/eltrabajo.cl\/portal\/wp-content\/uploads\/2013\/12\/Torre1.jpg?w=529&amp;ssl=1 529w, https:\/\/i0.wp.com\/eltrabajo.cl\/portal\/wp-content\/uploads\/2013\/12\/Torre1.jpg?resize=128%2C150&amp;ssl=1 128w, https:\/\/i0.wp.com\/eltrabajo.cl\/portal\/wp-content\/uploads\/2013\/12\/Torre1.jpg?resize=256%2C300&amp;ssl=1 256w, https:\/\/i0.wp.com\/eltrabajo.cl\/portal\/wp-content\/uploads\/2013\/12\/Torre1.jpg?resize=400%2C467&amp;ssl=1 400w\" sizes=\"auto, (max-width: 370px) 100vw, 370px\" \/><\/a><figcaption id=\"caption-attachment-41077\" class=\"wp-caption-text\">DESMENTIDA.- Funcionarios de la Cooperativa de Agua Potable de La Troya, indicaron a Diario El Trabajo que a sus oficinas nunca se ha reportado la vecina en cuesti\u00f3n.<\/figcaption><\/figure>\n<p>Luego que en la edici\u00f3n de Diario El Trabajo del pasado viernes, una joven madre de 24 a\u00f1os asegurara a nuestro medio que ella ten\u00eda tres a\u00f1os de vivir en una media agua, y luego que la misma indicara que ni el municipio ni la Cooperativa de Agua Potable La Troya les hab\u00edan suministrado agua potable, algunas alertas se dispararon en torno a la veracidad de este caso, cuando decenas de sanfelipe\u00f1os colapsaran nuestra central telef\u00f3nica para atender las llamadas de nuestros lectores, personas que quer\u00edan ayudar pero que no fueron atendidos, en muchas veces, en el n\u00famero de celular suministrado por la interesada.<\/p>\n<p>Lo m\u00e1s extra\u00f1o del asunto, es que luego que Nathalie Escobar se comprometi\u00f3 en atender las llamadas y a las personas que quisieran ayudarle, misteriosamente se fue (el mismo d\u00eda de la publicaci\u00f3n de nuestro reportaje) a casa de su madre, dejando a los donantes dando vueltas en el sector del cerro Yevide con sus juguetes, comestibles y hasta colchones, situaci\u00f3n que nos llev\u00f3 a investigar su extra\u00f1a actitud.<\/p>\n<p>&nbsp;<\/p>\n<p><strong>NO LA CONOCEN<\/strong><\/p>\n<p>En primer lugar, en Diario El Trabajo actuamos de buena fe, con el m\u00e1s sincero anhelo de auxiliar a una persona en apuros y que merece ayuda, sin embargo tras las anomal\u00edas en este caso, pudimos contactar con funcionarios de la Cooperativa de Agua Potable La Troya, propiamente con Humberto Gonz\u00e1lez, directivo de la cooperativa, quien asegur\u00f3 que \u00abnosotros en la cooperativa siempre estamos dispuestos a brindar nuestros servicios a los vecinos, bien sea en calidad de Socio o Usuario, hablo de vecinos de todo el sector incluyendo el cerro Yevide y Casas Chicas de Quilpu\u00e9\u00bb, detall\u00f3 Gonz\u00e1lez a Diario El Trabajo.<\/p>\n<p>Seg\u00fan lo informado por este cooperativista y por vecinos del sector, la joven es una desconocida en el lugar.<\/p>\n<p>\u00abYo lamento mucho lo que ella pueda estar pasando, pero la verdad es que a ella nadie aqu\u00ed la conocemos, ni nosotros ni en la Junta Vecinal de La Troya, por lo que puedo decir que ella nunca se ha acercado a nuestra cooperativa para solicitar ning\u00fan servicio de agua potable, hace un mes hicimos un recorrido por el sector, y ella no solicit\u00f3 el servicio, por lo que la animo a solicitarlo en nuestras oficinas\u00bb, aclara Humberto Gonz\u00e1lez.<\/p>\n<figure id=\"attachment_41078\" aria-describedby=\"caption-attachment-41078\" style=\"width: 222px\" class=\"wp-caption alignleft\"><a href=\"https:\/\/i0.wp.com\/www.eltrabajo.cl\/portal\/wp-content\/uploads\/2013\/12\/Humberto-Gonzalez.jpg\"><img data-recalc-dims=\"1\" loading=\"lazy\" decoding=\"async\" class=\" wp-image-41078  \" title=\"Humberto Gonz\u00e1lez, directivo de la Cooperativa de Agua Potable de La Troya.\" alt=\"Humberto Gonz\u00e1lez, directivo de la Cooperativa de Agua Potable de La Troya.\" src=\"https:\/\/i0.wp.com\/www.eltrabajo.cl\/portal\/wp-content\/uploads\/2013\/12\/Humberto-Gonzalez.jpg?resize=222%2C205\" width=\"222\" height=\"205\" srcset=\"https:\/\/i0.wp.com\/eltrabajo.cl\/portal\/wp-content\/uploads\/2013\/12\/Humberto-Gonzalez.jpg?w=529&amp;ssl=1 529w, https:\/\/i0.wp.com\/eltrabajo.cl\/portal\/wp-content\/uploads\/2013\/12\/Humberto-Gonzalez.jpg?resize=162%2C150&amp;ssl=1 162w, https:\/\/i0.wp.com\/eltrabajo.cl\/portal\/wp-content\/uploads\/2013\/12\/Humberto-Gonzalez.jpg?resize=300%2C276&amp;ssl=1 300w, https:\/\/i0.wp.com\/eltrabajo.cl\/portal\/wp-content\/uploads\/2013\/12\/Humberto-Gonzalez.jpg?resize=150%2C138&amp;ssl=1 150w, https:\/\/i0.wp.com\/eltrabajo.cl\/portal\/wp-content\/uploads\/2013\/12\/Humberto-Gonzalez.jpg?resize=400%2C368&amp;ssl=1 400w\" sizes=\"auto, (max-width: 222px) 100vw, 222px\" \/><\/a><figcaption id=\"caption-attachment-41078\" class=\"wp-caption-text\">Humberto Gonz\u00e1lez, directivo de la Cooperativa de Agua Potable de La Troya.<\/figcaption><\/figure>\n<p>El funcionario fue claro con Diario El Trabajo al se\u00f1alar que \u00ablo que hemos podido indagar sobre esta familia, es que apenas hace un par de meses que llegaron al sector y no hace tres a\u00f1os como dice ella en el Diario El Trabajo, otra cosa importante es que tambi\u00e9n es falso lo que se maneja en la noticia anterior, en el sentido que nuestra cooperativa hemos ordenado cortar mangueras a los vecinos que eventualmente est\u00e9n prestando manguera a alg\u00fan vecino nuevo, yo quiero desmentir lo que ella dice, que nuestros operadores le han cortado a los vecinos la manguera del agua\u00bb, agreg\u00f3 el cooperativista.<\/p>\n<p>Sobre este punto, nuestro medio habl\u00f3 con Hern\u00e1n Alegr\u00eda, Operador de Agua de la misma cooperativa de La Troya, quien indic\u00f3 que \u00abnosotros no estamos autorizados para cortar el agua ni la manguera a los vecinos que eventualmente est\u00e9n prestando el l\u00edquido a otra persona, ni sab\u00edamos si a esta vecina alguien le estaba bombeando agua\u00bb, coment\u00f3 Alegr\u00eda.<\/p>\n<figure id=\"attachment_41079\" aria-describedby=\"caption-attachment-41079\" style=\"width: 222px\" class=\"wp-caption alignright\"><a href=\"https:\/\/i0.wp.com\/www.eltrabajo.cl\/portal\/wp-content\/uploads\/2013\/12\/Hernan-Alegria.jpg\"><img data-recalc-dims=\"1\" loading=\"lazy\" decoding=\"async\" class=\" wp-image-41079  \" title=\"Hern\u00e1n Alegr\u00eda, Operador de Agua de la misma cooperativa de La Troya.\" alt=\"Hern\u00e1n Alegr\u00eda, Operador de Agua de la misma cooperativa de La Troya.\" src=\"https:\/\/i0.wp.com\/www.eltrabajo.cl\/portal\/wp-content\/uploads\/2013\/12\/Hernan-Alegria.jpg?resize=222%2C225\" width=\"222\" height=\"225\" srcset=\"https:\/\/i0.wp.com\/eltrabajo.cl\/portal\/wp-content\/uploads\/2013\/12\/Hernan-Alegria.jpg?w=529&amp;ssl=1 529w, https:\/\/i0.wp.com\/eltrabajo.cl\/portal\/wp-content\/uploads\/2013\/12\/Hernan-Alegria.jpg?resize=148%2C150&amp;ssl=1 148w, https:\/\/i0.wp.com\/eltrabajo.cl\/portal\/wp-content\/uploads\/2013\/12\/Hernan-Alegria.jpg?resize=296%2C300&amp;ssl=1 296w, https:\/\/i0.wp.com\/eltrabajo.cl\/portal\/wp-content\/uploads\/2013\/12\/Hernan-Alegria.jpg?resize=400%2C405&amp;ssl=1 400w\" sizes=\"auto, (max-width: 222px) 100vw, 222px\" \/><\/a><figcaption id=\"caption-attachment-41079\" class=\"wp-caption-text\">Hern\u00e1n Alegr\u00eda, Operador de Agua de la misma cooperativa de La Troya.<\/figcaption><\/figure>\n<p>En virtud de que fue en nuestro medio que solicitamos los donativos para esta familia, aclaramos que a Nathalie Escobar le entregamos en nuestras oficinas, una bolsa llena de pa\u00f1ales para beb\u00e9, mismos que fueron dejados para ella y sus ni\u00f1os. Solicitamos respetuosamente no traer m\u00e1s donativos a nuestras oficinas, quienes quieran ayudarla, pueden contactarla directamente en su casa, si es que les parece.<\/p>\n<p>Roberto Gonz\u00e1lez Short<\/p>\n<p>rgonzalez@eltrabajo.cl<\/p>\n<p>&nbsp;<\/p>\n","protected":false},"excerpt":{"rendered":"<p>Una joven madre, Nathalie Escobar, solicit\u00f3 ayuda en nuestro medio asegurando que desde hace tres a\u00f1os ella y sus hijos no reciben agua potable, situaci\u00f3n que hoy es desmentida por vecinos del&#8230;<\/p>\n","protected":false},"author":482,"featured_media":41076,"comment_status":"open","ping_status":"closed","sticky":false,"template":"","format":"standard","meta":{"advanced_seo_description":"","jetpack_seo_html_title":"","jetpack_seo_noindex":false,"_jetpack_memberships_contains_paid_content":false,"footnotes":""},"categories":[15],"tags":[],"class_list":["post-41075","post","type-post","status-publish","format-standard","has-post-thumbnail","hentry","category-comunidad"],"jetpack_featured_media_url":"https:\/\/i0.wp.com\/eltrabajo.cl\/portal\/wp-content\/uploads\/2013\/12\/Casita1.jpg?fit=529%2C397&ssl=1","jetpack_sharing_enabled":true,"jetpack_likes_enabled":true,"jetpack-related-posts":[],"_links":{"self":[{"href":"https:\/\/eltrabajo.cl\/portal\/wp-json\/wp\/v2\/posts\/41075","targetHints":{"allow":["GET"]}}],"collection":[{"href":"https:\/\/eltrabajo.cl\/portal\/wp-json\/wp\/v2\/posts"}],"about":[{"href":"https:\/\/eltrabajo.cl\/portal\/wp-json\/wp\/v2\/types\/post"}],"author":[{"embeddable":true,"href":"https:\/\/eltrabajo.cl\/portal\/wp-json\/wp\/v2\/users\/482"}],"replies":[{"embeddable":true,"href":"https:\/\/eltrabajo.cl\/portal\/wp-json\/wp\/v2\/comments?post=41075"}],"version-history":[{"count":0,"href":"https:\/\/eltrabajo.cl\/portal\/wp-json\/wp\/v2\/posts\/41075\/revisions"}],"wp:featuredmedia":[{"embeddable":true,"href":"https:\/\/eltrabajo.cl\/portal\/wp-json\/wp\/v2\/media\/41076"}],"wp:attachment":[{"href":"https:\/\/eltrabajo.cl\/portal\/wp-json\/wp\/v2\/media?parent=41075"}],"wp:term":[{"taxonomy":"category","embeddable":true,"href":"https:\/\/eltrabajo.cl\/portal\/wp-json\/wp\/v2\/categories?post=41075"},{"taxonomy":"post_tag","embeddable":true,"href":"https:\/\/eltrabajo.cl\/portal\/wp-json\/wp\/v2\/tags?post=41075"}],"curies":[{"name":"wp","href":"https:\/\/api.w.org\/{rel}","templated":true}]}}