{"id":41115,"date":"2013-12-26T09:27:12","date_gmt":"2013-12-26T12:27:12","guid":{"rendered":"http:\/\/www.eltrabajo.cl\/portal\/?p=41115"},"modified":"2013-12-26T09:27:12","modified_gmt":"2013-12-26T12:27:12","slug":"todavia-se-pueden-postular-proyectos-al-fondo-de-iniciativas-barriales","status":"publish","type":"post","link":"https:\/\/eltrabajo.cl\/portal\/todavia-se-pueden-postular-proyectos-al-fondo-de-iniciativas-barriales\/","title":{"rendered":"Todav\u00eda se pueden postular proyectos al Fondo de Iniciativas Barriales"},"content":{"rendered":"<figure id=\"attachment_41116\" aria-describedby=\"caption-attachment-41116\" style=\"width: 317px\" class=\"wp-caption alignleft\"><a href=\"https:\/\/i0.wp.com\/www.eltrabajo.cl\/portal\/wp-content\/uploads\/2013\/12\/Pablo-Silva.jpg\"><img data-recalc-dims=\"1\" loading=\"lazy\" decoding=\"async\" class=\" wp-image-41116 \" title=\"Pablo Silva, Director de Desarrollo Comunitario de la Municipalidad de San Felipe.\" alt=\"Pablo Silva, Director de Desarrollo Comunitario de la Municipalidad de San Felipe.\" src=\"https:\/\/i0.wp.com\/www.eltrabajo.cl\/portal\/wp-content\/uploads\/2013\/12\/Pablo-Silva.jpg?resize=317%2C238\" width=\"317\" height=\"238\" srcset=\"https:\/\/i0.wp.com\/eltrabajo.cl\/portal\/wp-content\/uploads\/2013\/12\/Pablo-Silva.jpg?w=528&amp;ssl=1 528w, https:\/\/i0.wp.com\/eltrabajo.cl\/portal\/wp-content\/uploads\/2013\/12\/Pablo-Silva.jpg?resize=200%2C150&amp;ssl=1 200w, https:\/\/i0.wp.com\/eltrabajo.cl\/portal\/wp-content\/uploads\/2013\/12\/Pablo-Silva.jpg?resize=300%2C225&amp;ssl=1 300w, https:\/\/i0.wp.com\/eltrabajo.cl\/portal\/wp-content\/uploads\/2013\/12\/Pablo-Silva.jpg?resize=150%2C112&amp;ssl=1 150w, https:\/\/i0.wp.com\/eltrabajo.cl\/portal\/wp-content\/uploads\/2013\/12\/Pablo-Silva.jpg?resize=400%2C300&amp;ssl=1 400w\" sizes=\"auto, (max-width: 317px) 100vw, 317px\" \/><\/a><figcaption id=\"caption-attachment-41116\" class=\"wp-caption-text\">Pablo Silva, Director de Desarrollo Comunitario de la Municipalidad de San Felipe.<\/figcaption><\/figure>\n<p>El Director de Desarrollo Comunitario de la Municipalidad de San Felipe, Pablo Silva, se\u00f1al\u00f3 que todav\u00eda se est\u00e1n recibiendo proyectos para el Fondo de Iniciativas Barriales, que permite optar a fondos por un tope de 500.000 pesos por organizaci\u00f3n o junta vecinal. El profesional se\u00f1al\u00f3 que si bien se esperaba desarrollar todo el proceso de postulaci\u00f3n, selecci\u00f3n, adjudicaci\u00f3n y ejecuci\u00f3n de proyectos este 2013, el paro de los funcionarios municipales oblig\u00f3 a posponer esto hasta el 2014, ya que en cualquier caso, habr\u00eda sido muy dif\u00edcil realizar todas las etapas este a\u00f1o, considerando que la rendici\u00f3n de los proyectos tambi\u00e9n se hubiese tenido que desarrollar y los plazos hubiesen sido muy acotados.<\/p>\n<p>De esta manera, el municipio dispuso aplazar el proceso hasta 2014 y en el mes de enero est\u00e1 contemplado realizar una instancia de asesor\u00eda a las organizaciones postulantes, para que puedan mejorar sus proyectos y de esa manera, cumplir con los requisitos solicitados y optar a los fondos que se est\u00e1n ofreciendo.<\/p>\n<p>\u00abEl mes de enero ser\u00e1 de asesor\u00eda, en febrero se har\u00e1n las evaluaciones y en marzo las adjudicaciones, as\u00ed que le hacemos un llamado a todos los vecinos porque se va a abrir nuevamente el proceso de recepci\u00f3n de proyectos, para que las organizaciones nos hagan llegar sus iniciativas\u00bb, manifest\u00f3 Silva. Hasta el momento se han recibido 40 proyectos, los cuales est\u00e1n totalmente revisados y en carpeta, pero se espera que esa cifra aumente en los pr\u00f3ximos d\u00edas.<\/p>\n<p>\u00abNosotros queremos quelleguen unos 40 proyectos m\u00e1s, para que de esa manera podamos cumplir con nuestra proyecci\u00f3n de 60 proyectos admisibles, se pueden postular todas las iniciativas barriales que los vecinos estimen convenientes. Desde equipamiento para sedes comunitarias e incluso, en el caso de los skaters que recientemente inauguraron su pista en Alameda Yungay, pueden postular a fondos para realizar alg\u00fan encuentro o competencia\u00bb, se\u00f1al\u00f3 Silva.<\/p>\n<p>Reiter\u00f3 que el monto m\u00e1ximo del FIB es de 500.000 pesos, por lo tanto, se pueden desarrollar iniciativas que favorezcan a los barrios u organizaciones, como son actividades o compra de equipamiento b\u00e1sico para sus sedes o la realizaci\u00f3n de paseos.<\/p>\n<p>&nbsp;<\/p>\n","protected":false},"excerpt":{"rendered":"<p>El Director de Desarrollo Comunitario de la Municipalidad de San Felipe, Pablo Silva, se\u00f1al\u00f3 que todav\u00eda se est\u00e1n recibiendo proyectos para el Fondo de Iniciativas Barriales, que permite optar a fondos por&#8230;<\/p>\n","protected":false},"author":482,"featured_media":41116,"comment_status":"open","ping_status":"closed","sticky":false,"template":"","format":"standard","meta":{"advanced_seo_description":"","jetpack_seo_html_title":"","jetpack_seo_noindex":false,"_jetpack_memberships_contains_paid_content":false,"footnotes":""},"categories":[1],"tags":[],"class_list":["post-41115","post","type-post","status-publish","format-standard","has-post-thumbnail","hentry","category-cronica"],"jetpack_featured_media_url":"https:\/\/i0.wp.com\/eltrabajo.cl\/portal\/wp-content\/uploads\/2013\/12\/Pablo-Silva.jpg?fit=528%2C396&ssl=1","jetpack_sharing_enabled":true,"jetpack_likes_enabled":true,"jetpack-related-posts":[],"_links":{"self":[{"href":"https:\/\/eltrabajo.cl\/portal\/wp-json\/wp\/v2\/posts\/41115","targetHints":{"allow":["GET"]}}],"collection":[{"href":"https:\/\/eltrabajo.cl\/portal\/wp-json\/wp\/v2\/posts"}],"about":[{"href":"https:\/\/eltrabajo.cl\/portal\/wp-json\/wp\/v2\/types\/post"}],"author":[{"embeddable":true,"href":"https:\/\/eltrabajo.cl\/portal\/wp-json\/wp\/v2\/users\/482"}],"replies":[{"embeddable":true,"href":"https:\/\/eltrabajo.cl\/portal\/wp-json\/wp\/v2\/comments?post=41115"}],"version-history":[{"count":0,"href":"https:\/\/eltrabajo.cl\/portal\/wp-json\/wp\/v2\/posts\/41115\/revisions"}],"wp:featuredmedia":[{"embeddable":true,"href":"https:\/\/eltrabajo.cl\/portal\/wp-json\/wp\/v2\/media\/41116"}],"wp:attachment":[{"href":"https:\/\/eltrabajo.cl\/portal\/wp-json\/wp\/v2\/media?parent=41115"}],"wp:term":[{"taxonomy":"category","embeddable":true,"href":"https:\/\/eltrabajo.cl\/portal\/wp-json\/wp\/v2\/categories?post=41115"},{"taxonomy":"post_tag","embeddable":true,"href":"https:\/\/eltrabajo.cl\/portal\/wp-json\/wp\/v2\/tags?post=41115"}],"curies":[{"name":"wp","href":"https:\/\/api.w.org\/{rel}","templated":true}]}}