{"id":41118,"date":"2013-12-26T09:28:30","date_gmt":"2013-12-26T12:28:30","guid":{"rendered":"http:\/\/www.eltrabajo.cl\/portal\/?p=41118"},"modified":"2013-12-26T09:28:30","modified_gmt":"2013-12-26T12:28:30","slug":"encuestadora-social-pide-aclarar-dichos-del-alcalde-s-sobre-falsas-encuestadoras","status":"publish","type":"post","link":"https:\/\/eltrabajo.cl\/portal\/encuestadora-social-pide-aclarar-dichos-del-alcalde-s-sobre-falsas-encuestadoras\/","title":{"rendered":"Encuestadora social pide aclarar dichos del alcalde (S) sobre falsas encuestadoras"},"content":{"rendered":"<figure id=\"attachment_41119\" aria-describedby=\"caption-attachment-41119\" style=\"width: 370px\" class=\"wp-caption alignleft\"><a href=\"https:\/\/i0.wp.com\/www.eltrabajo.cl\/portal\/wp-content\/uploads\/2013\/12\/Encuesta1.jpg\"><img data-recalc-dims=\"1\" loading=\"lazy\" decoding=\"async\" class=\" wp-image-41119 \" title=\"SON LEG\u00cdTIMAS.- La encuestadora Anyelin Mu\u00f1oz Vergara solicit\u00f3 a Diario El Trabajo, clarificar la informaci\u00f3n entregada por el Alcalde (S) Mauricio Quiroz en cuanto a la presencia de lo que calific\u00f3 como falsas encuestadoras.\" alt=\"SON LEG\u00cdTIMAS.- La encuestadora Anyelin Mu\u00f1oz Vergara solicit\u00f3 a Diario El Trabajo, clarificar la informaci\u00f3n entregada por el Alcalde (S) Mauricio Quiroz en cuanto a la presencia de lo que calific\u00f3 como falsas encuestadoras.\" src=\"https:\/\/i0.wp.com\/www.eltrabajo.cl\/portal\/wp-content\/uploads\/2013\/12\/Encuesta1.jpg?resize=370%2C259\" width=\"370\" height=\"259\" srcset=\"https:\/\/i0.wp.com\/eltrabajo.cl\/portal\/wp-content\/uploads\/2013\/12\/Encuesta1.jpg?w=529&amp;ssl=1 529w, https:\/\/i0.wp.com\/eltrabajo.cl\/portal\/wp-content\/uploads\/2013\/12\/Encuesta1.jpg?resize=200%2C139&amp;ssl=1 200w, https:\/\/i0.wp.com\/eltrabajo.cl\/portal\/wp-content\/uploads\/2013\/12\/Encuesta1.jpg?resize=300%2C209&amp;ssl=1 300w, https:\/\/i0.wp.com\/eltrabajo.cl\/portal\/wp-content\/uploads\/2013\/12\/Encuesta1.jpg?resize=150%2C104&amp;ssl=1 150w, https:\/\/i0.wp.com\/eltrabajo.cl\/portal\/wp-content\/uploads\/2013\/12\/Encuesta1.jpg?resize=400%2C279&amp;ssl=1 400w\" sizes=\"auto, (max-width: 370px) 100vw, 370px\" \/><\/a><figcaption id=\"caption-attachment-41119\" class=\"wp-caption-text\">SON LEG\u00cdTIMAS.- La encuestadora Anyelin Mu\u00f1oz Vergara solicit\u00f3 a Diario El Trabajo, clarificar la informaci\u00f3n entregada por el Alcalde (S) Mauricio Quiroz en cuanto a la presencia de lo que calific\u00f3 como falsas encuestadoras.<\/figcaption><\/figure>\n<p><strong>PUTAENDO.<\/strong>&#8211; La encuestadora Anyelin Mu\u00f1oz Vergara solicit\u00f3 a Diario El Trabajo, clarificar la informaci\u00f3n entregada por el Alcalde (S) Mauricio Quiroz en cuanto a la presencia de lo que calific\u00f3 como falsas encuestadoras. Mu\u00f1oz dijo que la autoridad debi\u00f3 haberse informado un poco mejor, pues un s\u00f3lo caso, en alusi\u00f3n puntualmente a lo ocurrido en Granallas, era un hecho aislado donde asegura que esa familia se confundi\u00f3 y malinterpret\u00f3 lo que ellos est\u00e1n haciendo, pues son un grupo de encuestadores sociales que prestan servicios a la Universidad de Chile a trav\u00e9s de la Unidad de Microdatos pertenecientes a la Facultad de Econom\u00eda y Negocios y que desde hace un mes se encuentran recorriendo la comuna para realizar la encuesta Casen, que define las pol\u00edticas sociales del pa\u00eds y por ende, de la comuna.<\/p>\n<p>Anyelin Mu\u00f1oz se\u00f1al\u00f3 que ellos reciben la informaci\u00f3n que efectivamente obliga a consultar por determinadas viviendas con algunas caracter\u00edsticas especiales y que portan una credencial con su c\u00e9dula de identidad e indic\u00f3 que la respuesta de los vecinos de Putaendo ha sido muy positiva, pues todos saben la importancia que tiene la encuesta Casen y que lo ocurrido en Granallas s\u00f3lo fue un malentendido, lo que les ha generado un enorme da\u00f1o, pues cuando se habla de no entregar informaci\u00f3n a \u2018falsos encuestadores\u2019 se est\u00e1 da\u00f1ando el trabajo que est\u00e1n realizando y que es importante para la sociedad, agregando que el Departamento Social de la Municipalidad de Putaendo deb\u00eda estar en conocimiento que en Putaendo se estaba realizando la Encuesta Casen y que le parece sorprendente que el Alcalde (S) no haya sido informado de esta situaci\u00f3n, pues asegur\u00f3 que es de p\u00fablico conocimiento y esta encuesta se hab\u00eda difundido por muchos medios, incluida la televisi\u00f3n y que adem\u00e1s la municipalidad debe saber las fechas en que se desarrolla esta encuesta, por lo que solicit\u00f3 al Alcalde (S) Mauricio Quiroz que de explicaciones por sus apresurados dichos que les est\u00e1n generando un serio inconveniente a los encuestadores sociales que deber\u00e1n seguir recorriendo la comuna realizando esta importante encuesta.<\/p>\n<p>&nbsp;<\/p>\n<p><strong>ENCUESTA CASEN<\/strong><\/p>\n<p>La Encuesta de Caracterizaci\u00f3n Socioecon\u00f3mica Nacional, Casen, es realizada por Ministerio de Desarrollo Social con el objetivo de disponer de informaci\u00f3n que permita:<\/p>\n<p>Conocer peri\u00f3dicamente la situaci\u00f3n de los hogares y de la poblaci\u00f3n, especialmente de aquella en situaci\u00f3n de pobreza y de aquellos grupos definidos como prioritarios por la pol\u00edtica social, con relaci\u00f3n a aspectos demogr\u00e1ficos, de educaci\u00f3n, salud, vivienda, trabajo e ingresos. En particular, estimar la magnitud de la pobreza y la distribuci\u00f3n del ingreso; identificar carencias y demandas de la poblaci\u00f3n en las \u00e1reas se\u00f1aladas; y evaluar las distintas brechas que separan a los diferentes segmentos sociales y \u00e1mbitos territoriales.<\/p>\n<p>Evaluar el impacto de la pol\u00edtica social: estimar la cobertura, la focalizaci\u00f3n y la distribuci\u00f3n del gasto fiscal de los principales programas sociales de alcance nacional entre los hogares, seg\u00fan su nivel de ingreso, para evaluar el impacto de este gasto en el ingreso de los hogares y en la distribuci\u00f3n del mismo.<\/p>\n<p>Patricio Gallardo M.<\/p>\n<p>&nbsp;<\/p>\n","protected":false},"excerpt":{"rendered":"<p>PUTAENDO.&#8211; La encuestadora Anyelin Mu\u00f1oz Vergara solicit\u00f3 a Diario El Trabajo, clarificar la informaci\u00f3n entregada por el Alcalde (S) Mauricio Quiroz en cuanto a la presencia de lo que calific\u00f3 como falsas&#8230;<\/p>\n","protected":false},"author":482,"featured_media":41119,"comment_status":"open","ping_status":"closed","sticky":false,"template":"","format":"standard","meta":{"advanced_seo_description":"","jetpack_seo_html_title":"","jetpack_seo_noindex":false,"_jetpack_memberships_contains_paid_content":false,"footnotes":""},"categories":[1],"tags":[],"class_list":["post-41118","post","type-post","status-publish","format-standard","has-post-thumbnail","hentry","category-cronica"],"jetpack_featured_media_url":"https:\/\/i0.wp.com\/eltrabajo.cl\/portal\/wp-content\/uploads\/2013\/12\/Encuesta1.jpg?fit=529%2C370&ssl=1","jetpack_sharing_enabled":true,"jetpack_likes_enabled":true,"jetpack-related-posts":[],"_links":{"self":[{"href":"https:\/\/eltrabajo.cl\/portal\/wp-json\/wp\/v2\/posts\/41118","targetHints":{"allow":["GET"]}}],"collection":[{"href":"https:\/\/eltrabajo.cl\/portal\/wp-json\/wp\/v2\/posts"}],"about":[{"href":"https:\/\/eltrabajo.cl\/portal\/wp-json\/wp\/v2\/types\/post"}],"author":[{"embeddable":true,"href":"https:\/\/eltrabajo.cl\/portal\/wp-json\/wp\/v2\/users\/482"}],"replies":[{"embeddable":true,"href":"https:\/\/eltrabajo.cl\/portal\/wp-json\/wp\/v2\/comments?post=41118"}],"version-history":[{"count":0,"href":"https:\/\/eltrabajo.cl\/portal\/wp-json\/wp\/v2\/posts\/41118\/revisions"}],"wp:featuredmedia":[{"embeddable":true,"href":"https:\/\/eltrabajo.cl\/portal\/wp-json\/wp\/v2\/media\/41119"}],"wp:attachment":[{"href":"https:\/\/eltrabajo.cl\/portal\/wp-json\/wp\/v2\/media?parent=41118"}],"wp:term":[{"taxonomy":"category","embeddable":true,"href":"https:\/\/eltrabajo.cl\/portal\/wp-json\/wp\/v2\/categories?post=41118"},{"taxonomy":"post_tag","embeddable":true,"href":"https:\/\/eltrabajo.cl\/portal\/wp-json\/wp\/v2\/tags?post=41118"}],"curies":[{"name":"wp","href":"https:\/\/api.w.org\/{rel}","templated":true}]}}