{"id":41121,"date":"2013-12-26T09:29:33","date_gmt":"2013-12-26T12:29:33","guid":{"rendered":"http:\/\/www.eltrabajo.cl\/portal\/?p=41121"},"modified":"2013-12-26T09:29:33","modified_gmt":"2013-12-26T12:29:33","slug":"obispo-contreras-respaldo-a-parroquia-de-rinconada-de-silva-en-conflicto-con-serrania","status":"publish","type":"post","link":"https:\/\/eltrabajo.cl\/portal\/obispo-contreras-respaldo-a-parroquia-de-rinconada-de-silva-en-conflicto-con-serrania\/","title":{"rendered":"Obispo Contreras respald\u00f3 a Parroquia de Rinconada de Silva en conflicto con serran\u00eda"},"content":{"rendered":"<figure id=\"attachment_41122\" aria-describedby=\"caption-attachment-41122\" style=\"width: 317px\" class=\"wp-caption alignleft\"><a href=\"https:\/\/i0.wp.com\/www.eltrabajo.cl\/portal\/wp-content\/uploads\/2013\/12\/Cristian-Contreras.jpg\"><img data-recalc-dims=\"1\" loading=\"lazy\" decoding=\"async\" class=\" wp-image-41122 \" title=\"Obispo de la Di\u00f3cesis de Aconcagua, Cristian Contreras Molina.\" alt=\"Obispo de la Di\u00f3cesis de Aconcagua, Cristian Contreras Molina.\" src=\"https:\/\/i0.wp.com\/www.eltrabajo.cl\/portal\/wp-content\/uploads\/2013\/12\/Cristian-Contreras.jpg?resize=317%2C211\" width=\"317\" height=\"211\" srcset=\"https:\/\/i0.wp.com\/eltrabajo.cl\/portal\/wp-content\/uploads\/2013\/12\/Cristian-Contreras.jpg?w=528&amp;ssl=1 528w, https:\/\/i0.wp.com\/eltrabajo.cl\/portal\/wp-content\/uploads\/2013\/12\/Cristian-Contreras.jpg?resize=200%2C133&amp;ssl=1 200w, https:\/\/i0.wp.com\/eltrabajo.cl\/portal\/wp-content\/uploads\/2013\/12\/Cristian-Contreras.jpg?resize=300%2C200&amp;ssl=1 300w, https:\/\/i0.wp.com\/eltrabajo.cl\/portal\/wp-content\/uploads\/2013\/12\/Cristian-Contreras.jpg?resize=150%2C100&amp;ssl=1 150w, https:\/\/i0.wp.com\/eltrabajo.cl\/portal\/wp-content\/uploads\/2013\/12\/Cristian-Contreras.jpg?resize=400%2C266&amp;ssl=1 400w\" sizes=\"auto, (max-width: 317px) 100vw, 317px\" \/><\/a><figcaption id=\"caption-attachment-41122\" class=\"wp-caption-text\">Obispo de la Di\u00f3cesis de Aconcagua, Cristian Contreras Molina.<\/figcaption><\/figure>\n<p><strong>PUTAENDO<\/strong>.- El Obispo de la Di\u00f3cesis de Aconcagua, Cristian Contreras Molina, entreg\u00f3 todo su respaldo a la Parroquia Nuestra Se\u00f1ora del Carmen de Rinconada de Silva y al Padre Ricardo G\u00f3mez, en relaci\u00f3n al conflicto que se ha generado con la serran\u00eda del sector, luego que se solicitara la regularizaci\u00f3n de los terrenos donde se encuentra emplazada la Ermita de los Ba\u00f1os del Parr\u00f3n.<\/p>\n<p>Contreras convers\u00f3 con Diario El Trabajo luego de finalizar las confirmaciones realizadas el domingo en la parroquia de Rinconada de Silva y en relaci\u00f3n al tema en cuesti\u00f3n, dijo que lo que la Iglesia desea es que ese lugar siga siendo lo que siempre ha sido, un lugar de encuentro para la fe y la oraci\u00f3n en torno a la Virgen del Carmen y un lugar donde tambi\u00e9n donde se recuerde a todos aquellos que por m\u00e1s de 100 a\u00f1os han peregrinado hasta ese hermoso lugar.<\/p>\n<p>El Obispo Contreras se\u00f1al\u00f3 que la Iglesia quiere acentuar la identidad de ese lugar y que siga perteneciendo a todos los creyentes del Valle de Aconcagua y en especial de Rinconada de Silva y que no se convierta en otra cosa, agregando que hoy, buscar la regularizaci\u00f3n de los terrenos de ese lugar, no es regularizar los terrenos ni para el obispo ni para el cura de Rinconada, pues es un lugar que pertenece a la cultura religiosa, al pueblo y a todos quienes por a\u00f1os caminaron para honrar a la Virgen del Carmen, pues asegur\u00f3 que hoy est\u00e1 en juego la tradici\u00f3n y la fe religiosa popular.<\/p>\n<p>\u00abMi llamado como pastor es a un entendimiento rec\u00edproco con quienes dirigen la serran\u00eda, nosotros no hemos buscado conflicto alguno ni tampoco lo queremos tener, lo \u00fanico que queremos es defender ese lugar, ya que un atentado a ese lugar es un atentado a la fe religiosa de los lugare\u00f1os y del pueblo y lo ideal es que esto tenga una legalizaci\u00f3n y se escriture a nombre de la iglesia y cuando hablo de la Iglesia, hablo de la iglesia y sus fieles, de la gente de Rinconada de Silva, por lo que hoy reitero que todos los p\u00e1rrocos tienen mi respaldo y en especial el padre Ricardo tiene todo mi respaldo junto con esta parroquia que hoy est\u00e1 dando para resguardar la Ermita de los Ba\u00f1os del Parr\u00f3n\u00bb, se\u00f1al\u00f3 el religioso.<\/p>\n<p>El Obispo se encontr\u00f3 en la plaza de Rinconada de Silva con el Alcalde Guillermo Reyes, a quien le toc\u00f3 el tema de la situaci\u00f3n que viven la parroquia y la serran\u00eda y le explic\u00f3 que a el como obispo le interesa mucho tener una reuni\u00f3n con la gente y con los dirigentes, sin prensa y sin abogados, pues se\u00f1al\u00f3 que con buenas palabras se pueden entender como seres humanos, agregando que el alcalde comprometi\u00f3 sus oficios para acercar posiciones y gestionar una reuni\u00f3n.<\/p>\n<p>Finalmente, el Obispo Contreras envi\u00f3 un mensaje a los fieles y a la comunidad cat\u00f3lica, en especial de Rinconada de Silva y Putaendo, en cuanto a que tambi\u00e9n oren por que finalmente se pueda conseguir lo que la parroquia est\u00e1 solicitando para resguardar ese hermoso lugar e indic\u00f3 que \u00abtodas las personas que est\u00e1n dirigiendo la serran\u00eda, si no son cat\u00f3licos, sean respetuosos del mundo cat\u00f3lico\u00bb.<\/p>\n<p>Patricio Gallardo M.<\/p>\n<p>&nbsp;<\/p>\n","protected":false},"excerpt":{"rendered":"<p>PUTAENDO.- El Obispo de la Di\u00f3cesis de Aconcagua, Cristian Contreras Molina, entreg\u00f3 todo su respaldo a la Parroquia Nuestra Se\u00f1ora del Carmen de Rinconada de Silva y al Padre Ricardo G\u00f3mez, en&#8230;<\/p>\n","protected":false},"author":482,"featured_media":41122,"comment_status":"open","ping_status":"closed","sticky":false,"template":"","format":"standard","meta":{"advanced_seo_description":"","jetpack_seo_html_title":"","jetpack_seo_noindex":false,"_jetpack_memberships_contains_paid_content":false,"footnotes":""},"categories":[15],"tags":[],"class_list":["post-41121","post","type-post","status-publish","format-standard","has-post-thumbnail","hentry","category-comunidad"],"jetpack_featured_media_url":"https:\/\/i0.wp.com\/eltrabajo.cl\/portal\/wp-content\/uploads\/2013\/12\/Cristian-Contreras.jpg?fit=528%2C352&ssl=1","jetpack_sharing_enabled":true,"jetpack_likes_enabled":true,"jetpack-related-posts":[],"_links":{"self":[{"href":"https:\/\/eltrabajo.cl\/portal\/wp-json\/wp\/v2\/posts\/41121","targetHints":{"allow":["GET"]}}],"collection":[{"href":"https:\/\/eltrabajo.cl\/portal\/wp-json\/wp\/v2\/posts"}],"about":[{"href":"https:\/\/eltrabajo.cl\/portal\/wp-json\/wp\/v2\/types\/post"}],"author":[{"embeddable":true,"href":"https:\/\/eltrabajo.cl\/portal\/wp-json\/wp\/v2\/users\/482"}],"replies":[{"embeddable":true,"href":"https:\/\/eltrabajo.cl\/portal\/wp-json\/wp\/v2\/comments?post=41121"}],"version-history":[{"count":0,"href":"https:\/\/eltrabajo.cl\/portal\/wp-json\/wp\/v2\/posts\/41121\/revisions"}],"wp:featuredmedia":[{"embeddable":true,"href":"https:\/\/eltrabajo.cl\/portal\/wp-json\/wp\/v2\/media\/41122"}],"wp:attachment":[{"href":"https:\/\/eltrabajo.cl\/portal\/wp-json\/wp\/v2\/media?parent=41121"}],"wp:term":[{"taxonomy":"category","embeddable":true,"href":"https:\/\/eltrabajo.cl\/portal\/wp-json\/wp\/v2\/categories?post=41121"},{"taxonomy":"post_tag","embeddable":true,"href":"https:\/\/eltrabajo.cl\/portal\/wp-json\/wp\/v2\/tags?post=41121"}],"curies":[{"name":"wp","href":"https:\/\/api.w.org\/{rel}","templated":true}]}}