{"id":41124,"date":"2013-12-26T09:31:07","date_gmt":"2013-12-26T12:31:07","guid":{"rendered":"http:\/\/www.eltrabajo.cl\/portal\/?p=41124"},"modified":"2013-12-26T09:31:07","modified_gmt":"2013-12-26T12:31:07","slug":"municipio-de-san-felipe-indemniza-a-cuatro-profesores-que-se-acogieron-a-retiro","status":"publish","type":"post","link":"https:\/\/eltrabajo.cl\/portal\/municipio-de-san-felipe-indemniza-a-cuatro-profesores-que-se-acogieron-a-retiro\/","title":{"rendered":"Municipio de San Felipe indemniza a cuatro profesores que se acogieron a retiro"},"content":{"rendered":"<figure id=\"attachment_41125\" aria-describedby=\"caption-attachment-41125\" style=\"width: 529px\" class=\"wp-caption alignnone\"><a href=\"https:\/\/i0.wp.com\/www.eltrabajo.cl\/portal\/wp-content\/uploads\/2013\/12\/Alcalde-con-Profesores.jpg\"><img data-recalc-dims=\"1\" loading=\"lazy\" decoding=\"async\" class=\"size-full wp-image-41125\" title=\"UN ADI\u00d3S.- El alcalde Patricio Freire, junto a tres de los cuatro profesores indemnizados tras acogerse a retiro.\" alt=\"UN ADI\u00d3S.- El alcalde Patricio Freire, junto a tres de los cuatro profesores indemnizados tras acogerse a retiro.\" src=\"https:\/\/i0.wp.com\/www.eltrabajo.cl\/portal\/wp-content\/uploads\/2013\/12\/Alcalde-con-Profesores.jpg?resize=529%2C298\" width=\"529\" height=\"298\" srcset=\"https:\/\/i0.wp.com\/eltrabajo.cl\/portal\/wp-content\/uploads\/2013\/12\/Alcalde-con-Profesores.jpg?w=529&amp;ssl=1 529w, https:\/\/i0.wp.com\/eltrabajo.cl\/portal\/wp-content\/uploads\/2013\/12\/Alcalde-con-Profesores.jpg?resize=200%2C112&amp;ssl=1 200w, https:\/\/i0.wp.com\/eltrabajo.cl\/portal\/wp-content\/uploads\/2013\/12\/Alcalde-con-Profesores.jpg?resize=300%2C168&amp;ssl=1 300w, https:\/\/i0.wp.com\/eltrabajo.cl\/portal\/wp-content\/uploads\/2013\/12\/Alcalde-con-Profesores.jpg?resize=150%2C84&amp;ssl=1 150w, https:\/\/i0.wp.com\/eltrabajo.cl\/portal\/wp-content\/uploads\/2013\/12\/Alcalde-con-Profesores.jpg?resize=400%2C225&amp;ssl=1 400w\" sizes=\"auto, (max-width: 529px) 100vw, 529px\" \/><\/a><figcaption id=\"caption-attachment-41125\" class=\"wp-caption-text\">UN ADI\u00d3S.- El alcalde Patricio Freire, junto a tres de los cuatro profesores indemnizados tras acogerse a retiro.<\/figcaption><\/figure>\n<p>M\u00e1s de 30 millones de pesos pag\u00f3 la ma\u00f1ana del martes la Municipalidad de San Felipe, a cuatro profesores de la comuna, como indemnizaci\u00f3n al acogerse a Retiro tras 40 a\u00f1os de docencia en establecimientos de la comuna. Seg\u00fan dijo el Alcalde Patricio Freire, se trata de un compromiso que se manten\u00eda con estos profesionales de la educaci\u00f3n y que se pudo concretar luego que el municipio gestionara ante el Ministerio, un pr\u00e9stamo para cancelar esta indemnizaci\u00f3n y as\u00ed, proceder estos docentes a su retiro voluntario.<\/p>\n<p>\u00abEstamos muy contentos de que estos recursos hayan llegado despu\u00e9s de golpear varias puertas en el Ministerio de Educaci\u00f3n, hablando en la Subsecretar\u00eda y viendo de qu\u00e9 forma pod\u00edan llegar a buen tiempo al Municipio de San Felipe, para hacer pago de esta indemnizaci\u00f3n a cuatro profesores que se acogen a retiro\u00bb, manifest\u00f3 el Alcalde Freire.<\/p>\n<p>El jefe comunal manifest\u00f3 que estos docentes han sido un gran aporte a la educaci\u00f3n p\u00fablica de San Felipe y el pa\u00eds, calific\u00e1ndolos de \u2018profesores de excelencia\u2019, a quienes agradeci\u00f3 por su entrega y profesionalismo, as\u00ed como al Ministerio de Educaci\u00f3n, \u00abpor esta gesti\u00f3n r\u00e1pida y exitosa que se hizo\u00bb.<\/p>\n<p>Se trata de los profesores Mar\u00eda Carre\u00f1o Molina, Nelson Castillo Far\u00edas, Ana Mar\u00eda Mancilla y Marina Quezada, quienes luego de una destacada trayectoria docente, este a\u00f1o 2013 dejaron de ejercer la docencia, acogi\u00e9ndose a su Retiro.<\/p>\n<p>&nbsp;<\/p>\n<p>LARGA TRAYECTORIA<\/p>\n<p>\u00abLos recursos llegaron en un d\u00eda muy especial, un 24 de diciembre, como regalo de Navidad, as\u00ed que estamos muy felices de haber cumplido una vez m\u00e1s con la educaci\u00f3n p\u00fablica municipal. Creemos que as\u00ed se puede avanzar en saldar la deuda que existe con los profesores de la comuna\u00bb, manifest\u00f3 la autoridad.<\/p>\n<p>Ana Mar\u00eda Mancilla, Profesora de Ingl\u00e9s con 40 a\u00f1os de ejercicio docente, lament\u00f3 que el municipio haya tenido que endeudarse para cancelar este compromiso, manifestando a su vez que en su caso, ella realiz\u00f3 pr\u00e1cticamente toda su carrera pedag\u00f3gica en el Liceo Corina Urbina, establecimiento donde ella tambi\u00e9n se form\u00f3 y al que espera seguir aportando, ahora en un plano diferente.<\/p>\n<p>\u00abYo estuve apenas un a\u00f1o fuera de mi colegio, empec\u00e9 a los 18 a\u00f1os a trabajar, me reintegr\u00e9 con nueve horas y termin\u00e9 con horario completo, pero despu\u00e9s cuando tuve a mis hijos, tom\u00e9 20 horas, que son con las que voy a jubilar. As\u00ed que he estado 40 a\u00f1os en el mismo colegio, el que me dio la educaci\u00f3n y por lo tanto, ha sido una mano de vuelta, con mucha alegr\u00eda y con mucha dedicaci\u00f3n\u00bb, expres\u00f3 la profesora.<\/p>\n<p>Seg\u00fan se inform\u00f3, en el caso de Marina Quezada, esta se encuentra con licencia m\u00e9dica, por lo que este jueves se proceder\u00e1 a hacer el pago correspondiente por concepto de indemnizaci\u00f3n por retiro voluntario.<\/p>\n<p>&nbsp;<\/p>\n","protected":false},"excerpt":{"rendered":"<p>M\u00e1s de 30 millones de pesos pag\u00f3 la ma\u00f1ana del martes la Municipalidad de San Felipe, a cuatro profesores de la comuna, como indemnizaci\u00f3n al acogerse a Retiro tras 40 a\u00f1os de&#8230;<\/p>\n","protected":false},"author":482,"featured_media":41125,"comment_status":"open","ping_status":"closed","sticky":false,"template":"","format":"standard","meta":{"advanced_seo_description":"","jetpack_seo_html_title":"","jetpack_seo_noindex":false,"_jetpack_memberships_contains_paid_content":false,"footnotes":""},"categories":[1],"tags":[],"class_list":["post-41124","post","type-post","status-publish","format-standard","has-post-thumbnail","hentry","category-cronica"],"jetpack_featured_media_url":"https:\/\/i0.wp.com\/eltrabajo.cl\/portal\/wp-content\/uploads\/2013\/12\/Alcalde-con-Profesores.jpg?fit=529%2C298&ssl=1","jetpack_sharing_enabled":true,"jetpack_likes_enabled":true,"jetpack-related-posts":[],"_links":{"self":[{"href":"https:\/\/eltrabajo.cl\/portal\/wp-json\/wp\/v2\/posts\/41124","targetHints":{"allow":["GET"]}}],"collection":[{"href":"https:\/\/eltrabajo.cl\/portal\/wp-json\/wp\/v2\/posts"}],"about":[{"href":"https:\/\/eltrabajo.cl\/portal\/wp-json\/wp\/v2\/types\/post"}],"author":[{"embeddable":true,"href":"https:\/\/eltrabajo.cl\/portal\/wp-json\/wp\/v2\/users\/482"}],"replies":[{"embeddable":true,"href":"https:\/\/eltrabajo.cl\/portal\/wp-json\/wp\/v2\/comments?post=41124"}],"version-history":[{"count":0,"href":"https:\/\/eltrabajo.cl\/portal\/wp-json\/wp\/v2\/posts\/41124\/revisions"}],"wp:featuredmedia":[{"embeddable":true,"href":"https:\/\/eltrabajo.cl\/portal\/wp-json\/wp\/v2\/media\/41125"}],"wp:attachment":[{"href":"https:\/\/eltrabajo.cl\/portal\/wp-json\/wp\/v2\/media?parent=41124"}],"wp:term":[{"taxonomy":"category","embeddable":true,"href":"https:\/\/eltrabajo.cl\/portal\/wp-json\/wp\/v2\/categories?post=41124"},{"taxonomy":"post_tag","embeddable":true,"href":"https:\/\/eltrabajo.cl\/portal\/wp-json\/wp\/v2\/tags?post=41124"}],"curies":[{"name":"wp","href":"https:\/\/api.w.org\/{rel}","templated":true}]}}