{"id":41127,"date":"2013-12-26T09:32:07","date_gmt":"2013-12-26T12:32:07","guid":{"rendered":"http:\/\/www.eltrabajo.cl\/portal\/?p=41127"},"modified":"2013-12-26T09:32:07","modified_gmt":"2013-12-26T12:32:07","slug":"provincia-de-san-felipe-no-considera-mega-fiestas-de-ano-nuevo","status":"publish","type":"post","link":"https:\/\/eltrabajo.cl\/portal\/provincia-de-san-felipe-no-considera-mega-fiestas-de-ano-nuevo\/","title":{"rendered":"Provincia de San Felipe no considera mega fiestas de A\u00f1o Nuevo"},"content":{"rendered":"<figure id=\"attachment_41128\" aria-describedby=\"caption-attachment-41128\" style=\"width: 317px\" class=\"wp-caption alignleft\"><a href=\"https:\/\/i0.wp.com\/www.eltrabajo.cl\/portal\/wp-content\/uploads\/2013\/12\/Gobernadora-Patricia-Boffa.jpg\"><img data-recalc-dims=\"1\" loading=\"lazy\" decoding=\"async\" class=\" wp-image-41128 \" title=\"LECTO FOTO: Patricia Boffa, Gobernadora Provincial de San Felipe.\" alt=\"LECTO FOTO: Patricia Boffa, Gobernadora Provincial de San Felipe.\" src=\"https:\/\/i0.wp.com\/www.eltrabajo.cl\/portal\/wp-content\/uploads\/2013\/12\/Gobernadora-Patricia-Boffa.jpg?resize=317%2C238\" width=\"317\" height=\"238\" srcset=\"https:\/\/i0.wp.com\/eltrabajo.cl\/portal\/wp-content\/uploads\/2013\/12\/Gobernadora-Patricia-Boffa.jpg?w=528&amp;ssl=1 528w, https:\/\/i0.wp.com\/eltrabajo.cl\/portal\/wp-content\/uploads\/2013\/12\/Gobernadora-Patricia-Boffa.jpg?resize=200%2C150&amp;ssl=1 200w, https:\/\/i0.wp.com\/eltrabajo.cl\/portal\/wp-content\/uploads\/2013\/12\/Gobernadora-Patricia-Boffa.jpg?resize=300%2C225&amp;ssl=1 300w, https:\/\/i0.wp.com\/eltrabajo.cl\/portal\/wp-content\/uploads\/2013\/12\/Gobernadora-Patricia-Boffa.jpg?resize=150%2C112&amp;ssl=1 150w, https:\/\/i0.wp.com\/eltrabajo.cl\/portal\/wp-content\/uploads\/2013\/12\/Gobernadora-Patricia-Boffa.jpg?resize=400%2C300&amp;ssl=1 400w\" sizes=\"auto, (max-width: 317px) 100vw, 317px\" \/><\/a><figcaption id=\"caption-attachment-41128\" class=\"wp-caption-text\">LECTO FOTO: Patricia Boffa, Gobernadora Provincial de San Felipe.<\/figcaption><\/figure>\n<p>Tal parece que atr\u00e1s qued\u00f3 el boom de las productoras que organizaban mega eventos en la provincia de San Felipe con motivo de la llegada del nuevo a\u00f1o. Si bien reportaron en su momento buenos dividendos, ya en los dos \u00faltimos a\u00f1os las ganancias no ameritaban el esfuerzo que implica una fiesta con m\u00e1s de 500 asistentes. Quiz\u00e1s por ese motivo, este a\u00f1o no se contempla uno o m\u00e1s mega eventos para recibir el 2014 y salvo las fiestas de locales nocturnos establecidos, todo hace parecer que este a\u00f1o se celebrar\u00e1 en casa.<\/p>\n<p>Mientras en Llay Llay s\u00f3lo est\u00e1 contemplado un evento de juegos pirot\u00e9cnicos, el que ya cuenta con la autorizaci\u00f3n de la autoridad fiscalizadora de Carabineros, en el resto de la provincia no se consideran fiestas masivas. As\u00ed al menos lo dio a conocer la Gobernadora Provincial Patricia Boffa, quien se\u00f1al\u00f3 que a la Gobernaci\u00f3n de San Felipe no lleg\u00f3 ninguna solicitud para la realizaci\u00f3n de mega fiestas.<\/p>\n<p>\u00abPara realizar un evento masivo de fin de a\u00f1o, o en cualquier otra fecha, es la Gobernaci\u00f3n la que entrega la debida autorizaci\u00f3n, la que depende de los informes favorables de Carabineros, Bomberos y Autoridad Sanitaria. Pero a nuestro despacho, no ha llegado ninguna solicitud, por lo que no habr\u00eda contemplada ninguna actividad de ese tipo en la provincia de San Felipe\u00bb, manifest\u00f3 la gobernadora.<\/p>\n<p>A\u00f1adi\u00f3 la autoridad que si alguna productora decidiera a estas alturas realizar un evento masivo, ya ser\u00eda imposible entregarle la autorizaci\u00f3n correspondiente, ya que no hay tiempo suficiente para la elaboraci\u00f3n de los informes pertinentes y as\u00ed, proceder a su desarrollo. A nivel del Valle de Aconcagua y si de actividades de lanzamiento de fuegos artificiales, la autoridad fiscalizadora de Carabineros inform\u00f3 que se han autorizado eventos en Llay Llay, Los Andes, San Esteban, Jahuel y Rinconada.<\/p>\n<p>&nbsp;<\/p>\n","protected":false},"excerpt":{"rendered":"<p>Tal parece que atr\u00e1s qued\u00f3 el boom de las productoras que organizaban mega eventos en la provincia de San Felipe con motivo de la llegada del nuevo a\u00f1o. Si bien reportaron en&#8230;<\/p>\n","protected":false},"author":482,"featured_media":41128,"comment_status":"open","ping_status":"closed","sticky":false,"template":"","format":"standard","meta":{"advanced_seo_description":"","jetpack_seo_html_title":"","jetpack_seo_noindex":false,"_jetpack_memberships_contains_paid_content":false,"footnotes":""},"categories":[1],"tags":[],"class_list":["post-41127","post","type-post","status-publish","format-standard","has-post-thumbnail","hentry","category-cronica"],"jetpack_featured_media_url":"https:\/\/i0.wp.com\/eltrabajo.cl\/portal\/wp-content\/uploads\/2013\/12\/Gobernadora-Patricia-Boffa.jpg?fit=528%2C396&ssl=1","jetpack_sharing_enabled":true,"jetpack_likes_enabled":true,"jetpack-related-posts":[],"_links":{"self":[{"href":"https:\/\/eltrabajo.cl\/portal\/wp-json\/wp\/v2\/posts\/41127","targetHints":{"allow":["GET"]}}],"collection":[{"href":"https:\/\/eltrabajo.cl\/portal\/wp-json\/wp\/v2\/posts"}],"about":[{"href":"https:\/\/eltrabajo.cl\/portal\/wp-json\/wp\/v2\/types\/post"}],"author":[{"embeddable":true,"href":"https:\/\/eltrabajo.cl\/portal\/wp-json\/wp\/v2\/users\/482"}],"replies":[{"embeddable":true,"href":"https:\/\/eltrabajo.cl\/portal\/wp-json\/wp\/v2\/comments?post=41127"}],"version-history":[{"count":0,"href":"https:\/\/eltrabajo.cl\/portal\/wp-json\/wp\/v2\/posts\/41127\/revisions"}],"wp:featuredmedia":[{"embeddable":true,"href":"https:\/\/eltrabajo.cl\/portal\/wp-json\/wp\/v2\/media\/41128"}],"wp:attachment":[{"href":"https:\/\/eltrabajo.cl\/portal\/wp-json\/wp\/v2\/media?parent=41127"}],"wp:term":[{"taxonomy":"category","embeddable":true,"href":"https:\/\/eltrabajo.cl\/portal\/wp-json\/wp\/v2\/categories?post=41127"},{"taxonomy":"post_tag","embeddable":true,"href":"https:\/\/eltrabajo.cl\/portal\/wp-json\/wp\/v2\/tags?post=41127"}],"curies":[{"name":"wp","href":"https:\/\/api.w.org\/{rel}","templated":true}]}}