{"id":41131,"date":"2013-12-26T09:33:43","date_gmt":"2013-12-26T12:33:43","guid":{"rendered":"http:\/\/www.eltrabajo.cl\/portal\/?p=41131"},"modified":"2013-12-26T09:33:43","modified_gmt":"2013-12-26T12:33:43","slug":"jardin-infantil-sol-naciente-abrio-proceso-para-contratacion-de-educadoras-y-tecnicos","status":"publish","type":"post","link":"https:\/\/eltrabajo.cl\/portal\/jardin-infantil-sol-naciente-abrio-proceso-para-contratacion-de-educadoras-y-tecnicos\/","title":{"rendered":"Jard\u00edn Infantil Sol Naciente abri\u00f3 proceso para contrataci\u00f3n de educadoras y T\u00e9cnicos"},"content":{"rendered":"<figure id=\"attachment_41132\" aria-describedby=\"caption-attachment-41132\" style=\"width: 423px\" class=\"wp-caption alignleft\"><a href=\"https:\/\/i0.wp.com\/www.eltrabajo.cl\/portal\/wp-content\/uploads\/2013\/12\/Sol1.jpg\"><img data-recalc-dims=\"1\" loading=\"lazy\" decoding=\"async\" class=\" wp-image-41132 \" title=\"VAMOS A ESTUDIAR.- Un llamado a presentar sus antecedentes profesionales a educadoras y t\u00e9cnicos en p\u00e1rvulo, realiz\u00f3 el martes la Directora del Jard\u00edn Infantil Sol Naciente, Oriel Quiroga, ubicado en Villa 250 A\u00f1os.\" alt=\"VAMOS A ESTUDIAR.- Un llamado a presentar sus antecedentes profesionales a educadoras y t\u00e9cnicos en p\u00e1rvulo, realiz\u00f3 el martes la Directora del Jard\u00edn Infantil Sol Naciente, Oriel Quiroga, ubicado en Villa 250 A\u00f1os.\" src=\"https:\/\/i0.wp.com\/www.eltrabajo.cl\/portal\/wp-content\/uploads\/2013\/12\/Sol1.jpg?resize=423%2C305\" width=\"423\" height=\"305\" srcset=\"https:\/\/i0.wp.com\/eltrabajo.cl\/portal\/wp-content\/uploads\/2013\/12\/Sol1.jpg?w=529&amp;ssl=1 529w, https:\/\/i0.wp.com\/eltrabajo.cl\/portal\/wp-content\/uploads\/2013\/12\/Sol1.jpg?resize=200%2C144&amp;ssl=1 200w, https:\/\/i0.wp.com\/eltrabajo.cl\/portal\/wp-content\/uploads\/2013\/12\/Sol1.jpg?resize=300%2C216&amp;ssl=1 300w, https:\/\/i0.wp.com\/eltrabajo.cl\/portal\/wp-content\/uploads\/2013\/12\/Sol1.jpg?resize=150%2C108&amp;ssl=1 150w, https:\/\/i0.wp.com\/eltrabajo.cl\/portal\/wp-content\/uploads\/2013\/12\/Sol1.jpg?resize=400%2C288&amp;ssl=1 400w\" sizes=\"auto, (max-width: 423px) 100vw, 423px\" \/><\/a><figcaption id=\"caption-attachment-41132\" class=\"wp-caption-text\">VAMOS A ESTUDIAR.- Un llamado a presentar sus antecedentes profesionales a educadoras y t\u00e9cnicos en p\u00e1rvulo, realiz\u00f3 el martes la Directora del Jard\u00edn Infantil Sol Naciente, Oriel Quiroga, ubicado en Villa 250 A\u00f1os.<\/figcaption><\/figure>\n<p>Un llamado a presentar sus antecedentes profesionales a educadoras y t\u00e9cnicos en p\u00e1rvulo, realiz\u00f3 el martes la Directora del Jard\u00edn Infantil Sol Naciente, Oriel Quiroga, ubicado en Villa 250 A\u00f1os, ya que se abri\u00f3 un proceso de postulaci\u00f3n para contrataci\u00f3n y remplazo. Seg\u00fan explic\u00f3 la directora, actualmente las funcionarias del jard\u00edn infantil cuentan con bastantes beneficios, entre los que destacan que un veh\u00edculo las traslada al establecimiento en las ma\u00f1anas y las retira en las tarde, lo que ha sido destacado por las educadoras, luego de los hechos que se produjeron hace unas semanas en la villa.<\/p>\n<p>\u00abNos hemos sentido absolutamente acompa\u00f1adas, hemos sentido todo el apoyo de parte de nuestro Alcalde Patricio Freire, el Director de la Daem y el Administrador Municipal, se han acercado hasta all\u00e1, han visitado el jard\u00edn, se han hechos mejoras, ahora se est\u00e1 construyendo un port\u00f3n que da a la media luna, que lo utilizar\u00edamos en caso de alguna eventualidad como la sucedida anteriormente\u00bb, dijo la directora, luego de los hechos registrados hace un tiempo. En tanto, el Alcalde Patricio Freire, record\u00f3 el trabajo que se viene realizando en este sector desde el comienzo de su administraci\u00f3n y tambi\u00e9n con los jardines infantiles.<\/p>\n<p>\u00abDesde que asumimos el municipio, hemos estado cerca de los jardines infantiles, viendo qu\u00e9 necesitan y hoy con los que son V\u00eda Transferencia de Fondos estamos llegando a un acuerdo en el tema laboral y en el jard\u00edn infantil de Villa 250 A\u00f1os estamos haciendo algunos trabajos en beneficio de los ni\u00f1os y de las educadoras del jard\u00edn\u00bb, dijo el jefe comunal.<\/p>\n<p>El jard\u00edn infantil contratar\u00e1 dos profesionales de manera estable y necesita dos para remplazo en el mes de febrero, ya que en esa fecha se atender\u00e1 solamente a los ni\u00f1os cuyas madres deben dejarlos por motivos de trabajo, y ser\u00edan solo unos 23 o 25 peque\u00f1os. Es por eso que las personas interesadas en participar del proceso deben dejar su curriculum directamente en el jard\u00edn infantil, donde ser\u00e1n entrevistadas por la directora.<\/p>\n<p>&nbsp;<\/p>\n","protected":false},"excerpt":{"rendered":"<p>Un llamado a presentar sus antecedentes profesionales a educadoras y t\u00e9cnicos en p\u00e1rvulo, realiz\u00f3 el martes la Directora del Jard\u00edn Infantil Sol Naciente, Oriel Quiroga, ubicado en Villa 250 A\u00f1os, ya que&#8230;<\/p>\n","protected":false},"author":482,"featured_media":41132,"comment_status":"open","ping_status":"closed","sticky":false,"template":"","format":"standard","meta":{"advanced_seo_description":"","jetpack_seo_html_title":"","jetpack_seo_noindex":false,"_jetpack_memberships_contains_paid_content":false,"footnotes":""},"categories":[1],"tags":[],"class_list":["post-41131","post","type-post","status-publish","format-standard","has-post-thumbnail","hentry","category-cronica"],"jetpack_featured_media_url":"https:\/\/i0.wp.com\/eltrabajo.cl\/portal\/wp-content\/uploads\/2013\/12\/Sol1.jpg?fit=529%2C381&ssl=1","jetpack_sharing_enabled":true,"jetpack_likes_enabled":true,"jetpack-related-posts":[],"_links":{"self":[{"href":"https:\/\/eltrabajo.cl\/portal\/wp-json\/wp\/v2\/posts\/41131","targetHints":{"allow":["GET"]}}],"collection":[{"href":"https:\/\/eltrabajo.cl\/portal\/wp-json\/wp\/v2\/posts"}],"about":[{"href":"https:\/\/eltrabajo.cl\/portal\/wp-json\/wp\/v2\/types\/post"}],"author":[{"embeddable":true,"href":"https:\/\/eltrabajo.cl\/portal\/wp-json\/wp\/v2\/users\/482"}],"replies":[{"embeddable":true,"href":"https:\/\/eltrabajo.cl\/portal\/wp-json\/wp\/v2\/comments?post=41131"}],"version-history":[{"count":0,"href":"https:\/\/eltrabajo.cl\/portal\/wp-json\/wp\/v2\/posts\/41131\/revisions"}],"wp:featuredmedia":[{"embeddable":true,"href":"https:\/\/eltrabajo.cl\/portal\/wp-json\/wp\/v2\/media\/41132"}],"wp:attachment":[{"href":"https:\/\/eltrabajo.cl\/portal\/wp-json\/wp\/v2\/media?parent=41131"}],"wp:term":[{"taxonomy":"category","embeddable":true,"href":"https:\/\/eltrabajo.cl\/portal\/wp-json\/wp\/v2\/categories?post=41131"},{"taxonomy":"post_tag","embeddable":true,"href":"https:\/\/eltrabajo.cl\/portal\/wp-json\/wp\/v2\/tags?post=41131"}],"curies":[{"name":"wp","href":"https:\/\/api.w.org\/{rel}","templated":true}]}}