{"id":41156,"date":"2013-12-27T09:29:03","date_gmt":"2013-12-27T12:29:03","guid":{"rendered":"http:\/\/www.eltrabajo.cl\/portal\/?p=41156"},"modified":"2013-12-27T09:29:03","modified_gmt":"2013-12-27T12:29:03","slug":"egresadas-de-la-agricola-viajan-en-mayo-a-estudiar-a-francia","status":"publish","type":"post","link":"https:\/\/eltrabajo.cl\/portal\/egresadas-de-la-agricola-viajan-en-mayo-a-estudiar-a-francia\/","title":{"rendered":"Egresadas de la Agr\u00edcola viajan en mayo a estudiar a Francia"},"content":{"rendered":"<figure id=\"attachment_41157\" aria-describedby=\"caption-attachment-41157\" style=\"width: 317px\" class=\"wp-caption alignleft\"><a href=\"https:\/\/i0.wp.com\/www.eltrabajo.cl\/portal\/wp-content\/uploads\/2013\/12\/Gabriela-Arancibia.jpg\"><img data-recalc-dims=\"1\" loading=\"lazy\" decoding=\"async\" class=\" wp-image-41157 \" title=\"ORGULLOSA.- Gabriela Arancibia muestra con orgullo a Diario El Trabajo el diploma que recibi\u00f3 cuando se licenci\u00f3, ella sue\u00f1a con ser Ingeniero Medioambiental.\" alt=\"ORGULLOSA.- Gabriela Arancibia muestra con orgullo a Diario El Trabajo el diploma que recibi\u00f3 cuando se licenci\u00f3, ella sue\u00f1a con ser Ingeniero Medioambiental.\" src=\"https:\/\/i0.wp.com\/www.eltrabajo.cl\/portal\/wp-content\/uploads\/2013\/12\/Gabriela-Arancibia.jpg?resize=317%2C343\" width=\"317\" height=\"343\" srcset=\"https:\/\/i0.wp.com\/eltrabajo.cl\/portal\/wp-content\/uploads\/2013\/12\/Gabriela-Arancibia.jpg?w=529&amp;ssl=1 529w, https:\/\/i0.wp.com\/eltrabajo.cl\/portal\/wp-content\/uploads\/2013\/12\/Gabriela-Arancibia.jpg?resize=138%2C150&amp;ssl=1 138w, https:\/\/i0.wp.com\/eltrabajo.cl\/portal\/wp-content\/uploads\/2013\/12\/Gabriela-Arancibia.jpg?resize=277%2C300&amp;ssl=1 277w, https:\/\/i0.wp.com\/eltrabajo.cl\/portal\/wp-content\/uploads\/2013\/12\/Gabriela-Arancibia.jpg?resize=400%2C431&amp;ssl=1 400w\" sizes=\"auto, (max-width: 317px) 100vw, 317px\" \/><\/a><figcaption id=\"caption-attachment-41157\" class=\"wp-caption-text\">ORGULLOSA.- Gabriela Arancibia muestra con orgullo a Diario El Trabajo el diploma que recibi\u00f3 cuando se licenci\u00f3, ella sue\u00f1a con ser Ingeniero Medioambiental.<\/figcaption><\/figure>\n<p>Dos destacadas egresadas de T\u00e9cnico Agropecuario Nivel Medio de la Escuela Agr\u00edcola de San Felipe, Javiera Arancibia Saavedra de Catemu y Gabriela Arancibia Rodr\u00edguez de Villa Los Olivos de La Higuera, est\u00e1n que no caben de contentas tras ser notificadas por parte de la Escuela Agr\u00edcola, que en mayo de 2014 podr\u00e1n viajar al sur de Francia a realizar sus pr\u00e1cticas profesionales gracias a una beca otorgada a ellas dos en virtud de su excelente desempe\u00f1o acad\u00e9mico durante 2013.<\/p>\n<figure id=\"attachment_41158\" aria-describedby=\"caption-attachment-41158\" style=\"width: 317px\" class=\"wp-caption alignright\"><a href=\"https:\/\/i0.wp.com\/www.eltrabajo.cl\/portal\/wp-content\/uploads\/2013\/12\/Javiera-Saavedra.jpg\"><img data-recalc-dims=\"1\" loading=\"lazy\" decoding=\"async\" class=\" wp-image-41158 \" title=\"ALISTANDO MALETAS.- Javiera Saavedra es vecina de Catemu y desde ya prepara sus maletas para viajar a Francia en mayo pr\u00f3ximo.\" alt=\"ALISTANDO MALETAS.- Javiera Saavedra es vecina de Catemu y desde ya prepara sus maletas para viajar a Francia en mayo pr\u00f3ximo.\" src=\"https:\/\/i0.wp.com\/www.eltrabajo.cl\/portal\/wp-content\/uploads\/2013\/12\/Javiera-Saavedra.jpg?resize=317%2C349\" width=\"317\" height=\"349\" srcset=\"https:\/\/i0.wp.com\/eltrabajo.cl\/portal\/wp-content\/uploads\/2013\/12\/Javiera-Saavedra.jpg?w=529&amp;ssl=1 529w, https:\/\/i0.wp.com\/eltrabajo.cl\/portal\/wp-content\/uploads\/2013\/12\/Javiera-Saavedra.jpg?resize=136%2C150&amp;ssl=1 136w, https:\/\/i0.wp.com\/eltrabajo.cl\/portal\/wp-content\/uploads\/2013\/12\/Javiera-Saavedra.jpg?resize=273%2C300&amp;ssl=1 273w, https:\/\/i0.wp.com\/eltrabajo.cl\/portal\/wp-content\/uploads\/2013\/12\/Javiera-Saavedra.jpg?resize=400%2C439&amp;ssl=1 400w\" sizes=\"auto, (max-width: 317px) 100vw, 317px\" \/><\/a><figcaption id=\"caption-attachment-41158\" class=\"wp-caption-text\">ALISTANDO MALETAS.- Javiera Saavedra es vecina de Catemu y desde ya prepara sus maletas para viajar a Francia en mayo pr\u00f3ximo.<\/figcaption><\/figure>\n<p>Con miras a conocer a estas j\u00f3venes aconcag\u00fcinas, Diario El Trabajo habl\u00f3 con ellas y sus familiares. \u00abTodos en la familia estamos muy contentos, pues s\u00f3lo esper\u00e1bamos que nuestra hija terminara sus estudios y continuara la carrera que decida estudiar, pero este viaje a Francia simplemente es un positivo cambio de planes, ella podr\u00e1 ver el desarrollo agropecuario europeo y creo que esa experiencia le ayudar\u00e1 mucho\u00bb, coment\u00f3 a nuestro medio Reginaldo Arancibia Brante, padre de Gabriela, una bella santamariana que actualmente cursa su Pr\u00e1ctica agropecuaria en Llay Llay, al lado de la otra becada.<\/p>\n<p>Seg\u00fan coment\u00f3 Reginaldo, \u00abnosotros su familia, estamos muy orgullosos de los logros por ella obtenidos, Gabriela es una joven amante de la cueca, ojala que esta experiencia la disfrute con alegr\u00eda\u00bb, agreg\u00f3 el orgulloso padre.<\/p>\n<figure id=\"attachment_41161\" aria-describedby=\"caption-attachment-41161\" style=\"width: 222px\" class=\"wp-caption alignleft\"><a href=\"https:\/\/i0.wp.com\/www.eltrabajo.cl\/portal\/wp-content\/uploads\/2013\/12\/Carlos-Dasso.jpg\"><img data-recalc-dims=\"1\" loading=\"lazy\" decoding=\"async\" class=\" wp-image-41161  \" title=\"Carlos Dasso Dote, Director de la Escuela Agr\u00edcola de San Felipe.\" alt=\"Carlos Dasso Dote, Director de la Escuela Agr\u00edcola de San Felipe.\" src=\"https:\/\/i0.wp.com\/www.eltrabajo.cl\/portal\/wp-content\/uploads\/2013\/12\/Carlos-Dasso.jpg?resize=222%2C220\" width=\"222\" height=\"220\" srcset=\"https:\/\/i0.wp.com\/eltrabajo.cl\/portal\/wp-content\/uploads\/2013\/12\/Carlos-Dasso.jpg?w=529&amp;ssl=1 529w, https:\/\/i0.wp.com\/eltrabajo.cl\/portal\/wp-content\/uploads\/2013\/12\/Carlos-Dasso.jpg?resize=151%2C150&amp;ssl=1 151w, https:\/\/i0.wp.com\/eltrabajo.cl\/portal\/wp-content\/uploads\/2013\/12\/Carlos-Dasso.jpg?resize=300%2C296&amp;ssl=1 300w, https:\/\/i0.wp.com\/eltrabajo.cl\/portal\/wp-content\/uploads\/2013\/12\/Carlos-Dasso.jpg?resize=150%2C148&amp;ssl=1 150w, https:\/\/i0.wp.com\/eltrabajo.cl\/portal\/wp-content\/uploads\/2013\/12\/Carlos-Dasso.jpg?resize=400%2C395&amp;ssl=1 400w\" sizes=\"auto, (max-width: 222px) 100vw, 222px\" \/><\/a><figcaption id=\"caption-attachment-41161\" class=\"wp-caption-text\">Carlos Dasso Dote, Director de la Escuela Agr\u00edcola de San Felipe.<\/figcaption><\/figure>\n<p>&nbsp;<\/p>\n<p><strong>ALGO NERVIOSA<\/strong><\/p>\n<p>Diario El Trabajo tambi\u00e9n habl\u00f3 con Javiera Arancibia Saavedra, quien nos coment\u00f3 que \u00abestoy un poco nerviosa, no me lo esperaba, pues viajar a Francia no es algo que podemos hacer todos los d\u00edas sin ser millonario, all\u00e1 podremos, Gabriela y yo, aprender el sistema de cosecha de varias frutas, tambi\u00e9n podremos exponer lo que hemos aprendido en estos a\u00f1os en la Escuela Agr\u00edcola\u00bb, coment\u00f3 la becada.<\/p>\n<figure id=\"attachment_41162\" aria-describedby=\"caption-attachment-41162\" style=\"width: 222px\" class=\"wp-caption alignright\"><a href=\"https:\/\/i0.wp.com\/www.eltrabajo.cl\/portal\/wp-content\/uploads\/2013\/12\/Reginaldo-Arancibia.jpg\"><img data-recalc-dims=\"1\" loading=\"lazy\" decoding=\"async\" class=\" wp-image-41162  \" title=\"Reginaldo Arancibia Brante, padre de Gabriela.\" alt=\"Reginaldo Arancibia Brante, padre de Gabriela.\" src=\"https:\/\/i0.wp.com\/www.eltrabajo.cl\/portal\/wp-content\/uploads\/2013\/12\/Reginaldo-Arancibia.jpg?resize=222%2C209\" width=\"222\" height=\"209\" srcset=\"https:\/\/i0.wp.com\/eltrabajo.cl\/portal\/wp-content\/uploads\/2013\/12\/Reginaldo-Arancibia.jpg?w=529&amp;ssl=1 529w, https:\/\/i0.wp.com\/eltrabajo.cl\/portal\/wp-content\/uploads\/2013\/12\/Reginaldo-Arancibia.jpg?resize=159%2C150&amp;ssl=1 159w, https:\/\/i0.wp.com\/eltrabajo.cl\/portal\/wp-content\/uploads\/2013\/12\/Reginaldo-Arancibia.jpg?resize=300%2C281&amp;ssl=1 300w, https:\/\/i0.wp.com\/eltrabajo.cl\/portal\/wp-content\/uploads\/2013\/12\/Reginaldo-Arancibia.jpg?resize=150%2C140&amp;ssl=1 150w, https:\/\/i0.wp.com\/eltrabajo.cl\/portal\/wp-content\/uploads\/2013\/12\/Reginaldo-Arancibia.jpg?resize=400%2C375&amp;ssl=1 400w\" sizes=\"auto, (max-width: 222px) 100vw, 222px\" \/><\/a><figcaption id=\"caption-attachment-41162\" class=\"wp-caption-text\">Reginaldo Arancibia Brante, padre de Gabriela.<\/figcaption><\/figure>\n<p>Consultado por estas becas, Carlos Dasso, Director de la Escuela Agr\u00edcola de San Felipe, detall\u00f3 que \u00abnuestra instituci\u00f3n firm\u00f3 hace un par de a\u00f1os un convenio con el Ministerio de Agricultura Franc\u00e9s, del cual dependen las escuelas agr\u00edcolas en ese pa\u00eds, este convenio permite el intercambio de profesores y estudiantes nuestros con los franceses para que realicen un periodo de tres meses como pasant\u00eda\u00bb.<\/p>\n<p>Seg\u00fan report\u00f3 Dasso, \u201clas jovencitas viajar\u00e1n acompa\u00f1adas por una profesora de la Escuela Agr\u00edcola, los gastos y de transporte los pagamos nosotros y la alimentaci\u00f3n y estad\u00eda en Francia corre por el pa\u00eds europeo\u201d.<\/p>\n<p>Roberto Gonz\u00e1lez Short<\/p>\n<p>rgonzalez@eltrabajo.cl<\/p>\n<p>&nbsp;<\/p>\n","protected":false},"excerpt":{"rendered":"<p>Dos destacadas egresadas de T\u00e9cnico Agropecuario Nivel Medio de la Escuela Agr\u00edcola de San Felipe, Javiera Arancibia Saavedra de Catemu y Gabriela Arancibia Rodr\u00edguez de Villa Los Olivos de La Higuera, est\u00e1n&#8230;<\/p>\n","protected":false},"author":482,"featured_media":41157,"comment_status":"open","ping_status":"closed","sticky":false,"template":"","format":"standard","meta":{"advanced_seo_description":"","jetpack_seo_html_title":"","jetpack_seo_noindex":false,"_jetpack_memberships_contains_paid_content":false,"footnotes":""},"categories":[15],"tags":[],"class_list":["post-41156","post","type-post","status-publish","format-standard","has-post-thumbnail","hentry","category-comunidad"],"jetpack_featured_media_url":"https:\/\/i0.wp.com\/eltrabajo.cl\/portal\/wp-content\/uploads\/2013\/12\/Gabriela-Arancibia.jpg?fit=529%2C571&ssl=1","jetpack_sharing_enabled":true,"jetpack_likes_enabled":true,"jetpack-related-posts":[],"_links":{"self":[{"href":"https:\/\/eltrabajo.cl\/portal\/wp-json\/wp\/v2\/posts\/41156","targetHints":{"allow":["GET"]}}],"collection":[{"href":"https:\/\/eltrabajo.cl\/portal\/wp-json\/wp\/v2\/posts"}],"about":[{"href":"https:\/\/eltrabajo.cl\/portal\/wp-json\/wp\/v2\/types\/post"}],"author":[{"embeddable":true,"href":"https:\/\/eltrabajo.cl\/portal\/wp-json\/wp\/v2\/users\/482"}],"replies":[{"embeddable":true,"href":"https:\/\/eltrabajo.cl\/portal\/wp-json\/wp\/v2\/comments?post=41156"}],"version-history":[{"count":0,"href":"https:\/\/eltrabajo.cl\/portal\/wp-json\/wp\/v2\/posts\/41156\/revisions"}],"wp:featuredmedia":[{"embeddable":true,"href":"https:\/\/eltrabajo.cl\/portal\/wp-json\/wp\/v2\/media\/41157"}],"wp:attachment":[{"href":"https:\/\/eltrabajo.cl\/portal\/wp-json\/wp\/v2\/media?parent=41156"}],"wp:term":[{"taxonomy":"category","embeddable":true,"href":"https:\/\/eltrabajo.cl\/portal\/wp-json\/wp\/v2\/categories?post=41156"},{"taxonomy":"post_tag","embeddable":true,"href":"https:\/\/eltrabajo.cl\/portal\/wp-json\/wp\/v2\/tags?post=41156"}],"curies":[{"name":"wp","href":"https:\/\/api.w.org\/{rel}","templated":true}]}}