{"id":41177,"date":"2013-12-27T09:45:50","date_gmt":"2013-12-27T12:45:50","guid":{"rendered":"http:\/\/www.eltrabajo.cl\/portal\/?p=41177"},"modified":"2013-12-27T09:45:50","modified_gmt":"2013-12-27T12:45:50","slug":"terreno-en-conflicto-dilata-construccion-de-parque-eolico-en-llay-llay","status":"publish","type":"post","link":"https:\/\/eltrabajo.cl\/portal\/terreno-en-conflicto-dilata-construccion-de-parque-eolico-en-llay-llay\/","title":{"rendered":"Terreno en conflicto dilata construcci\u00f3n de Parque E\u00f3lico en Llay Llay"},"content":{"rendered":"<figure id=\"attachment_41178\" aria-describedby=\"caption-attachment-41178\" style=\"width: 529px\" class=\"wp-caption alignnone\"><a href=\"https:\/\/i0.wp.com\/www.eltrabajo.cl\/portal\/wp-content\/uploads\/2013\/12\/parque-eolico.jpg\"><img data-recalc-dims=\"1\" loading=\"lazy\" decoding=\"async\" class=\"size-full wp-image-41178\" title=\"Catorce torres de energ\u00eda e\u00f3lica se contempla levantar en la comuna de Llay Llay.\" alt=\"Catorce torres de energ\u00eda e\u00f3lica se contempla levantar en la comuna de Llay Llay.\" src=\"https:\/\/i0.wp.com\/www.eltrabajo.cl\/portal\/wp-content\/uploads\/2013\/12\/parque-eolico.jpg?resize=529%2C353\" width=\"529\" height=\"353\" srcset=\"https:\/\/i0.wp.com\/eltrabajo.cl\/portal\/wp-content\/uploads\/2013\/12\/parque-eolico.jpg?w=529&amp;ssl=1 529w, https:\/\/i0.wp.com\/eltrabajo.cl\/portal\/wp-content\/uploads\/2013\/12\/parque-eolico.jpg?resize=200%2C133&amp;ssl=1 200w, https:\/\/i0.wp.com\/eltrabajo.cl\/portal\/wp-content\/uploads\/2013\/12\/parque-eolico.jpg?resize=300%2C200&amp;ssl=1 300w, https:\/\/i0.wp.com\/eltrabajo.cl\/portal\/wp-content\/uploads\/2013\/12\/parque-eolico.jpg?resize=150%2C100&amp;ssl=1 150w, https:\/\/i0.wp.com\/eltrabajo.cl\/portal\/wp-content\/uploads\/2013\/12\/parque-eolico.jpg?resize=400%2C266&amp;ssl=1 400w\" sizes=\"auto, (max-width: 529px) 100vw, 529px\" \/><\/a><figcaption id=\"caption-attachment-41178\" class=\"wp-caption-text\">Catorce torres de energ\u00eda e\u00f3lica se contempla levantar en la comuna de Llay Llay.<\/figcaption><\/figure>\n<p><strong>LLAY LLAY<\/strong>.- La discusi\u00f3n en torno a la propiedad de un terreno de 10 hect\u00e1reas en la ribera del R\u00edo Aconcagua, el que est\u00e1 considerado por el municipio para entregar en concesi\u00f3n a una empresa extranjera, estar\u00eda dilatando la puesta en marcha del proyecto de parque e\u00f3lico en la comuna de Llay Llay, el que contempla levantar 14 torres.<\/p>\n<p>La informaci\u00f3n la entreg\u00f3 el concejal Mesala Gonz\u00e1lez, quien se\u00f1al\u00f3 que el municipio tiene considerado en el sector de Las Vegas, una importante faja de terreno para entregarla en concesi\u00f3n a la empresa, a fin de que pueda desarrollar este proyecto. No obstante, un particular de la comuna se est\u00e1 atribuyendo de su propiedad parte de estos terrenos, 10 hect\u00e1reas para ser exactos, por lo que actualmente se discute a nivel del Ministerio de Bienes Nacionales, sobre qui\u00e9n es el propietario de estos terrenos.<\/p>\n<figure id=\"attachment_41179\" aria-describedby=\"caption-attachment-41179\" style=\"width: 317px\" class=\"wp-caption alignright\"><a href=\"https:\/\/i0.wp.com\/www.eltrabajo.cl\/portal\/wp-content\/uploads\/2013\/12\/Mesala-Gonzalez.jpg\"><img data-recalc-dims=\"1\" loading=\"lazy\" decoding=\"async\" class=\" wp-image-41179 \" title=\"Mesala Gonz\u00e1lez, concejal de Llay Llay.\" alt=\"Mesala Gonz\u00e1lez, concejal de Llay Llay.\" src=\"https:\/\/i0.wp.com\/www.eltrabajo.cl\/portal\/wp-content\/uploads\/2013\/12\/Mesala-Gonzalez.jpg?resize=317%2C238\" width=\"317\" height=\"238\" srcset=\"https:\/\/i0.wp.com\/eltrabajo.cl\/portal\/wp-content\/uploads\/2013\/12\/Mesala-Gonzalez.jpg?w=528&amp;ssl=1 528w, https:\/\/i0.wp.com\/eltrabajo.cl\/portal\/wp-content\/uploads\/2013\/12\/Mesala-Gonzalez.jpg?resize=200%2C150&amp;ssl=1 200w, https:\/\/i0.wp.com\/eltrabajo.cl\/portal\/wp-content\/uploads\/2013\/12\/Mesala-Gonzalez.jpg?resize=300%2C225&amp;ssl=1 300w, https:\/\/i0.wp.com\/eltrabajo.cl\/portal\/wp-content\/uploads\/2013\/12\/Mesala-Gonzalez.jpg?resize=150%2C112&amp;ssl=1 150w, https:\/\/i0.wp.com\/eltrabajo.cl\/portal\/wp-content\/uploads\/2013\/12\/Mesala-Gonzalez.jpg?resize=400%2C300&amp;ssl=1 400w\" sizes=\"auto, (max-width: 317px) 100vw, 317px\" \/><\/a><figcaption id=\"caption-attachment-41179\" class=\"wp-caption-text\">Mesala Gonz\u00e1lez, concejal de Llay Llay.<\/figcaption><\/figure>\n<p>\u201cGran parte de estos terrenos estar\u00edan en un predio de Joaqu\u00edn Jaquinto, con quien el municipio est\u00e1 en conflicto, ya que este vecino se aduce cerca de diez hect\u00e1reas de la ribera norte del R\u00edo Aconcagua. Actualmente esta persona est\u00e1 esperando que Bienes Nacionales regularice su posesi\u00f3n sobre estos terrenos, lo que le permitir\u00eda hacer negocios con esta empresa y as\u00ed, instalar en ese sector entre 4 \u00f3 5 torres, de las 14 proyectadas\u201d, se\u00f1al\u00f3 Mesala Gonz\u00e1lez.<\/p>\n<p>El problema es que de regularizarse los terrenos a favor de este particular, el municipio dejar\u00eda de recibir una suma importante de dinero, ya que se contempla el pago por torre, de la suma de 7 mil d\u00f3lares, lo que interesa bastante al Alcalde Mario Marillanca, ya que contar\u00eda con recursos que en la actualidad no posee para el desarrollo de iniciativas en favor de la comuna.<\/p>\n<p>\u201cNosotros como municipio hicimos un reclamo ante Bienes Nacionales, argumentando que estos terrenos son bienes nacionales de uso p\u00fablico administrados por la municipalidad. Si tenemos \u00e9xito en estas gestiones, el municipio estar\u00eda en condiciones de entregarle el comodato a la empresa, a fin de que instale las torres. Ser\u00edan 7 mil d\u00f3lares anuales que recibir\u00eda el municipio por torre, entregando 2 mega watts al sistema interconectado central\u201d, se\u00f1al\u00f3 Mesala Gonz\u00e1lez.<\/p>\n<p>Originalmente se hab\u00eda hablado de ejecutar un proyecto consistente en 28 torres de energ\u00eda e\u00f3lica, que fue el proyecto que hab\u00eda presentado en sus inicios el profesional Juan Walker, a quien finalmente la empresa holandesa-canadiense le compr\u00f3 los derechos de construcci\u00f3n.<\/p>\n<p>\u201cEllos van a construir 14, porque seg\u00fan los estudios de los vientos que han realizado, eso permitir\u00eda el sector de Las Vegas en Llay Llay. La idea de esta empresa es comenzar a construir en enero, desarrollando un proyecto de energ\u00eda limpia y comenzando a entregar electricidad al sistema interconectado central, a contar de 2015\u201d, manifest\u00f3 el concejal Gonz\u00e1lez, quien se mostr\u00f3 esperanzado de que el proceso que se lleva adelante en Bienes Nacionales, d\u00e9 frutos a favor de la municipalidad.<\/p>\n<p>&nbsp;<\/p>\n","protected":false},"excerpt":{"rendered":"<p>LLAY LLAY.- La discusi\u00f3n en torno a la propiedad de un terreno de 10 hect\u00e1reas en la ribera del R\u00edo Aconcagua, el que est\u00e1 considerado por el municipio para entregar en concesi\u00f3n&#8230;<\/p>\n","protected":false},"author":482,"featured_media":41178,"comment_status":"open","ping_status":"closed","sticky":false,"template":"","format":"standard","meta":{"advanced_seo_description":"","jetpack_seo_html_title":"","jetpack_seo_noindex":false,"_jetpack_memberships_contains_paid_content":false,"footnotes":""},"categories":[1],"tags":[],"class_list":["post-41177","post","type-post","status-publish","format-standard","has-post-thumbnail","hentry","category-cronica"],"jetpack_featured_media_url":"https:\/\/i0.wp.com\/eltrabajo.cl\/portal\/wp-content\/uploads\/2013\/12\/parque-eolico.jpg?fit=529%2C353&ssl=1","jetpack_sharing_enabled":true,"jetpack_likes_enabled":true,"jetpack-related-posts":[],"_links":{"self":[{"href":"https:\/\/eltrabajo.cl\/portal\/wp-json\/wp\/v2\/posts\/41177","targetHints":{"allow":["GET"]}}],"collection":[{"href":"https:\/\/eltrabajo.cl\/portal\/wp-json\/wp\/v2\/posts"}],"about":[{"href":"https:\/\/eltrabajo.cl\/portal\/wp-json\/wp\/v2\/types\/post"}],"author":[{"embeddable":true,"href":"https:\/\/eltrabajo.cl\/portal\/wp-json\/wp\/v2\/users\/482"}],"replies":[{"embeddable":true,"href":"https:\/\/eltrabajo.cl\/portal\/wp-json\/wp\/v2\/comments?post=41177"}],"version-history":[{"count":0,"href":"https:\/\/eltrabajo.cl\/portal\/wp-json\/wp\/v2\/posts\/41177\/revisions"}],"wp:featuredmedia":[{"embeddable":true,"href":"https:\/\/eltrabajo.cl\/portal\/wp-json\/wp\/v2\/media\/41178"}],"wp:attachment":[{"href":"https:\/\/eltrabajo.cl\/portal\/wp-json\/wp\/v2\/media?parent=41177"}],"wp:term":[{"taxonomy":"category","embeddable":true,"href":"https:\/\/eltrabajo.cl\/portal\/wp-json\/wp\/v2\/categories?post=41177"},{"taxonomy":"post_tag","embeddable":true,"href":"https:\/\/eltrabajo.cl\/portal\/wp-json\/wp\/v2\/tags?post=41177"}],"curies":[{"name":"wp","href":"https:\/\/api.w.org\/{rel}","templated":true}]}}