{"id":41182,"date":"2013-12-27T09:47:32","date_gmt":"2013-12-27T12:47:32","guid":{"rendered":"http:\/\/www.eltrabajo.cl\/portal\/?p=41182"},"modified":"2013-12-27T09:47:32","modified_gmt":"2013-12-27T12:47:32","slug":"seremi-de-salud-llama-a-denunciar-y-no-adquirir-fuegos-artificiales","status":"publish","type":"post","link":"https:\/\/eltrabajo.cl\/portal\/seremi-de-salud-llama-a-denunciar-y-no-adquirir-fuegos-artificiales\/","title":{"rendered":"Seremi de Salud llama a denunciar y no adquirir fuegos artificiales"},"content":{"rendered":"<figure id=\"attachment_41183\" aria-describedby=\"caption-attachment-41183\" style=\"width: 529px\" class=\"wp-caption alignnone\"><a href=\"https:\/\/i0.wp.com\/www.eltrabajo.cl\/portal\/wp-content\/uploads\/2013\/12\/fuegos-artificiales.jpg\"><img data-recalc-dims=\"1\" loading=\"lazy\" decoding=\"async\" class=\"size-full wp-image-41183\" title=\"En Chile, el a\u00f1o pasado se decomisaron 173 mil unidades de fuegos artificiales, cuya tenencia y comercializaci\u00f3n est\u00e1 prohibida por la ley 19.680.\" alt=\"En Chile, el a\u00f1o pasado se decomisaron 173 mil unidades de fuegos artificiales, cuya tenencia y comercializaci\u00f3n est\u00e1 prohibida por la ley 19.680.\" src=\"https:\/\/i0.wp.com\/www.eltrabajo.cl\/portal\/wp-content\/uploads\/2013\/12\/fuegos-artificiales.jpg?resize=529%2C331\" width=\"529\" height=\"331\" srcset=\"https:\/\/i0.wp.com\/eltrabajo.cl\/portal\/wp-content\/uploads\/2013\/12\/fuegos-artificiales.jpg?w=529&amp;ssl=1 529w, https:\/\/i0.wp.com\/eltrabajo.cl\/portal\/wp-content\/uploads\/2013\/12\/fuegos-artificiales.jpg?resize=200%2C125&amp;ssl=1 200w, https:\/\/i0.wp.com\/eltrabajo.cl\/portal\/wp-content\/uploads\/2013\/12\/fuegos-artificiales.jpg?resize=300%2C187&amp;ssl=1 300w, https:\/\/i0.wp.com\/eltrabajo.cl\/portal\/wp-content\/uploads\/2013\/12\/fuegos-artificiales.jpg?resize=150%2C93&amp;ssl=1 150w, https:\/\/i0.wp.com\/eltrabajo.cl\/portal\/wp-content\/uploads\/2013\/12\/fuegos-artificiales.jpg?resize=400%2C250&amp;ssl=1 400w\" sizes=\"auto, (max-width: 529px) 100vw, 529px\" \/><\/a><figcaption id=\"caption-attachment-41183\" class=\"wp-caption-text\">En Chile, el a\u00f1o pasado se decomisaron 173 mil unidades de fuegos artificiales, cuya tenencia y comercializaci\u00f3n est\u00e1 prohibida por la ley 19.680.<\/figcaption><\/figure>\n<p>Un llamado a la comunidad a no adquirir fuegos artificiales, as\u00ed como a denunciar a quienes los comercializan clandestinamente, formul\u00f3 el jefe (s) de la Seremi de Salud Aconcagua, Aleksis G\u00f3mez, quien recalc\u00f3 el riesgo de accidentes y quemaduras que se pueden sufrir producto de su mala manipulaci\u00f3n.<\/p>\n<figure id=\"attachment_41184\" aria-describedby=\"caption-attachment-41184\" style=\"width: 317px\" class=\"wp-caption alignright\"><a href=\"https:\/\/i0.wp.com\/www.eltrabajo.cl\/portal\/wp-content\/uploads\/2013\/12\/Aleksis-Gomez.jpg\"><img data-recalc-dims=\"1\" loading=\"lazy\" decoding=\"async\" class=\" wp-image-41184 \" title=\"Aleksis G\u00f3mez se\u00f1al\u00f3 que existe un riesgo inminente de quemaduras por la manipulaci\u00f3n de fuegos artificiales.\" alt=\"Aleksis G\u00f3mez se\u00f1al\u00f3 que existe un riesgo inminente de quemaduras por la manipulaci\u00f3n de fuegos artificiales.\" src=\"https:\/\/i0.wp.com\/www.eltrabajo.cl\/portal\/wp-content\/uploads\/2013\/12\/Aleksis-Gomez.jpg?resize=317%2C238\" width=\"317\" height=\"238\" srcset=\"https:\/\/i0.wp.com\/eltrabajo.cl\/portal\/wp-content\/uploads\/2013\/12\/Aleksis-Gomez.jpg?w=529&amp;ssl=1 529w, https:\/\/i0.wp.com\/eltrabajo.cl\/portal\/wp-content\/uploads\/2013\/12\/Aleksis-Gomez.jpg?resize=200%2C150&amp;ssl=1 200w, https:\/\/i0.wp.com\/eltrabajo.cl\/portal\/wp-content\/uploads\/2013\/12\/Aleksis-Gomez.jpg?resize=300%2C225&amp;ssl=1 300w, https:\/\/i0.wp.com\/eltrabajo.cl\/portal\/wp-content\/uploads\/2013\/12\/Aleksis-Gomez.jpg?resize=150%2C112&amp;ssl=1 150w, https:\/\/i0.wp.com\/eltrabajo.cl\/portal\/wp-content\/uploads\/2013\/12\/Aleksis-Gomez.jpg?resize=400%2C300&amp;ssl=1 400w\" sizes=\"auto, (max-width: 317px) 100vw, 317px\" \/><\/a><figcaption id=\"caption-attachment-41184\" class=\"wp-caption-text\">Aleksis G\u00f3mez se\u00f1al\u00f3 que existe un riesgo inminente de quemaduras por la manipulaci\u00f3n de fuegos artificiales.<\/figcaption><\/figure>\n<p>Junto con manifestar que en nuestro pa\u00eds, la legislaci\u00f3n proh\u00edbe la venta y manipulaci\u00f3n de fuegos artificiales, estableciendo incluso una rigurosa normativa para el caso de los espect\u00e1culos pirot\u00e9cnicos a cargo de empresas establecidas, Aleksis G\u00f3mez se\u00f1al\u00f3 que lamentablemente, a\u00fan existen casos de personas inescrupulosas que logran internar estos elementos al pa\u00eds y venderlos de manera ilegal.<\/p>\n<p>\u201cHace bastante tiempo tenemos una legislaci\u00f3n que regula los fuegos artificiales, y en ese sentido est\u00e1 absolutamente prohibida la venta, manejo y tenencia de ese tipo de productos, a excepci\u00f3n de aquellos que autoricen \u00f3rganos con competencia en el tema\u201d, manifest\u00f3 el profesional.<\/p>\n<p>En este sentido, dijo que es importante recalcar el tema de la educaci\u00f3n de los padres y adultos responsables, en el sentido de preocuparse por el bienestar de los ni\u00f1os y no adquirir este tipo de productos, ya que son bastante riesgosos para ellos y sus hijos, esto principalmente por la posibilidad de sufrir traumatismos o quemaduras, as\u00ed como el ruido que generan las detonaciones.<\/p>\n<p>Consultado sobre los servicios donde se puede denunciar la venta o tenencia ilegal de estos productos, dijo que Carabineros, PDI y Autoridad Sanitaria, son lugares a los que se puede acudir para alertar sobre este tipo de il\u00edcitos.<\/p>\n<p>En cuanto a sanciones, la Autoridad Sanitaria no tiene facultades, no obstante por tratarse de un hecho il\u00edcito, la venta de fuegos artificiales est\u00e1 regulada por la Ley 19.680 del 25 de mayo de 2000, por lo tanto los transgresores pasan directamente a la justicia.<\/p>\n<p>En relaci\u00f3n a las incautaciones realizadas el a\u00f1o pasado, Carabineros de Chile inform\u00f3 que a nivel nacional fueron 173.739 unidades de fuegos artificiales, considerablemente m\u00e1s bajo en comparaci\u00f3n al a\u00f1o anterior donde se incautaron 1.338.404 unidades y se realizaron 35 detenciones, 24 m\u00e1s que el 2012.<\/p>\n<p>&nbsp;<\/p>\n","protected":false},"excerpt":{"rendered":"<p>Un llamado a la comunidad a no adquirir fuegos artificiales, as\u00ed como a denunciar a quienes los comercializan clandestinamente, formul\u00f3 el jefe (s) de la Seremi de Salud Aconcagua, Aleksis G\u00f3mez, quien&#8230;<\/p>\n","protected":false},"author":482,"featured_media":41183,"comment_status":"open","ping_status":"closed","sticky":false,"template":"","format":"standard","meta":{"advanced_seo_description":"","jetpack_seo_html_title":"","jetpack_seo_noindex":false,"_jetpack_memberships_contains_paid_content":false,"footnotes":""},"categories":[1],"tags":[],"class_list":["post-41182","post","type-post","status-publish","format-standard","has-post-thumbnail","hentry","category-cronica"],"jetpack_featured_media_url":"https:\/\/i0.wp.com\/eltrabajo.cl\/portal\/wp-content\/uploads\/2013\/12\/fuegos-artificiales.jpg?fit=529%2C331&ssl=1","jetpack_sharing_enabled":true,"jetpack_likes_enabled":true,"jetpack-related-posts":[],"_links":{"self":[{"href":"https:\/\/eltrabajo.cl\/portal\/wp-json\/wp\/v2\/posts\/41182","targetHints":{"allow":["GET"]}}],"collection":[{"href":"https:\/\/eltrabajo.cl\/portal\/wp-json\/wp\/v2\/posts"}],"about":[{"href":"https:\/\/eltrabajo.cl\/portal\/wp-json\/wp\/v2\/types\/post"}],"author":[{"embeddable":true,"href":"https:\/\/eltrabajo.cl\/portal\/wp-json\/wp\/v2\/users\/482"}],"replies":[{"embeddable":true,"href":"https:\/\/eltrabajo.cl\/portal\/wp-json\/wp\/v2\/comments?post=41182"}],"version-history":[{"count":0,"href":"https:\/\/eltrabajo.cl\/portal\/wp-json\/wp\/v2\/posts\/41182\/revisions"}],"wp:featuredmedia":[{"embeddable":true,"href":"https:\/\/eltrabajo.cl\/portal\/wp-json\/wp\/v2\/media\/41183"}],"wp:attachment":[{"href":"https:\/\/eltrabajo.cl\/portal\/wp-json\/wp\/v2\/media?parent=41182"}],"wp:term":[{"taxonomy":"category","embeddable":true,"href":"https:\/\/eltrabajo.cl\/portal\/wp-json\/wp\/v2\/categories?post=41182"},{"taxonomy":"post_tag","embeddable":true,"href":"https:\/\/eltrabajo.cl\/portal\/wp-json\/wp\/v2\/tags?post=41182"}],"curies":[{"name":"wp","href":"https:\/\/api.w.org\/{rel}","templated":true}]}}