{"id":41187,"date":"2013-12-27T09:48:38","date_gmt":"2013-12-27T12:48:38","guid":{"rendered":"http:\/\/www.eltrabajo.cl\/portal\/?p=41187"},"modified":"2013-12-27T09:48:38","modified_gmt":"2013-12-27T12:48:38","slug":"tres-eventos-masivos-fueron-autorizados-por-la-gobernacion-para-el-ano-nuevo","status":"publish","type":"post","link":"https:\/\/eltrabajo.cl\/portal\/tres-eventos-masivos-fueron-autorizados-por-la-gobernacion-para-el-ano-nuevo\/","title":{"rendered":"Tres eventos masivos fueron autorizados por la Gobernaci\u00f3n para el a\u00f1o nuevo"},"content":{"rendered":"<figure id=\"attachment_41188\" aria-describedby=\"caption-attachment-41188\" style=\"width: 529px\" class=\"wp-caption alignnone\"><a href=\"https:\/\/i0.wp.com\/www.eltrabajo.cl\/portal\/wp-content\/uploads\/2013\/12\/fiesta-ano-nuevo.jpg\"><img data-recalc-dims=\"1\" loading=\"lazy\" decoding=\"async\" class=\"size-full wp-image-41188\" title=\"Las fiestas de fin de a\u00f1o son espect\u00e1culos masivos que congregan a miles de personas y donde debe contarse con las medidas de seguridad pertinentes.\" alt=\"Las fiestas de fin de a\u00f1o son espect\u00e1culos masivos que congregan a miles de personas y donde debe contarse con las medidas de seguridad pertinentes.\" src=\"https:\/\/i0.wp.com\/www.eltrabajo.cl\/portal\/wp-content\/uploads\/2013\/12\/fiesta-ano-nuevo.jpg?resize=529%2C259\" width=\"529\" height=\"259\" srcset=\"https:\/\/i0.wp.com\/eltrabajo.cl\/portal\/wp-content\/uploads\/2013\/12\/fiesta-ano-nuevo.jpg?w=529&amp;ssl=1 529w, https:\/\/i0.wp.com\/eltrabajo.cl\/portal\/wp-content\/uploads\/2013\/12\/fiesta-ano-nuevo.jpg?resize=200%2C97&amp;ssl=1 200w, https:\/\/i0.wp.com\/eltrabajo.cl\/portal\/wp-content\/uploads\/2013\/12\/fiesta-ano-nuevo.jpg?resize=300%2C146&amp;ssl=1 300w, https:\/\/i0.wp.com\/eltrabajo.cl\/portal\/wp-content\/uploads\/2013\/12\/fiesta-ano-nuevo.jpg?resize=150%2C73&amp;ssl=1 150w, https:\/\/i0.wp.com\/eltrabajo.cl\/portal\/wp-content\/uploads\/2013\/12\/fiesta-ano-nuevo.jpg?resize=400%2C195&amp;ssl=1 400w\" sizes=\"auto, (max-width: 529px) 100vw, 529px\" \/><\/a><figcaption id=\"caption-attachment-41188\" class=\"wp-caption-text\">Las fiestas de fin de a\u00f1o son espect\u00e1culos masivos que congregan a miles de personas y donde debe contarse con las medidas de seguridad pertinentes.<\/figcaption><\/figure>\n<p><strong>LOS ANDES<\/strong>.- Hasta el momento la gobernaci\u00f3n provincial de Los Andes tiene autorizados solamente tres eventos masivos para recibir el a\u00f1o nuevo 2014.<\/p>\n<p>As\u00ed lo inform\u00f3 la gobernadora Edith Quiroz, quien se\u00f1al\u00f3 que de estos espect\u00e1culos, dos corresponden a los organizados por los municipios de Los Andes y San Esteban y el tercero corresponde a una mega fiesta privada en la comuna de Calle Larga.<\/p>\n<p>La autoridad se\u00f1al\u00f3 que para realizar este tipo de eventos masivos que congreguen a m\u00e1s de mil personas, se debe solicitar una autorizaci\u00f3n a la gobernaci\u00f3n con al menos quince d\u00edas de antelaci\u00f3n a la fecha de su realizaci\u00f3n, toda vez que para decidir sobre su autorizaci\u00f3n o no se deben solicitar los informes respectivos a las diferentes instituciones o servicios p\u00fablicos como Carabineros, Servicio de Salud u otros, seg\u00fan corresponda.<\/p>\n<p>La Gobernadora record\u00f3 que en a\u00f1o nuevo es com\u00fan la realizaci\u00f3n de este tipo de espect\u00e1culos masivos, pero advirti\u00f3 que no todos cuentan con la autorizaci\u00f3n y ante ello sus organizadores son responsables de lo que all\u00ed suceda.<\/p>\n<p>\u201cQuienes hasta esta fecha no han presentado su solicitud les ser\u00e1 muy dif\u00edcil que obtengan la autorizaci\u00f3n para estos espect\u00e1culos, ya que nosotros requerimos de una cantidad de d\u00edas h\u00e1biles para solicitar esos informes y siempre en estas fiestas lo que se requiere es que brinden las mayores seguridades para las personas que van a asistir, ya que muchas de ellas se realizan en lugares inadecuados que no cuentan con v\u00edas de emergencias, sistema el\u00e9ctricos debidamente certificados y lo que se trata es de poder brindar esa seguridad\u201d, detall\u00f3.<\/p>\n<p>La gobernadora record\u00f3 que las personas que van a celebrar el a\u00f1o nuevo a estos eventos deben cerciorarse que los organizadores cumplen con la autorizaci\u00f3n respectiva, ya que corren incluso el riesgo de ser estafados al pagar por un espect\u00e1culo que al final no se podr\u00e1 realizar porque no tienen los papeles en regla, \u201cpor lo que el llamado es a quienes organizan las fiestas, lo hagan con los permisos correspondientes porque eso genera la tranquilidad y seguridad ante cualquier eventualidad como incendio o temblor\u201d.<\/p>\n<p>&nbsp;<\/p>\n","protected":false},"excerpt":{"rendered":"<p>LOS ANDES.- Hasta el momento la gobernaci\u00f3n provincial de Los Andes tiene autorizados solamente tres eventos masivos para recibir el a\u00f1o nuevo 2014. As\u00ed lo inform\u00f3 la gobernadora Edith Quiroz, quien se\u00f1al\u00f3&#8230;<\/p>\n","protected":false},"author":482,"featured_media":41188,"comment_status":"open","ping_status":"closed","sticky":false,"template":"","format":"standard","meta":{"advanced_seo_description":"","jetpack_seo_html_title":"","jetpack_seo_noindex":false,"_jetpack_memberships_contains_paid_content":false,"footnotes":""},"categories":[1],"tags":[],"class_list":["post-41187","post","type-post","status-publish","format-standard","has-post-thumbnail","hentry","category-cronica"],"jetpack_featured_media_url":"https:\/\/i0.wp.com\/eltrabajo.cl\/portal\/wp-content\/uploads\/2013\/12\/fiesta-ano-nuevo.jpg?fit=529%2C259&ssl=1","jetpack_sharing_enabled":true,"jetpack_likes_enabled":true,"jetpack-related-posts":[],"_links":{"self":[{"href":"https:\/\/eltrabajo.cl\/portal\/wp-json\/wp\/v2\/posts\/41187","targetHints":{"allow":["GET"]}}],"collection":[{"href":"https:\/\/eltrabajo.cl\/portal\/wp-json\/wp\/v2\/posts"}],"about":[{"href":"https:\/\/eltrabajo.cl\/portal\/wp-json\/wp\/v2\/types\/post"}],"author":[{"embeddable":true,"href":"https:\/\/eltrabajo.cl\/portal\/wp-json\/wp\/v2\/users\/482"}],"replies":[{"embeddable":true,"href":"https:\/\/eltrabajo.cl\/portal\/wp-json\/wp\/v2\/comments?post=41187"}],"version-history":[{"count":0,"href":"https:\/\/eltrabajo.cl\/portal\/wp-json\/wp\/v2\/posts\/41187\/revisions"}],"wp:featuredmedia":[{"embeddable":true,"href":"https:\/\/eltrabajo.cl\/portal\/wp-json\/wp\/v2\/media\/41188"}],"wp:attachment":[{"href":"https:\/\/eltrabajo.cl\/portal\/wp-json\/wp\/v2\/media?parent=41187"}],"wp:term":[{"taxonomy":"category","embeddable":true,"href":"https:\/\/eltrabajo.cl\/portal\/wp-json\/wp\/v2\/categories?post=41187"},{"taxonomy":"post_tag","embeddable":true,"href":"https:\/\/eltrabajo.cl\/portal\/wp-json\/wp\/v2\/tags?post=41187"}],"curies":[{"name":"wp","href":"https:\/\/api.w.org\/{rel}","templated":true}]}}