{"id":41190,"date":"2013-12-27T09:49:47","date_gmt":"2013-12-27T12:49:47","guid":{"rendered":"http:\/\/www.eltrabajo.cl\/portal\/?p=41190"},"modified":"2013-12-27T09:49:47","modified_gmt":"2013-12-27T12:49:47","slug":"doh-aun-no-determina-fecha-para-activar-los-51-pozos-que-nos-llevan-el-agua","status":"publish","type":"post","link":"https:\/\/eltrabajo.cl\/portal\/doh-aun-no-determina-fecha-para-activar-los-51-pozos-que-nos-llevan-el-agua\/","title":{"rendered":"DOH a\u00fan no determina fecha para activar los 51 pozos que nos llevan el agua"},"content":{"rendered":"<figure id=\"attachment_41191\" aria-describedby=\"caption-attachment-41191\" style=\"width: 528px\" class=\"wp-caption alignnone\"><a href=\"https:\/\/i0.wp.com\/www.eltrabajo.cl\/portal\/wp-content\/uploads\/2013\/12\/APERTURA-POZO1.jpg\"><img data-recalc-dims=\"1\" loading=\"lazy\" decoding=\"async\" class=\"size-full wp-image-41191\" title=\"Los 10 pozos de Llay LLay (foto) van destinados \u00edntegramente al riego de las secciones siguientes del Aconcagua.\" alt=\"Los 10 pozos de Llay LLay (foto) van destinados \u00edntegramente al riego de las secciones siguientes del Aconcagua.\" src=\"https:\/\/i0.wp.com\/www.eltrabajo.cl\/portal\/wp-content\/uploads\/2013\/12\/APERTURA-POZO1.jpg?resize=528%2C397\" width=\"528\" height=\"397\" srcset=\"https:\/\/i0.wp.com\/eltrabajo.cl\/portal\/wp-content\/uploads\/2013\/12\/APERTURA-POZO1.jpg?w=528&amp;ssl=1 528w, https:\/\/i0.wp.com\/eltrabajo.cl\/portal\/wp-content\/uploads\/2013\/12\/APERTURA-POZO1.jpg?resize=200%2C150&amp;ssl=1 200w, https:\/\/i0.wp.com\/eltrabajo.cl\/portal\/wp-content\/uploads\/2013\/12\/APERTURA-POZO1.jpg?resize=300%2C225&amp;ssl=1 300w, https:\/\/i0.wp.com\/eltrabajo.cl\/portal\/wp-content\/uploads\/2013\/12\/APERTURA-POZO1.jpg?resize=150%2C112&amp;ssl=1 150w, https:\/\/i0.wp.com\/eltrabajo.cl\/portal\/wp-content\/uploads\/2013\/12\/APERTURA-POZO1.jpg?resize=400%2C300&amp;ssl=1 400w\" sizes=\"auto, (max-width: 528px) 100vw, 528px\" \/><\/a><figcaption id=\"caption-attachment-41191\" class=\"wp-caption-text\">Los 10 pozos de Llay LLay (foto) van destinados \u00edntegramente al riego de las secciones siguientes del Aconcagua.<\/figcaption><\/figure>\n<p>La Direcci\u00f3n de Obras Hidr\u00e1ulicas (DOH) a\u00fan no ha determinado una fecha para activar la bater\u00eda de pozos en los sectores de Curim\u00f3n, Panquehue y Llay Llay, asegur\u00f3 la Gobernadora Provincial Patricia Boffa en conferencia de prensa.<\/p>\n<p>La autoridad, al conversar con los medios de comunicaci\u00f3n que cubren las informaciones de Gobierno, indic\u00f3 que sostuvo una conversaci\u00f3n telef\u00f3nica con la Directora (S) de la DOH Hayd\u00e9 Torrijos, quien le se\u00f1al\u00f3 que no est\u00e1 fijada una fecha para operar dichos pozos, sin embargo al momento de entrar en funcionamiento se deber\u00e1 cumplir con una serie de protocolos.<\/p>\n<p>En el caso de los 23 pozos del sector de Curim\u00f3n en la comuna de San Felipe, se extraer\u00e1n 3 litros por segundo, de los cuales 1,5 quedan para el riego en Curim\u00f3n; de los 18 pozos de Panquehue, su proceso operativo queda en un 100 por ciento para la comuna, y finalmente los 10 pozos de la comuna de Llay LLay, van destinados al riego de las secciones siguientes del Aconcagua.<\/p>\n<p>Tras ser consultada por las medidas de mitigaci\u00f3n en la comuna de San Felipe, producto de la baja que han experimentado algunos pozos por la prolongada sequ\u00eda, indic\u00f3 que es la municipalidad la que debe cumplir con las exigencias dispuestas por la DGA y DOH, sin embargo se comprometi\u00f3 a realizar las gestiones necesarias para lograr una soluci\u00f3n a este problema.<\/p>\n<p>\u201cTenemos una sequ\u00eda que cada vez m\u00e1s complica el panorama en el valle y en la regi\u00f3n, por lo tanto, como Gobernadora y as\u00ed lo he hecho saber al Ministerio de Obras P\u00fablicas, ser\u00e9 garante para que el proceso de operaci\u00f3n de la bater\u00eda de pozos, cuando se inicie, no produzca problemas, mantendremos un monitoreo a la situaci\u00f3n h\u00eddrica en el valle del Aconcagua\u201d.<\/p>\n","protected":false},"excerpt":{"rendered":"<p>La Direcci\u00f3n de Obras Hidr\u00e1ulicas (DOH) a\u00fan no ha determinado una fecha para activar la bater\u00eda de pozos en los sectores de Curim\u00f3n, Panquehue y Llay Llay, asegur\u00f3 la Gobernadora Provincial Patricia&#8230;<\/p>\n","protected":false},"author":482,"featured_media":41191,"comment_status":"open","ping_status":"closed","sticky":false,"template":"","format":"standard","meta":{"advanced_seo_description":"","jetpack_seo_html_title":"","jetpack_seo_noindex":false,"_jetpack_memberships_contains_paid_content":false,"footnotes":""},"categories":[1],"tags":[],"class_list":["post-41190","post","type-post","status-publish","format-standard","has-post-thumbnail","hentry","category-cronica"],"jetpack_featured_media_url":"https:\/\/i0.wp.com\/eltrabajo.cl\/portal\/wp-content\/uploads\/2013\/12\/APERTURA-POZO1.jpg?fit=528%2C397&ssl=1","jetpack_sharing_enabled":true,"jetpack_likes_enabled":true,"jetpack-related-posts":[],"_links":{"self":[{"href":"https:\/\/eltrabajo.cl\/portal\/wp-json\/wp\/v2\/posts\/41190","targetHints":{"allow":["GET"]}}],"collection":[{"href":"https:\/\/eltrabajo.cl\/portal\/wp-json\/wp\/v2\/posts"}],"about":[{"href":"https:\/\/eltrabajo.cl\/portal\/wp-json\/wp\/v2\/types\/post"}],"author":[{"embeddable":true,"href":"https:\/\/eltrabajo.cl\/portal\/wp-json\/wp\/v2\/users\/482"}],"replies":[{"embeddable":true,"href":"https:\/\/eltrabajo.cl\/portal\/wp-json\/wp\/v2\/comments?post=41190"}],"version-history":[{"count":0,"href":"https:\/\/eltrabajo.cl\/portal\/wp-json\/wp\/v2\/posts\/41190\/revisions"}],"wp:featuredmedia":[{"embeddable":true,"href":"https:\/\/eltrabajo.cl\/portal\/wp-json\/wp\/v2\/media\/41191"}],"wp:attachment":[{"href":"https:\/\/eltrabajo.cl\/portal\/wp-json\/wp\/v2\/media?parent=41190"}],"wp:term":[{"taxonomy":"category","embeddable":true,"href":"https:\/\/eltrabajo.cl\/portal\/wp-json\/wp\/v2\/categories?post=41190"},{"taxonomy":"post_tag","embeddable":true,"href":"https:\/\/eltrabajo.cl\/portal\/wp-json\/wp\/v2\/tags?post=41190"}],"curies":[{"name":"wp","href":"https:\/\/api.w.org\/{rel}","templated":true}]}}