{"id":41194,"date":"2013-12-27T09:57:18","date_gmt":"2013-12-27T12:57:18","guid":{"rendered":"http:\/\/www.eltrabajo.cl\/portal\/?p=41194"},"modified":"2013-12-27T09:57:18","modified_gmt":"2013-12-27T12:57:18","slug":"cuatro-centros-para-hijos-de-temporeras-atenderan-este-verano-en-san-felipe","status":"publish","type":"post","link":"https:\/\/eltrabajo.cl\/portal\/cuatro-centros-para-hijos-de-temporeras-atenderan-este-verano-en-san-felipe\/","title":{"rendered":"Cuatro centros para hijos de temporeras atender\u00e1n este verano en San Felipe"},"content":{"rendered":"<figure id=\"attachment_41195\" aria-describedby=\"caption-attachment-41195\" style=\"width: 528px\" class=\"wp-caption alignnone\"><a href=\"https:\/\/i0.wp.com\/www.eltrabajo.cl\/portal\/wp-content\/uploads\/2013\/12\/visita-Alcalde-Centro-hijos-de-temporeras.jpg\"><img data-recalc-dims=\"1\" loading=\"lazy\" decoding=\"async\" class=\"size-full wp-image-41195\" title=\"El Alcalde Patricio Freire y la profesional de cultura y recreaci\u00f3n Patricia Lolas, junto a ni\u00f1os y ni\u00f1as del centro de atenci\u00f3n de Algarrobal, durante la versi\u00f3n 2013 de este programa.\" alt=\"El Alcalde Patricio Freire y la profesional de cultura y recreaci\u00f3n Patricia Lolas, junto a ni\u00f1os y ni\u00f1as del centro de atenci\u00f3n de Algarrobal, durante la versi\u00f3n 2013 de este programa.\" src=\"https:\/\/i0.wp.com\/www.eltrabajo.cl\/portal\/wp-content\/uploads\/2013\/12\/visita-Alcalde-Centro-hijos-de-temporeras.jpg?resize=528%2C354\" width=\"528\" height=\"354\" srcset=\"https:\/\/i0.wp.com\/eltrabajo.cl\/portal\/wp-content\/uploads\/2013\/12\/visita-Alcalde-Centro-hijos-de-temporeras.jpg?w=528&amp;ssl=1 528w, https:\/\/i0.wp.com\/eltrabajo.cl\/portal\/wp-content\/uploads\/2013\/12\/visita-Alcalde-Centro-hijos-de-temporeras.jpg?resize=200%2C134&amp;ssl=1 200w, https:\/\/i0.wp.com\/eltrabajo.cl\/portal\/wp-content\/uploads\/2013\/12\/visita-Alcalde-Centro-hijos-de-temporeras.jpg?resize=300%2C201&amp;ssl=1 300w, https:\/\/i0.wp.com\/eltrabajo.cl\/portal\/wp-content\/uploads\/2013\/12\/visita-Alcalde-Centro-hijos-de-temporeras.jpg?resize=150%2C100&amp;ssl=1 150w, https:\/\/i0.wp.com\/eltrabajo.cl\/portal\/wp-content\/uploads\/2013\/12\/visita-Alcalde-Centro-hijos-de-temporeras.jpg?resize=400%2C268&amp;ssl=1 400w\" sizes=\"auto, (max-width: 528px) 100vw, 528px\" \/><\/a><figcaption id=\"caption-attachment-41195\" class=\"wp-caption-text\">El Alcalde Patricio Freire y la profesional de cultura y recreaci\u00f3n Patricia Lolas, junto a ni\u00f1os y ni\u00f1as del centro de atenci\u00f3n de Algarrobal, durante la versi\u00f3n 2013 de este programa.<\/figcaption><\/figure>\n<ul>\n<li><strong>Interesadas en inscribir a sus hijos, deben presentar certificado de nacimiento y contrato o promesa de contrato de trabajo.<\/strong><\/li>\n<\/ul>\n<p>A partir del 6 de enero pr\u00f3ximo se da inicio al Programa de Atenci\u00f3n a Hijos e Hijas de Madres Temporeras en la comuna de San Felipe, el que considera para este a\u00f1o cuatro centros que se ubicar\u00e1n en las Escuelas Carmela Carvajal de Curim\u00f3n, Bernardo O\u2019Higgins de San Felipe centro, Heriberto Berm\u00fadez de Algarrobal y El Asiento.<\/p>\n<p>La informaci\u00f3n la entreg\u00f3 la profesional del \u00e1rea de cultura y recreaci\u00f3n del municipio, Patricia Lolas, quien se\u00f1al\u00f3 que al contar con cuatro centros de atenci\u00f3n se busca ampliar la cobertura y descentralizar la oferta para los ni\u00f1os de distintos puntos de San Felipe.<\/p>\n<p>Es as\u00ed que cada establecimiento cuenta con cuarenta cupos para ni\u00f1os de entre 6 y 12 a\u00f1os de edad, quienes deben ser hijos de madres o padres que se desempe\u00f1en en actividades de temporada, no necesariamente agr\u00edcola.<\/p>\n<p>\u201cEl programa en s\u00ed tiene una duraci\u00f3n de 45 d\u00edas, parte el 6 de enero y termina el 20 de febrero. Los ni\u00f1os tienen atenci\u00f3n durante todo el d\u00eda, desde las 08.30 y hasta las 17.30 horas, lo que comprende en la ma\u00f1ana desayuno y actividades deportivas, almuerzo, actividades culturales recreativas y paseo fuera de los centros\u201d, se\u00f1al\u00f3 Patricia Lolas.<\/p>\n<p>Precis\u00f3 que el trabajo con los ni\u00f1os es desarrollado por profesionales o t\u00e9cnicos acreditados en actividades socio recreativas, pidiendo el municipio a todos que tengan experiencia en este programa. Asimismo, el Instituto Nacional del Deporte, aporta con recurso humano para los centros, espec\u00edficamente con profesores de Educaci\u00f3n F\u00edsica.<\/p>\n<p>Los ni\u00f1os y ni\u00f1as deben ser inscritos por sus padres en la Oficina de Cultura y Recreaci\u00f3n de la municipalidad, en Chacabuco 171, \u00f3 bien en los mismos centros una vez que parta el programa.<\/p>\n<p>Como requisitos, se exige que el interesado acredite la edad del menor, mediante el certificado de nacimiento de su hijo, as\u00ed como el contrato o promesa de contrato de trabajo, del pap\u00e1 o la mam\u00e1 del ni\u00f1o o ni\u00f1a.<\/p>\n<p>&nbsp;<\/p>\n","protected":false},"excerpt":{"rendered":"<p>Interesadas en inscribir a sus hijos, deben presentar certificado de nacimiento y contrato o promesa de contrato de trabajo. A partir del 6 de enero pr\u00f3ximo se da inicio al Programa de&#8230;<\/p>\n","protected":false},"author":482,"featured_media":41195,"comment_status":"open","ping_status":"closed","sticky":false,"template":"","format":"standard","meta":{"advanced_seo_description":"","jetpack_seo_html_title":"","jetpack_seo_noindex":false,"_jetpack_memberships_contains_paid_content":false,"footnotes":""},"categories":[1],"tags":[],"class_list":["post-41194","post","type-post","status-publish","format-standard","has-post-thumbnail","hentry","category-cronica"],"jetpack_featured_media_url":"https:\/\/i0.wp.com\/eltrabajo.cl\/portal\/wp-content\/uploads\/2013\/12\/visita-Alcalde-Centro-hijos-de-temporeras.jpg?fit=528%2C354&ssl=1","jetpack_sharing_enabled":true,"jetpack_likes_enabled":true,"jetpack-related-posts":[],"_links":{"self":[{"href":"https:\/\/eltrabajo.cl\/portal\/wp-json\/wp\/v2\/posts\/41194","targetHints":{"allow":["GET"]}}],"collection":[{"href":"https:\/\/eltrabajo.cl\/portal\/wp-json\/wp\/v2\/posts"}],"about":[{"href":"https:\/\/eltrabajo.cl\/portal\/wp-json\/wp\/v2\/types\/post"}],"author":[{"embeddable":true,"href":"https:\/\/eltrabajo.cl\/portal\/wp-json\/wp\/v2\/users\/482"}],"replies":[{"embeddable":true,"href":"https:\/\/eltrabajo.cl\/portal\/wp-json\/wp\/v2\/comments?post=41194"}],"version-history":[{"count":0,"href":"https:\/\/eltrabajo.cl\/portal\/wp-json\/wp\/v2\/posts\/41194\/revisions"}],"wp:featuredmedia":[{"embeddable":true,"href":"https:\/\/eltrabajo.cl\/portal\/wp-json\/wp\/v2\/media\/41195"}],"wp:attachment":[{"href":"https:\/\/eltrabajo.cl\/portal\/wp-json\/wp\/v2\/media?parent=41194"}],"wp:term":[{"taxonomy":"category","embeddable":true,"href":"https:\/\/eltrabajo.cl\/portal\/wp-json\/wp\/v2\/categories?post=41194"},{"taxonomy":"post_tag","embeddable":true,"href":"https:\/\/eltrabajo.cl\/portal\/wp-json\/wp\/v2\/tags?post=41194"}],"curies":[{"name":"wp","href":"https:\/\/api.w.org\/{rel}","templated":true}]}}