{"id":41205,"date":"2013-12-27T10:02:57","date_gmt":"2013-12-27T13:02:57","guid":{"rendered":"http:\/\/www.eltrabajo.cl\/portal\/?p=41205"},"modified":"2013-12-27T10:02:57","modified_gmt":"2013-12-27T13:02:57","slug":"teatro-a-mil-llega-con-dos-presentaciones-de-nivel-internacional","status":"publish","type":"post","link":"https:\/\/eltrabajo.cl\/portal\/teatro-a-mil-llega-con-dos-presentaciones-de-nivel-internacional\/","title":{"rendered":"Teatro a Mil llega con dos presentaciones de nivel internacional"},"content":{"rendered":"<figure id=\"attachment_41206\" aria-describedby=\"caption-attachment-41206\" style=\"width: 529px\" class=\"wp-caption alignnone\"><a href=\"https:\/\/i0.wp.com\/www.eltrabajo.cl\/portal\/wp-content\/uploads\/2013\/12\/teatro-a-mil.jpg\"><img data-recalc-dims=\"1\" loading=\"lazy\" decoding=\"async\" class=\"size-full wp-image-41206\" title=\"Este jueves se realiz\u00f3 en Valpara\u00edso la presentaci\u00f3n de la programaci\u00f3n, donde participaron el Alcalde Patricio Freire, el Ministro de Cultura Roberto Ampuero y la Directora Ejecutiva de la Fundaci\u00f3n Teatro a Mil, Carmen Romero.\" alt=\"Este jueves se realiz\u00f3 en Valpara\u00edso la presentaci\u00f3n de la programaci\u00f3n, donde participaron el Alcalde Patricio Freire, el Ministro de Cultura Roberto Ampuero y la Directora Ejecutiva de la Fundaci\u00f3n Teatro a Mil, Carmen Romero.\" src=\"https:\/\/i0.wp.com\/www.eltrabajo.cl\/portal\/wp-content\/uploads\/2013\/12\/teatro-a-mil.jpg?resize=529%2C273\" width=\"529\" height=\"273\" srcset=\"https:\/\/i0.wp.com\/eltrabajo.cl\/portal\/wp-content\/uploads\/2013\/12\/teatro-a-mil.jpg?w=529&amp;ssl=1 529w, https:\/\/i0.wp.com\/eltrabajo.cl\/portal\/wp-content\/uploads\/2013\/12\/teatro-a-mil.jpg?resize=200%2C103&amp;ssl=1 200w, https:\/\/i0.wp.com\/eltrabajo.cl\/portal\/wp-content\/uploads\/2013\/12\/teatro-a-mil.jpg?resize=300%2C154&amp;ssl=1 300w, https:\/\/i0.wp.com\/eltrabajo.cl\/portal\/wp-content\/uploads\/2013\/12\/teatro-a-mil.jpg?resize=150%2C77&amp;ssl=1 150w, https:\/\/i0.wp.com\/eltrabajo.cl\/portal\/wp-content\/uploads\/2013\/12\/teatro-a-mil.jpg?resize=400%2C206&amp;ssl=1 400w\" sizes=\"auto, (max-width: 529px) 100vw, 529px\" \/><\/a><figcaption id=\"caption-attachment-41206\" class=\"wp-caption-text\">Este jueves se realiz\u00f3 en Valpara\u00edso la presentaci\u00f3n de la programaci\u00f3n, donde participaron el Alcalde Patricio Freire, el Ministro de Cultura Roberto Ampuero y la Directora Ejecutiva de la Fundaci\u00f3n Teatro a Mil, Carmen Romero.<\/figcaption><\/figure>\n<p>Nuevamente este a\u00f1o la regi\u00f3n de Valpara\u00edso, una de las m\u00e1s activas a nivel cultural, recibe a Teatro a Mil y por primera vez la Fundaci\u00f3n contempla la presentaci\u00f3n de dos creaciones art\u00edsticas en San Felipe, el 15 y 17 de enero pr\u00f3ximo.<\/p>\n<p>Para dar a conocer la programaci\u00f3n de Teatro a Mil, este jueves se realiz\u00f3 el lanzamiento del calendario de actividades en Valpara\u00edso, donde participaron el Alcalde Patricio Freire, el Ministro de Cultura Roberto Ampuero y la Directora Ejecutiva de la Fundaci\u00f3n Teatro a Mil, Carmen Romero.<\/p>\n<p>El lanzamiento se realiz\u00f3 en el Centro Cultural Ex C\u00e1rcel y en la oportunidad se dieron a conocer las fechas y lugares donde se presentar\u00e1n durante el verano, diferentes expresiones art\u00edsticas.<\/p>\n<p>Es as\u00ed que en San Felipe se presentar\u00e1, el 15 de enero lo mejor de la m\u00fasica afro-peruana, con la actuaci\u00f3n de Mar\u00eda del Carmen Dongo y la agrupaci\u00f3n Manomadera.<\/p>\n<p>La artista se presentar\u00e1 por primera vez en Chile, percusionista que ha actuado junto a Eva Ayll\u00f3n, Joe Vasconcellos y Armando Manzanero, quien dar\u00e1 un concierto lleno de magia y ritmos peruano-africanos.<\/p>\n<p>En tanto el 17 de enero, con la direcci\u00f3n de Huang Qicheng, se presentar\u00e1 \u2018Summer Fantasies\u2019, una creaci\u00f3n perteneciente a la cultura tradicional china y donde los asistentes podr\u00e1n apreciar la danza, m\u00fasica, magia y acrobacias del pa\u00eds oriental. \u2018Summer Fantasies\u2019 promete traer un soplo de fresco viento oriental al caluroso verano sanfelipe\u00f1o.<\/p>\n<p>\u201cPara nosotros es un orgullo este convenio con Teatro a mil y que llegue a todos los rincones de nuestro pa\u00eds, con la danza y el teatro, esto para nosotros es un gran apoyo, por eso agradecer al Ministerio de Cultura, a Carmen Romero que esto se convierta en realidad, es un gran sue\u00f1o para los sanfelipe\u00f1os de tener estas grandes obras en regiones y en especial en mi querida ciudad de San Felipe\u201d, dijo el jefe comunal.<\/p>\n<p>El ministro Ampuero, en tanto, invit\u00f3 a todos a participar en las obras que se presenten en cada una de las ciudades de la regi\u00f3n.<\/p>\n<p>\u201cInvitar a todas las personas que viven en San Felipe, vamos a tener Teatro a Mil durante enero con una gran parrilla cultural que va a sorprender a todos los habitantes de la regi\u00f3n de Valpara\u00edso y estoy muy complacido de estar apoyando con nuestros recursos a esta gran fundaci\u00f3n Teatro a Mil que hace realidad el superar la enorme brecha que ha existido entre consumo y oferta cultural entre Santiago y el resto de las regiones\u201d.<\/p>\n<p>La directora de la Fundaci\u00f3n se\u00f1al\u00f3 la importancia de salir a regiones y poder entregar cultura a todos los rincones del pa\u00eds.<\/p>\n<p>\u201cEsto es un sue\u00f1o, ten\u00edamos mucha esperanza de lograr llegar a San Felipe y agradecemos que existan alcaldes con la sensibilidad, que nos permite presentar una extensi\u00f3n del festival importante, con dos s\u00faper obras en la Plaza de Armas de San Felipe y estamos empezando un ciclo de teatro, y eso significa que vamos a llevar obras continuamente a la comuna\u201d, dijo Carmen Romero.<\/p>\n<p>&nbsp;<\/p>\n","protected":false},"excerpt":{"rendered":"<p>Nuevamente este a\u00f1o la regi\u00f3n de Valpara\u00edso, una de las m\u00e1s activas a nivel cultural, recibe a Teatro a Mil y por primera vez la Fundaci\u00f3n contempla la presentaci\u00f3n de dos creaciones&#8230;<\/p>\n","protected":false},"author":482,"featured_media":41206,"comment_status":"open","ping_status":"closed","sticky":false,"template":"","format":"standard","meta":{"advanced_seo_description":"","jetpack_seo_html_title":"","jetpack_seo_noindex":false,"_jetpack_memberships_contains_paid_content":false,"footnotes":""},"categories":[1],"tags":[],"class_list":["post-41205","post","type-post","status-publish","format-standard","has-post-thumbnail","hentry","category-cronica"],"jetpack_featured_media_url":"https:\/\/i0.wp.com\/eltrabajo.cl\/portal\/wp-content\/uploads\/2013\/12\/teatro-a-mil.jpg?fit=529%2C273&ssl=1","jetpack_sharing_enabled":true,"jetpack_likes_enabled":true,"jetpack-related-posts":[],"_links":{"self":[{"href":"https:\/\/eltrabajo.cl\/portal\/wp-json\/wp\/v2\/posts\/41205","targetHints":{"allow":["GET"]}}],"collection":[{"href":"https:\/\/eltrabajo.cl\/portal\/wp-json\/wp\/v2\/posts"}],"about":[{"href":"https:\/\/eltrabajo.cl\/portal\/wp-json\/wp\/v2\/types\/post"}],"author":[{"embeddable":true,"href":"https:\/\/eltrabajo.cl\/portal\/wp-json\/wp\/v2\/users\/482"}],"replies":[{"embeddable":true,"href":"https:\/\/eltrabajo.cl\/portal\/wp-json\/wp\/v2\/comments?post=41205"}],"version-history":[{"count":0,"href":"https:\/\/eltrabajo.cl\/portal\/wp-json\/wp\/v2\/posts\/41205\/revisions"}],"wp:featuredmedia":[{"embeddable":true,"href":"https:\/\/eltrabajo.cl\/portal\/wp-json\/wp\/v2\/media\/41206"}],"wp:attachment":[{"href":"https:\/\/eltrabajo.cl\/portal\/wp-json\/wp\/v2\/media?parent=41205"}],"wp:term":[{"taxonomy":"category","embeddable":true,"href":"https:\/\/eltrabajo.cl\/portal\/wp-json\/wp\/v2\/categories?post=41205"},{"taxonomy":"post_tag","embeddable":true,"href":"https:\/\/eltrabajo.cl\/portal\/wp-json\/wp\/v2\/tags?post=41205"}],"curies":[{"name":"wp","href":"https:\/\/api.w.org\/{rel}","templated":true}]}}