{"id":41208,"date":"2013-12-27T10:05:12","date_gmt":"2013-12-27T13:05:12","guid":{"rendered":"http:\/\/www.eltrabajo.cl\/portal\/?p=41208"},"modified":"2013-12-27T10:05:12","modified_gmt":"2013-12-27T13:05:12","slug":"denuncian-humillacion-de-guskar-a-adultos-mayores-que-viajaban-a-andacollo","status":"publish","type":"post","link":"https:\/\/eltrabajo.cl\/portal\/denuncian-humillacion-de-guskar-a-adultos-mayores-que-viajaban-a-andacollo\/","title":{"rendered":"Denuncian humillaci\u00f3n de Guskar a adultos mayores que viajaban a Andacollo"},"content":{"rendered":"<figure id=\"attachment_41209\" aria-describedby=\"caption-attachment-41209\" style=\"width: 528px\" class=\"wp-caption alignnone\"><a href=\"https:\/\/i0.wp.com\/www.eltrabajo.cl\/portal\/wp-content\/uploads\/2013\/12\/guskar.jpg\"><img data-recalc-dims=\"1\" loading=\"lazy\" decoding=\"async\" class=\"size-full wp-image-41209\" title=\"De una m\u00e1quina como \u00e9sta fueron obligados a bajar los adultos mayores que finalmente no pudieron asistir a la festividad religiosa de Andacollo.\" alt=\"De una m\u00e1quina como \u00e9sta fueron obligados a bajar los adultos mayores que finalmente no pudieron asistir a la festividad religiosa de Andacollo.\" src=\"https:\/\/i0.wp.com\/www.eltrabajo.cl\/portal\/wp-content\/uploads\/2013\/12\/guskar.jpg?resize=528%2C281\" width=\"528\" height=\"281\" srcset=\"https:\/\/i0.wp.com\/eltrabajo.cl\/portal\/wp-content\/uploads\/2013\/12\/guskar.jpg?w=528&amp;ssl=1 528w, https:\/\/i0.wp.com\/eltrabajo.cl\/portal\/wp-content\/uploads\/2013\/12\/guskar.jpg?resize=200%2C106&amp;ssl=1 200w, https:\/\/i0.wp.com\/eltrabajo.cl\/portal\/wp-content\/uploads\/2013\/12\/guskar.jpg?resize=300%2C159&amp;ssl=1 300w, https:\/\/i0.wp.com\/eltrabajo.cl\/portal\/wp-content\/uploads\/2013\/12\/guskar.jpg?resize=150%2C79&amp;ssl=1 150w, https:\/\/i0.wp.com\/eltrabajo.cl\/portal\/wp-content\/uploads\/2013\/12\/guskar.jpg?resize=400%2C212&amp;ssl=1 400w\" sizes=\"auto, (max-width: 528px) 100vw, 528px\" \/><\/a><figcaption id=\"caption-attachment-41209\" class=\"wp-caption-text\">De una m\u00e1quina como \u00e9sta fueron obligados a bajar los adultos mayores que finalmente no pudieron asistir a la festividad religiosa de Andacollo.<\/figcaption><\/figure>\n<p>Una grave denuncia en contra de la empresa de Transportes Guskar de San Felipe, realiz\u00f3 un grupo de adultos mayores que aseguran haber sido humillados por el due\u00f1o de la empresa, el que se habr\u00eda negado a realizar el viaje a Andacollo para el cual hab\u00eda sido contratado.<\/p>\n<p>Los hechos comenzaron a eso de las 01:40 horas de la madrugada del 25 de diciembre, cuando un bus de la citada empresa lleg\u00f3 hasta la Poblaci\u00f3n San Antonio de Putaendo, donde 31 adultos mayores abordaron el bus previo pago de un valor de $16.000 ida y vuelta por persona hasta Andacollo para participar de las festividades religiosas.<\/p>\n<p>La persona encargada de la coordinaci\u00f3n en Putaendo se\u00f1al\u00f3 que efectivamente ocho personas que ten\u00edan previa reservaci\u00f3n no llegaron, por lo que les faltaron $100.000 para cubrir el monto total del servicio.<\/p>\n<p>La coordinadora agrega que al llegar al sector Esquina Colorada estaban siendo esperados por Rodrigo Chinch\u00f3n, propietario de la empresa Guskar, quien les solicit\u00f3 el dinero por el valor acordado ($720.000). En ese instante le informaron que ten\u00edan $100.000, lo que habr\u00eda generado la molestia del empresario, quien seg\u00fan relato de la persona que iba a cargo del bus, le arroj\u00f3 el dinero al suelo y la insult\u00f3 con palabras de grueso calibre.<\/p>\n<p>Seg\u00fan el testimonio de la denunciante, el empresario se mostr\u00f3 bastante insolente y dijo que el viaje se suspend\u00eda y oblig\u00f3 a los adultos mayores a descender del bus, por lo que solicitaron la presencia de Carabineros de San Felipe, quienes intercedieron con el empresario, pero finalmente se mantuvo la posici\u00f3n de no realizar el viaje hasta Andacollo, ante lo cual los adultos mayores arribaron a la comuna de Putaendo a eso de las cinco de la ma\u00f1ana, totalmente frustrados y molestos e incluso algunos aseguraron sentirse humillados por la experiencia vivida.<\/p>\n<p>La coordinadora del viaje en Putaendo insiste en que fueron muy mal tratados por el empresario y agradeci\u00f3 la disposici\u00f3n y gentileza del chofer del bus, que por su cuenta les ofreci\u00f3 disculpas por la situaci\u00f3n vivida.<\/p>\n<p>&nbsp;<\/p>\n<p>VERSI\u00d3N DE<\/p>\n<p>LA EMPRESA<\/p>\n<p>Diario El Trabajo contact\u00f3 telef\u00f3nicamente al empresario Rodrigo Chinch\u00f3n, quien neg\u00f3 categ\u00f3ricamente haber arrojado el dinero al suelo y haber tratado de mala manera a alguna persona, pues asegura que con la \u00fanica persona que convers\u00f3 fue con la se\u00f1ora Julia, que era la encargada de cobrar los pasajes y coordinar el viaje y que al llegar a la Esquina Colorada faltaban $200.000 y no $100.000 como ella se\u00f1ala, adem\u00e1s indic\u00f3 que en ese lugar entre todos lograron juntar $100.000 m\u00e1s, pero dijo que decidi\u00f3 suspender el viaje, pues la misma coordinadora en a\u00f1os anteriores a otras empresas como Vera Arcos tambi\u00e9n les ha hecho lo mismo, es decir, cuando llegaban a Andacollo, les dec\u00eda que le faltaban $100.000 \u00f3 $200.000, lo que a su juicio demuestra un claro aprovechamiento de esta persona, el cual \u00e9l no permiti\u00f3.<\/p>\n<p>Rodrigo Chinch\u00f3n incluso indica que el trato era que el bus sal\u00eda desde Putaendo, pero que con muy buena disposici\u00f3n incluso hubo que ir a buscar gente a Piguch\u00e9n, adem\u00e1s lament\u00f3 lo ocurrido y se\u00f1al\u00f3 que su empresa tiene un alto compromiso social, pero que claramente aqu\u00ed hay un aprovechamiento de una persona que perjudic\u00f3 al resto de quienes viajaban. Junto con ello reconoci\u00f3 que su \u00fanico error fue no subir al bus y explicarle a todos por qu\u00e9 se suspend\u00eda el viaje, adem\u00e1s neg\u00f3 rotundamente que fueran obligados a bajarse del bus, lo que calific\u00f3 como una falsedad.<\/p>\n<p>Patricio Gallardo M.<\/p>\n<p>&nbsp;<\/p>\n","protected":false},"excerpt":{"rendered":"<p>Una grave denuncia en contra de la empresa de Transportes Guskar de San Felipe, realiz\u00f3 un grupo de adultos mayores que aseguran haber sido humillados por el due\u00f1o de la empresa, el&#8230;<\/p>\n","protected":false},"author":482,"featured_media":41209,"comment_status":"open","ping_status":"closed","sticky":false,"template":"","format":"standard","meta":{"advanced_seo_description":"","jetpack_seo_html_title":"","jetpack_seo_noindex":false,"_jetpack_memberships_contains_paid_content":false,"footnotes":""},"categories":[15],"tags":[],"class_list":["post-41208","post","type-post","status-publish","format-standard","has-post-thumbnail","hentry","category-comunidad"],"jetpack_featured_media_url":"https:\/\/i0.wp.com\/eltrabajo.cl\/portal\/wp-content\/uploads\/2013\/12\/guskar.jpg?fit=528%2C281&ssl=1","jetpack_sharing_enabled":true,"jetpack_likes_enabled":true,"jetpack-related-posts":[],"_links":{"self":[{"href":"https:\/\/eltrabajo.cl\/portal\/wp-json\/wp\/v2\/posts\/41208","targetHints":{"allow":["GET"]}}],"collection":[{"href":"https:\/\/eltrabajo.cl\/portal\/wp-json\/wp\/v2\/posts"}],"about":[{"href":"https:\/\/eltrabajo.cl\/portal\/wp-json\/wp\/v2\/types\/post"}],"author":[{"embeddable":true,"href":"https:\/\/eltrabajo.cl\/portal\/wp-json\/wp\/v2\/users\/482"}],"replies":[{"embeddable":true,"href":"https:\/\/eltrabajo.cl\/portal\/wp-json\/wp\/v2\/comments?post=41208"}],"version-history":[{"count":0,"href":"https:\/\/eltrabajo.cl\/portal\/wp-json\/wp\/v2\/posts\/41208\/revisions"}],"wp:featuredmedia":[{"embeddable":true,"href":"https:\/\/eltrabajo.cl\/portal\/wp-json\/wp\/v2\/media\/41209"}],"wp:attachment":[{"href":"https:\/\/eltrabajo.cl\/portal\/wp-json\/wp\/v2\/media?parent=41208"}],"wp:term":[{"taxonomy":"category","embeddable":true,"href":"https:\/\/eltrabajo.cl\/portal\/wp-json\/wp\/v2\/categories?post=41208"},{"taxonomy":"post_tag","embeddable":true,"href":"https:\/\/eltrabajo.cl\/portal\/wp-json\/wp\/v2\/tags?post=41208"}],"curies":[{"name":"wp","href":"https:\/\/api.w.org\/{rel}","templated":true}]}}