{"id":41225,"date":"2013-12-30T09:09:18","date_gmt":"2013-12-30T12:09:18","guid":{"rendered":"http:\/\/www.eltrabajo.cl\/portal\/?p=41225"},"modified":"2013-12-30T09:10:22","modified_gmt":"2013-12-30T12:10:22","slug":"esval-deja-veredas-que-originan-peligro-a-medio-terminar-en-san-antonio","status":"publish","type":"post","link":"https:\/\/eltrabajo.cl\/portal\/esval-deja-veredas-que-originan-peligro-a-medio-terminar-en-san-antonio\/","title":{"rendered":"Esval deja veredas que originan peligro a medio terminar en San Antonio"},"content":{"rendered":"<figure id=\"attachment_41226\" aria-describedby=\"caption-attachment-41226\" style=\"width: 528px\" class=\"wp-caption alignnone\"><a href=\"https:\/\/i0.wp.com\/www.eltrabajo.cl\/portal\/wp-content\/uploads\/2013\/12\/Vereda1.jpg\"><img data-recalc-dims=\"1\" loading=\"lazy\" decoding=\"async\" class=\"size-full wp-image-41226\" title=\"LA DENUNCIA.- Alejandro Meza muestra a las c\u00e1maras de Diario El Trabajo, c\u00f3mo en Avenida Ej\u00e9rcito Libertador a un costado de la poblaci\u00f3n, hay dos grandes hoyos que fueron dejados en las veredas sin terminar donde ya algunos vecinos han tropezado.\" alt=\"LA DENUNCIA.- Alejandro Meza muestra a las c\u00e1maras de Diario El Trabajo, c\u00f3mo en Avenida Ej\u00e9rcito Libertador a un costado de la poblaci\u00f3n, hay dos grandes hoyos que fueron dejados en las veredas sin terminar donde ya algunos vecinos han tropezado.\" src=\"https:\/\/i0.wp.com\/www.eltrabajo.cl\/portal\/wp-content\/uploads\/2013\/12\/Vereda1.jpg?resize=528%2C390\" width=\"528\" height=\"390\" srcset=\"https:\/\/i0.wp.com\/eltrabajo.cl\/portal\/wp-content\/uploads\/2013\/12\/Vereda1.jpg?w=528&amp;ssl=1 528w, https:\/\/i0.wp.com\/eltrabajo.cl\/portal\/wp-content\/uploads\/2013\/12\/Vereda1.jpg?resize=200%2C147&amp;ssl=1 200w, https:\/\/i0.wp.com\/eltrabajo.cl\/portal\/wp-content\/uploads\/2013\/12\/Vereda1.jpg?resize=300%2C221&amp;ssl=1 300w, https:\/\/i0.wp.com\/eltrabajo.cl\/portal\/wp-content\/uploads\/2013\/12\/Vereda1.jpg?resize=150%2C110&amp;ssl=1 150w, https:\/\/i0.wp.com\/eltrabajo.cl\/portal\/wp-content\/uploads\/2013\/12\/Vereda1.jpg?resize=400%2C295&amp;ssl=1 400w\" sizes=\"auto, (max-width: 528px) 100vw, 528px\" \/><\/a><figcaption id=\"caption-attachment-41226\" class=\"wp-caption-text\">LA DENUNCIA.- Alejandro Meza muestra a las c\u00e1maras de Diario El Trabajo, c\u00f3mo en Avenida Ej\u00e9rcito Libertador a un costado de la poblaci\u00f3n, hay dos grandes hoyos que fueron dejados en las veredas sin terminar donde ya algunos vecinos han tropezado.<\/figcaption><\/figure>\n<p><strong>PUTAENDO<\/strong>.-Los trabajos realizados por las empresas contratistas que prestaban servicios a Esval y que han dejado varios tramos de vereda sin terminar, est\u00e1n originando un peligro de accidente a vecinos de la Poblaci\u00f3n San Antonio. El Presidente de la Junta de Vecinos de la Poblaci\u00f3n San Antonio, Alejandro Meza, denunci\u00f3 que en Avenida Ej\u00e9rcito Libertador a un costado de la poblaci\u00f3n, hay dos grandes hoyos que fueron dejados en las veredas sin terminar donde ya algunos vecinos han tropezado y afortunadamente no han sufrido lesiones graves, pero hizo un llamado para que Esval repare lo antes posible los trabajos a medio terminar que ya llevan m\u00e1s de dos meses, junto con ello, indic\u00f3 que al parecer a la empresa no le interesa que alg\u00fan ni\u00f1o o vecino, sobre todo adulto mayor, pueda caer y sufrir una fractura en alguna extremidad, pues asegur\u00f3 que sobre todo en la noche muchas personas no advierten el peligro que hay en ese sector por culpa de los malos trabajos realizados por Esval, que tampoco ha tomado las precauciones necesarias para realizar cierres de seguridad \u00f3ptimos que permitan al peat\u00f3n advertir el riesgo de sufrir una ca\u00edda.<\/p>\n<figure id=\"attachment_41227\" aria-describedby=\"caption-attachment-41227\" style=\"width: 370px\" class=\"wp-caption alignright\"><a href=\"https:\/\/i0.wp.com\/www.eltrabajo.cl\/portal\/wp-content\/uploads\/2013\/12\/Vereda2.jpg\"><img data-recalc-dims=\"1\" loading=\"lazy\" decoding=\"async\" class=\" wp-image-41227 \" title=\"EL PELIGRO.- Esta gr\u00e1fica muestra claramente c\u00f3mo Esval est\u00e1 exponiendo al peligro a las personas que pagan por un servicio decente.\" alt=\"EL PELIGRO.- Esta gr\u00e1fica muestra claramente c\u00f3mo Esval est\u00e1 exponiendo al peligro a las personas que pagan por un servicio decente.\" src=\"https:\/\/i0.wp.com\/www.eltrabajo.cl\/portal\/wp-content\/uploads\/2013\/12\/Vereda2.jpg?resize=370%2C247\" width=\"370\" height=\"247\" srcset=\"https:\/\/i0.wp.com\/eltrabajo.cl\/portal\/wp-content\/uploads\/2013\/12\/Vereda2.jpg?w=529&amp;ssl=1 529w, https:\/\/i0.wp.com\/eltrabajo.cl\/portal\/wp-content\/uploads\/2013\/12\/Vereda2.jpg?resize=200%2C133&amp;ssl=1 200w, https:\/\/i0.wp.com\/eltrabajo.cl\/portal\/wp-content\/uploads\/2013\/12\/Vereda2.jpg?resize=300%2C200&amp;ssl=1 300w, https:\/\/i0.wp.com\/eltrabajo.cl\/portal\/wp-content\/uploads\/2013\/12\/Vereda2.jpg?resize=150%2C100&amp;ssl=1 150w, https:\/\/i0.wp.com\/eltrabajo.cl\/portal\/wp-content\/uploads\/2013\/12\/Vereda2.jpg?resize=400%2C266&amp;ssl=1 400w\" sizes=\"auto, (max-width: 370px) 100vw, 370px\" \/><\/a><figcaption id=\"caption-attachment-41227\" class=\"wp-caption-text\">EL PELIGRO.- Esta gr\u00e1fica muestra claramente c\u00f3mo Esval est\u00e1 exponiendo al peligro a las personas que pagan por un servicio decente.<\/figcaption><\/figure>\n<p>Meza fustig\u00f3 adem\u00e1s, que a pesar de las reuniones que han sostenido con Esval, lamentablemente la empresa no ha tomado conciencia del peligro existente en el lugar y dijo que ojala no ocurra, pero de haber un accidente grave, seguramente y como es habitual, la empresa aparecer\u00e1 entregando soluciones que se deben realizar ahora para evitar accidentes.<\/p>\n<p>Patricio Gallardo M.<\/p>\n<p>&nbsp;<\/p>\n","protected":false},"excerpt":{"rendered":"<p>PUTAENDO.-Los trabajos realizados por las empresas contratistas que prestaban servicios a Esval y que han dejado varios tramos de vereda sin terminar, est\u00e1n originando un peligro de accidente a vecinos de la&#8230;<\/p>\n","protected":false},"author":482,"featured_media":41226,"comment_status":"open","ping_status":"closed","sticky":false,"template":"","format":"standard","meta":{"advanced_seo_description":"","jetpack_seo_html_title":"","jetpack_seo_noindex":false,"_jetpack_memberships_contains_paid_content":false,"footnotes":""},"categories":[15],"tags":[],"class_list":["post-41225","post","type-post","status-publish","format-standard","has-post-thumbnail","hentry","category-comunidad"],"jetpack_featured_media_url":"https:\/\/i0.wp.com\/eltrabajo.cl\/portal\/wp-content\/uploads\/2013\/12\/Vereda1.jpg?fit=528%2C390&ssl=1","jetpack_sharing_enabled":true,"jetpack_likes_enabled":true,"jetpack-related-posts":[],"_links":{"self":[{"href":"https:\/\/eltrabajo.cl\/portal\/wp-json\/wp\/v2\/posts\/41225","targetHints":{"allow":["GET"]}}],"collection":[{"href":"https:\/\/eltrabajo.cl\/portal\/wp-json\/wp\/v2\/posts"}],"about":[{"href":"https:\/\/eltrabajo.cl\/portal\/wp-json\/wp\/v2\/types\/post"}],"author":[{"embeddable":true,"href":"https:\/\/eltrabajo.cl\/portal\/wp-json\/wp\/v2\/users\/482"}],"replies":[{"embeddable":true,"href":"https:\/\/eltrabajo.cl\/portal\/wp-json\/wp\/v2\/comments?post=41225"}],"version-history":[{"count":0,"href":"https:\/\/eltrabajo.cl\/portal\/wp-json\/wp\/v2\/posts\/41225\/revisions"}],"wp:featuredmedia":[{"embeddable":true,"href":"https:\/\/eltrabajo.cl\/portal\/wp-json\/wp\/v2\/media\/41226"}],"wp:attachment":[{"href":"https:\/\/eltrabajo.cl\/portal\/wp-json\/wp\/v2\/media?parent=41225"}],"wp:term":[{"taxonomy":"category","embeddable":true,"href":"https:\/\/eltrabajo.cl\/portal\/wp-json\/wp\/v2\/categories?post=41225"},{"taxonomy":"post_tag","embeddable":true,"href":"https:\/\/eltrabajo.cl\/portal\/wp-json\/wp\/v2\/tags?post=41225"}],"curies":[{"name":"wp","href":"https:\/\/api.w.org\/{rel}","templated":true}]}}