{"id":41232,"date":"2013-12-30T09:12:29","date_gmt":"2013-12-30T12:12:29","guid":{"rendered":"http:\/\/www.eltrabajo.cl\/portal\/?p=41232"},"modified":"2013-12-30T09:12:29","modified_gmt":"2013-12-30T12:12:29","slug":"piden-a-gobernacion-cumplir-sus-compromisos-con-vecinos-de-quebrada-herrera","status":"publish","type":"post","link":"https:\/\/eltrabajo.cl\/portal\/piden-a-gobernacion-cumplir-sus-compromisos-con-vecinos-de-quebrada-herrera\/","title":{"rendered":"Piden a Gobernaci\u00f3n cumplir sus compromisos con vecinos de Quebrada Herrera"},"content":{"rendered":"<figure id=\"attachment_41233\" aria-describedby=\"caption-attachment-41233\" style=\"width: 529px\" class=\"wp-caption alignnone\"><a href=\"https:\/\/i0.wp.com\/www.eltrabajo.cl\/portal\/wp-content\/uploads\/2013\/12\/APR-1.jpg\"><img data-recalc-dims=\"1\" loading=\"lazy\" decoding=\"async\" class=\"size-full wp-image-41233\" title=\"EL PROBLEMA SIGUE.- El Alcalde Reyes asegura que Gobernaci\u00f3n prometi\u00f3 una soluci\u00f3n para APR de Quebrada Herrera y hoy se han echado para atr\u00e1s\u2019.\" alt=\"EL PROBLEMA SIGUE.- El Alcalde Reyes asegura que Gobernaci\u00f3n prometi\u00f3 una soluci\u00f3n para APR de Quebrada Herrera y hoy se han echado para atr\u00e1s\u2019.\" src=\"https:\/\/i0.wp.com\/www.eltrabajo.cl\/portal\/wp-content\/uploads\/2013\/12\/APR-1.jpg?resize=529%2C282\" width=\"529\" height=\"282\" srcset=\"https:\/\/i0.wp.com\/eltrabajo.cl\/portal\/wp-content\/uploads\/2013\/12\/APR-1.jpg?w=529&amp;ssl=1 529w, https:\/\/i0.wp.com\/eltrabajo.cl\/portal\/wp-content\/uploads\/2013\/12\/APR-1.jpg?resize=200%2C106&amp;ssl=1 200w, https:\/\/i0.wp.com\/eltrabajo.cl\/portal\/wp-content\/uploads\/2013\/12\/APR-1.jpg?resize=300%2C159&amp;ssl=1 300w, https:\/\/i0.wp.com\/eltrabajo.cl\/portal\/wp-content\/uploads\/2013\/12\/APR-1.jpg?resize=150%2C79&amp;ssl=1 150w, https:\/\/i0.wp.com\/eltrabajo.cl\/portal\/wp-content\/uploads\/2013\/12\/APR-1.jpg?resize=400%2C213&amp;ssl=1 400w\" sizes=\"auto, (max-width: 529px) 100vw, 529px\" \/><\/a><figcaption id=\"caption-attachment-41233\" class=\"wp-caption-text\">EL PROBLEMA SIGUE.- El Alcalde Reyes asegura que Gobernaci\u00f3n prometi\u00f3 una soluci\u00f3n para APR de Quebrada Herrera y hoy se han echado para atr\u00e1s\u2019.<\/figcaption><\/figure>\n<p><strong>PUTAENDO<\/strong>.- El Alcalde Guillermo Reyes, se\u00f1al\u00f3 que en su momento y s\u00f3lo hace una semana atr\u00e1s, la Gobernaci\u00f3n Provincial ofreci\u00f3 una soluci\u00f3n para terminar con la falta de abastecimiento de agua a los vecinos de Quebrada Herrera, por la falla en la bomba elevadora de su APR y que hoy literalmente la autoridad provincial \u2018se ech\u00f3 para atr\u00e1s\u2019.<\/p>\n<p>La autoridad comunal dijo que en los \u00faltimos d\u00edas ha recibido llamados telef\u00f3nicos de varios vecinos y de Carabineros, que dan cuenta que son varios los sectores de Quebrada Herrera que no tienen agua potable, agregando que en varias ocasiones ha tomado contacto con el presidente del APR, quien le ha se\u00f1alado que la situaci\u00f3n es de normalidad, y que incluso se encuentran trabajado cada doce horas por distintos sectores.<\/p>\n<p>Reyes dijo que hoy el servicio es deficiente y que pide p\u00fablicamente al APR que de una vez por todas se ordene, pues dijo que se envi\u00f3 un cami\u00f3n municipal a repartir agua y nadie sab\u00eda cuales son los sectores donde faltaba agua, y la \u00fanica informaci\u00f3n que ha recibido del APR es que est\u00e1n sacando agua de un pozo viejo y dividieron en doce horas los sectores que tendr\u00e1n agua durante estos d\u00edas, agregando que el municipio est\u00e1 disponible para ayudar, por lo que le pidi\u00f3 por escrito al presidente del APR el detalle de la situaci\u00f3n y de los sectores a cubrir.<\/p>\n<p>En este mismo sentido, Guillermo Reyes dijo que el presidente del APR le reconoci\u00f3 que no tienen el dinero para comprar una bomba nueva, cuyo monto alcanzar\u00eda los seis millones de pesos, pero que si podr\u00edan pagarlos en cuotas y no han encontrado una empresa que les de esas facilidades. En este sentido, la primera autoridad comunal hizo un llamado a la Gobernaci\u00f3n Provincial, se\u00f1alando que \u00abcreo que hay que volver a insistir a la Gobernaci\u00f3n, hace una semana me comuniqu\u00e9 con la Gobernadora, se mostr\u00f3 preocupada por el tema y me solicit\u00f3 en forma urgente un informe alfa, el que enviamos, pero posteriormente, la misma Gobernadora me se\u00f1al\u00f3 que no pod\u00edan porque ya les hab\u00edan prestado una bomba que es la que hoy est\u00e1 mala, y claramente la Gobernaci\u00f3n se ech\u00f3 para atr\u00e1s, nosotros como municipio no podemos comprar una bomba para un APR, porque caer\u00edamos en un problema con la contralor\u00eda ya que los APR est\u00e1n bajo la tutela y administraci\u00f3n de la Direcci\u00f3n de Obras Hidr\u00e1ulicas, y por eso es importante que la Gobernaci\u00f3n haga las gestiones a nivel de la DOH para poder comprar una bomba nueva y terminar con el problema que afecta a muchos vecinos de Quebrada Herrera, pues hoy la situaci\u00f3n es bastante compleja y no sabemos cuando se solucionar\u00e1 este inconveniente, por lo que espero que la Gobernadora retome este tema y ayude a solucionar este conflicto\u00bb, coment\u00f3 el edil.<\/p>\n<p>Patricio Gallardo M.<\/p>\n<p>&nbsp;<\/p>\n","protected":false},"excerpt":{"rendered":"<p>PUTAENDO.- El Alcalde Guillermo Reyes, se\u00f1al\u00f3 que en su momento y s\u00f3lo hace una semana atr\u00e1s, la Gobernaci\u00f3n Provincial ofreci\u00f3 una soluci\u00f3n para terminar con la falta de abastecimiento de agua a&#8230;<\/p>\n","protected":false},"author":482,"featured_media":41233,"comment_status":"open","ping_status":"closed","sticky":false,"template":"","format":"standard","meta":{"advanced_seo_description":"","jetpack_seo_html_title":"","jetpack_seo_noindex":false,"_jetpack_memberships_contains_paid_content":false,"footnotes":""},"categories":[1],"tags":[],"class_list":["post-41232","post","type-post","status-publish","format-standard","has-post-thumbnail","hentry","category-cronica"],"jetpack_featured_media_url":"https:\/\/i0.wp.com\/eltrabajo.cl\/portal\/wp-content\/uploads\/2013\/12\/APR-1.jpg?fit=529%2C282&ssl=1","jetpack_sharing_enabled":true,"jetpack_likes_enabled":true,"jetpack-related-posts":[],"_links":{"self":[{"href":"https:\/\/eltrabajo.cl\/portal\/wp-json\/wp\/v2\/posts\/41232","targetHints":{"allow":["GET"]}}],"collection":[{"href":"https:\/\/eltrabajo.cl\/portal\/wp-json\/wp\/v2\/posts"}],"about":[{"href":"https:\/\/eltrabajo.cl\/portal\/wp-json\/wp\/v2\/types\/post"}],"author":[{"embeddable":true,"href":"https:\/\/eltrabajo.cl\/portal\/wp-json\/wp\/v2\/users\/482"}],"replies":[{"embeddable":true,"href":"https:\/\/eltrabajo.cl\/portal\/wp-json\/wp\/v2\/comments?post=41232"}],"version-history":[{"count":0,"href":"https:\/\/eltrabajo.cl\/portal\/wp-json\/wp\/v2\/posts\/41232\/revisions"}],"wp:featuredmedia":[{"embeddable":true,"href":"https:\/\/eltrabajo.cl\/portal\/wp-json\/wp\/v2\/media\/41233"}],"wp:attachment":[{"href":"https:\/\/eltrabajo.cl\/portal\/wp-json\/wp\/v2\/media?parent=41232"}],"wp:term":[{"taxonomy":"category","embeddable":true,"href":"https:\/\/eltrabajo.cl\/portal\/wp-json\/wp\/v2\/categories?post=41232"},{"taxonomy":"post_tag","embeddable":true,"href":"https:\/\/eltrabajo.cl\/portal\/wp-json\/wp\/v2\/tags?post=41232"}],"curies":[{"name":"wp","href":"https:\/\/api.w.org\/{rel}","templated":true}]}}