{"id":41235,"date":"2013-12-30T09:13:53","date_gmt":"2013-12-30T12:13:53","guid":{"rendered":"http:\/\/www.eltrabajo.cl\/portal\/?p=41235"},"modified":"2013-12-30T09:13:53","modified_gmt":"2013-12-30T12:13:53","slug":"aprueban-elaboracion-de-diseno-de-proyecto-embalse-los-cerrillos","status":"publish","type":"post","link":"https:\/\/eltrabajo.cl\/portal\/aprueban-elaboracion-de-diseno-de-proyecto-embalse-los-cerrillos\/","title":{"rendered":"Aprueban elaboraci\u00f3n de dise\u00f1o de proyecto embalse Los Cerrillos"},"content":{"rendered":"<figure id=\"attachment_41236\" aria-describedby=\"caption-attachment-41236\" style=\"width: 317px\" class=\"wp-caption alignleft\"><a href=\"https:\/\/i0.wp.com\/www.eltrabajo.cl\/portal\/wp-content\/uploads\/2013\/12\/Claudio-Nu%C3%B1ez.jpg\"><img data-recalc-dims=\"1\" loading=\"lazy\" decoding=\"async\" class=\" wp-image-41236 \" title=\"Claudio N\u00fa\u00f1ez afirm\u00f3 que \u00abel proyecto pide a gritos participaci\u00f3n ciudadana\u00bb.\" alt=\"Claudio N\u00fa\u00f1ez afirm\u00f3 que \u00abel proyecto pide a gritos participaci\u00f3n ciudadana\u00bb.\" src=\"https:\/\/i0.wp.com\/www.eltrabajo.cl\/portal\/wp-content\/uploads\/2013\/12\/Claudio-Nu%C3%B1ez.jpg?resize=317%2C238\" width=\"317\" height=\"238\" srcset=\"https:\/\/i0.wp.com\/eltrabajo.cl\/portal\/wp-content\/uploads\/2013\/12\/Claudio-Nu%C3%B1ez.jpg?w=529&amp;ssl=1 529w, https:\/\/i0.wp.com\/eltrabajo.cl\/portal\/wp-content\/uploads\/2013\/12\/Claudio-Nu%C3%B1ez.jpg?resize=200%2C150&amp;ssl=1 200w, https:\/\/i0.wp.com\/eltrabajo.cl\/portal\/wp-content\/uploads\/2013\/12\/Claudio-Nu%C3%B1ez.jpg?resize=300%2C225&amp;ssl=1 300w, https:\/\/i0.wp.com\/eltrabajo.cl\/portal\/wp-content\/uploads\/2013\/12\/Claudio-Nu%C3%B1ez.jpg?resize=150%2C112&amp;ssl=1 150w, https:\/\/i0.wp.com\/eltrabajo.cl\/portal\/wp-content\/uploads\/2013\/12\/Claudio-Nu%C3%B1ez.jpg?resize=400%2C300&amp;ssl=1 400w\" sizes=\"auto, (max-width: 317px) 100vw, 317px\" \/><\/a><figcaption id=\"caption-attachment-41236\" class=\"wp-caption-text\">Claudio N\u00fa\u00f1ez afirm\u00f3 que \u00abel proyecto pide a gritos participaci\u00f3n ciudadana\u00bb.<\/figcaption><\/figure>\n<p>En su \u00faltima sesi\u00f3n del a\u00f1o, el Consejo de Ministros de la Comisi\u00f3n Nacional de Riego, que preside el Ministro de Agricultura, Luis Mayol, aprob\u00f3 la elaboraci\u00f3n del dise\u00f1o del proyecto de embalse Los Cerrillos de Catemu, iniciativa que poco y nada se ha sociabilizado en la comuna. La noticia fue dada a conocer mediante un comunicado de prensa, donde se informa que \u00abel Consejo de Ministros de la Comisi\u00f3n Nacional de Riego (CNR) dio \u2018Luz Verde\u2019 a un grupo de iniciativas que beneficiar\u00e1n al sector agr\u00edcola nacional, que en los \u00faltimos a\u00f1os se ha visto afectada por la sequ\u00eda y un d\u00e9ficit de infraestructura h\u00eddrica que se arrastraba por m\u00e1s de cinco d\u00e9cadas\u00bb, mencionando entre estos el Embalse Cerrillos en Catemu que \u00abtiene como objetivo brindar seguridad de riego a la tercera secci\u00f3n y Petorca\u00bb.<\/p>\n<p>El Ministro de Agricultura, Luis Mayol, quien preside este Consejo, destac\u00f3 que \u00abgracias a la voluntad de todos los integrantes, se tomaron acuerdos que van en la l\u00ednea de seguir avanzando en proyectos y obras que estaban trancadas hace a\u00f1os, con la finalidad de seguir mejorando la condici\u00f3n de vida de nuestro regantes, que son los m\u00e1s afectados por la falta de proyectos de regad\u00edo\u00bb.<\/p>\n<p>\u00abHemos resuelto autorizar la etapa de dise\u00f1o del embalse Catemu (Regi\u00f3n de Valpara\u00edso), ubicado en el R\u00edo Aconcagua, una zona muy afectada por la escasez del recurso; tambi\u00e9n autorizamos el modelo t\u00e9cnico-econ\u00f3mico que se requer\u00eda para la ampliaci\u00f3n del embalse Los Aromos (Regi\u00f3n de Valpara\u00edso), que por su car\u00e1cter multiprop\u00f3sito almacenar\u00e1 agua para uso sanitario y agr\u00edcola, y aprobamos traspasar a regantes el Canal Pencahue (Regi\u00f3n del Maule), lo que era un verdadero anhelo para cientos de agricultores\u00bb, precis\u00f3 la autoridad.<\/p>\n<p>La Comisi\u00f3n Nacional de Riego est\u00e1 organizada en un Consejo de Ministros integrado por los titulares de Agricultura \u2013 quien lo preside-; Econom\u00eda, Fomento y Reconstrucci\u00f3n; Hacienda; Obras P\u00fablicas y Desarrollo Social.<\/p>\n<p>&nbsp;<\/p>\n<p><strong>FALTA SOCIABILIZAR<\/strong><\/p>\n<p>Consultado sobre esta medida, el Concejal Claudio N\u00fa\u00f1ez, critic\u00f3 la escasa participaci\u00f3n ciudadana que ha tenido este proyecto, el cual dijo reci\u00e9n fue conocido oficialmente por el Concejo Municipal de Catemu, hace un par de semanas.<\/p>\n<p>El edil dijo despu\u00e9s de un a\u00f1o, desde que la Senadora Lily P\u00e9rez habl\u00f3 de este proyecto, el Ministerio de Obras P\u00fablicas lleg\u00f3 a la sesi\u00f3n del Concejo Municipal de Catemu, para exponer detalles de esta iniciativa, la que en el caso de Aconcagua s\u00f3lo favorece para el riego de la comuna, ya que el grueso de la inversi\u00f3n busca beneficiar al valle de Quillota.<\/p>\n<p>\u00abNo me sorprende esta decisi\u00f3n, pero me parece que la forma en que el gobierno ha llevado adelante este proyecto, no es la adecuada. Este proyecto a gritos pide y requiere participaci\u00f3n ciudadana. Me parece que no ha sido la mejor forma como el gobierno actual ha desempolvado este proyecto, el que hace m\u00e1s de una d\u00e9cada fue desechado. Recordemos que aguas arriba, este proyecto no genera ning\u00fan beneficio para el valle de Aconcagua\u00bb, manifest\u00f3 el Concejal Claudio N\u00fa\u00f1ez.<\/p>\n<p>A\u00f1adi\u00f3 que \u00abme parece que es un proyecto que est\u00e1 avanzando a espaldas de la gente y si el gobierno no va a hacer participaci\u00f3n ciudadana como corresponde, esa tarea la vamos a hacer nosotros\u00bb. El concejal manifest\u00f3 que ya se est\u00e1n haciendo las coordinaciones para socializar este proyecto, a contar de los pr\u00f3ximos d\u00edas, sobre todo con los vecinos del sector Cerrillos.<\/p>\n<p>Ad portas de asumir el gobierno la Presidente Michelle Bachelet, Claudio N\u00fa\u00f1ez, manifest\u00f3 su esperanza de que se inicie un fuerte trabajo de participaci\u00f3n ciudadana, resaltando que \u00abeso no significa que se est\u00e9 rechazando la iniciativa\u00bb, la que a diferencia de lo que ocurr\u00eda con Puntilla del Viento, en este caso no complica asentamiento de familias.<\/p>\n<p>&nbsp;<\/p>\n","protected":false},"excerpt":{"rendered":"<p>En su \u00faltima sesi\u00f3n del a\u00f1o, el Consejo de Ministros de la Comisi\u00f3n Nacional de Riego, que preside el Ministro de Agricultura, Luis Mayol, aprob\u00f3 la elaboraci\u00f3n del dise\u00f1o del proyecto de&#8230;<\/p>\n","protected":false},"author":482,"featured_media":41236,"comment_status":"open","ping_status":"closed","sticky":false,"template":"","format":"standard","meta":{"advanced_seo_description":"","jetpack_seo_html_title":"","jetpack_seo_noindex":false,"_jetpack_memberships_contains_paid_content":false,"footnotes":""},"categories":[1],"tags":[],"class_list":["post-41235","post","type-post","status-publish","format-standard","has-post-thumbnail","hentry","category-cronica"],"jetpack_featured_media_url":"https:\/\/i0.wp.com\/eltrabajo.cl\/portal\/wp-content\/uploads\/2013\/12\/Claudio-Nu%C3%B1ez.jpg?fit=529%2C397&ssl=1","jetpack_sharing_enabled":true,"jetpack_likes_enabled":true,"jetpack-related-posts":[],"_links":{"self":[{"href":"https:\/\/eltrabajo.cl\/portal\/wp-json\/wp\/v2\/posts\/41235","targetHints":{"allow":["GET"]}}],"collection":[{"href":"https:\/\/eltrabajo.cl\/portal\/wp-json\/wp\/v2\/posts"}],"about":[{"href":"https:\/\/eltrabajo.cl\/portal\/wp-json\/wp\/v2\/types\/post"}],"author":[{"embeddable":true,"href":"https:\/\/eltrabajo.cl\/portal\/wp-json\/wp\/v2\/users\/482"}],"replies":[{"embeddable":true,"href":"https:\/\/eltrabajo.cl\/portal\/wp-json\/wp\/v2\/comments?post=41235"}],"version-history":[{"count":0,"href":"https:\/\/eltrabajo.cl\/portal\/wp-json\/wp\/v2\/posts\/41235\/revisions"}],"wp:featuredmedia":[{"embeddable":true,"href":"https:\/\/eltrabajo.cl\/portal\/wp-json\/wp\/v2\/media\/41236"}],"wp:attachment":[{"href":"https:\/\/eltrabajo.cl\/portal\/wp-json\/wp\/v2\/media?parent=41235"}],"wp:term":[{"taxonomy":"category","embeddable":true,"href":"https:\/\/eltrabajo.cl\/portal\/wp-json\/wp\/v2\/categories?post=41235"},{"taxonomy":"post_tag","embeddable":true,"href":"https:\/\/eltrabajo.cl\/portal\/wp-json\/wp\/v2\/tags?post=41235"}],"curies":[{"name":"wp","href":"https:\/\/api.w.org\/{rel}","templated":true}]}}