{"id":41239,"date":"2013-12-30T09:16:29","date_gmt":"2013-12-30T12:16:29","guid":{"rendered":"http:\/\/www.eltrabajo.cl\/portal\/?p=41239"},"modified":"2013-12-30T09:16:29","modified_gmt":"2013-12-30T12:16:29","slug":"reclamaran-al-alto-mando-por-carabineros-enviados-a-san-felipe","status":"publish","type":"post","link":"https:\/\/eltrabajo.cl\/portal\/reclamaran-al-alto-mando-por-carabineros-enviados-a-san-felipe\/","title":{"rendered":"Reclamar\u00e1n al Alto Mando por carabineros enviados a San Felipe"},"content":{"rendered":"<figure id=\"attachment_41240\" aria-describedby=\"caption-attachment-41240\" style=\"width: 317px\" class=\"wp-caption alignleft\"><a href=\"https:\/\/i0.wp.com\/www.eltrabajo.cl\/portal\/wp-content\/uploads\/2013\/12\/Guillermo-Reyes1.jpg\"><img data-recalc-dims=\"1\" loading=\"lazy\" decoding=\"async\" class=\" wp-image-41240 \" title=\"Guillermo Reyes, Alcalde de Putaendo.\" alt=\"Guillermo Reyes, Alcalde de Putaendo.\" src=\"https:\/\/i0.wp.com\/www.eltrabajo.cl\/portal\/wp-content\/uploads\/2013\/12\/Guillermo-Reyes1.jpg?resize=317%2C211\" width=\"317\" height=\"211\" srcset=\"https:\/\/i0.wp.com\/eltrabajo.cl\/portal\/wp-content\/uploads\/2013\/12\/Guillermo-Reyes1.jpg?w=528&amp;ssl=1 528w, https:\/\/i0.wp.com\/eltrabajo.cl\/portal\/wp-content\/uploads\/2013\/12\/Guillermo-Reyes1.jpg?resize=200%2C133&amp;ssl=1 200w, https:\/\/i0.wp.com\/eltrabajo.cl\/portal\/wp-content\/uploads\/2013\/12\/Guillermo-Reyes1.jpg?resize=300%2C200&amp;ssl=1 300w, https:\/\/i0.wp.com\/eltrabajo.cl\/portal\/wp-content\/uploads\/2013\/12\/Guillermo-Reyes1.jpg?resize=150%2C100&amp;ssl=1 150w, https:\/\/i0.wp.com\/eltrabajo.cl\/portal\/wp-content\/uploads\/2013\/12\/Guillermo-Reyes1.jpg?resize=400%2C266&amp;ssl=1 400w\" sizes=\"auto, (max-width: 317px) 100vw, 317px\" \/><\/a><figcaption id=\"caption-attachment-41240\" class=\"wp-caption-text\">Guillermo Reyes, Alcalde de Putaendo.<\/figcaption><\/figure>\n<p><strong>PUTAENDO.<\/strong>&#8211; El Alcalde Guillermo Reyes, se refiri\u00f3 al constante traslado de efectivos policiales de Putaendo hacia la ciudad de San Felipe e indic\u00f3 que no descarta una reuni\u00f3n con el Alto Mando de Carabineros para poner fin a esta situaci\u00f3n. El edil dijo que lo que en su momento ofreci\u00f3 el Prefecto Letelier, no se ha cumplido y que efectivamente hay un clima de inseguridad en la comuna que se expresa tras los reclamos de los vecinos por la poca cantidad de carabineros que patrullan la comuna y dijo que la comunidad organizada ya ha hecho sentir su malestar porque a los uniformados que est\u00e1n en Putaendo se les ve patrullando las calles de San Felipe y es sabido que a diario se saca personal policial desde Putaendo para cumplir funciones en San Felipe, lo que calific\u00f3 como inaceptable, sobre todo luego de reunirse en varias ocasiones con el Alto Mando de la Prefectura y a pesar de los compromisos la situaci\u00f3n, lejos de solucionarse, ha ido empeorando.<\/p>\n<p>En este sentido, Reyes se\u00f1al\u00f3 que se est\u00e1 redactando una carta, misma que ser\u00e1 enviada al Alto Mando de Carabineros de Chile y que ser\u00e1 respaldada por la Uni\u00f3n Comunal de Juntas de Vecinos Valle de Putaendo, adem\u00e1s indic\u00f3 que si es necesario solicitar una reuni\u00f3n, lo har\u00e1, pues como alcalde no seguir\u00e1 permitiendo que est\u00e9n sacando carabineros de Putaendo para cumplir funciones en San Felipe y est\u00e9n dejando desprotegida a la comuna y reiter\u00f3 su molestia porque los compromisos adquiridos con otras oficialidades no se han cumplido.<\/p>\n<p>Guillermo Reyes indic\u00f3 tambi\u00e9n que el municipio, y en especial \u00e9l, han sido muy respetuosos y pacientes, pero que ya lleg\u00f3 el momento de tomar acciones m\u00e1s decididas, pues la seguridad y la presencia policial en Putaendo es un tema muy sensible que afecta a toda la comunidad, sobre todo cuando los vecinos necesitan la presencia policial y muchas veces esa respuesta es tard\u00eda por los pocos Carabineros que hay, mientras que el mismo personal que debieran patrullar la comuna son enviados a prestar otros servicios en San Felipe.<\/p>\n<p>Patricio Gallardo M.<\/p>\n<p>&nbsp;<\/p>\n","protected":false},"excerpt":{"rendered":"<p>PUTAENDO.&#8211; El Alcalde Guillermo Reyes, se refiri\u00f3 al constante traslado de efectivos policiales de Putaendo hacia la ciudad de San Felipe e indic\u00f3 que no descarta una reuni\u00f3n con el Alto Mando&#8230;<\/p>\n","protected":false},"author":482,"featured_media":41240,"comment_status":"open","ping_status":"closed","sticky":false,"template":"","format":"standard","meta":{"advanced_seo_description":"","jetpack_seo_html_title":"","jetpack_seo_noindex":false,"_jetpack_memberships_contains_paid_content":false,"footnotes":""},"categories":[1],"tags":[],"class_list":["post-41239","post","type-post","status-publish","format-standard","has-post-thumbnail","hentry","category-cronica"],"jetpack_featured_media_url":"https:\/\/i0.wp.com\/eltrabajo.cl\/portal\/wp-content\/uploads\/2013\/12\/Guillermo-Reyes1.jpg?fit=528%2C352&ssl=1","jetpack_sharing_enabled":true,"jetpack_likes_enabled":true,"jetpack-related-posts":[],"_links":{"self":[{"href":"https:\/\/eltrabajo.cl\/portal\/wp-json\/wp\/v2\/posts\/41239","targetHints":{"allow":["GET"]}}],"collection":[{"href":"https:\/\/eltrabajo.cl\/portal\/wp-json\/wp\/v2\/posts"}],"about":[{"href":"https:\/\/eltrabajo.cl\/portal\/wp-json\/wp\/v2\/types\/post"}],"author":[{"embeddable":true,"href":"https:\/\/eltrabajo.cl\/portal\/wp-json\/wp\/v2\/users\/482"}],"replies":[{"embeddable":true,"href":"https:\/\/eltrabajo.cl\/portal\/wp-json\/wp\/v2\/comments?post=41239"}],"version-history":[{"count":0,"href":"https:\/\/eltrabajo.cl\/portal\/wp-json\/wp\/v2\/posts\/41239\/revisions"}],"wp:featuredmedia":[{"embeddable":true,"href":"https:\/\/eltrabajo.cl\/portal\/wp-json\/wp\/v2\/media\/41240"}],"wp:attachment":[{"href":"https:\/\/eltrabajo.cl\/portal\/wp-json\/wp\/v2\/media?parent=41239"}],"wp:term":[{"taxonomy":"category","embeddable":true,"href":"https:\/\/eltrabajo.cl\/portal\/wp-json\/wp\/v2\/categories?post=41239"},{"taxonomy":"post_tag","embeddable":true,"href":"https:\/\/eltrabajo.cl\/portal\/wp-json\/wp\/v2\/tags?post=41239"}],"curies":[{"name":"wp","href":"https:\/\/api.w.org\/{rel}","templated":true}]}}