{"id":41243,"date":"2013-12-30T09:25:11","date_gmt":"2013-12-30T12:25:11","guid":{"rendered":"http:\/\/www.eltrabajo.cl\/portal\/?p=41243"},"modified":"2013-12-30T09:25:11","modified_gmt":"2013-12-30T12:25:11","slug":"experimentado-karateca-unico-puntaje-nacional-en-matematicas-de-aconcagua","status":"publish","type":"post","link":"https:\/\/eltrabajo.cl\/portal\/experimentado-karateca-unico-puntaje-nacional-en-matematicas-de-aconcagua\/","title":{"rendered":"Experimentado karateca, \u00fanico Puntaje Nacional en Matem\u00e1ticas de Aconcagua"},"content":{"rendered":"<figure id=\"attachment_41244\" aria-describedby=\"caption-attachment-41244\" style=\"width: 317px\" class=\"wp-caption alignleft\"><a href=\"https:\/\/i0.wp.com\/www.eltrabajo.cl\/portal\/wp-content\/uploads\/2013\/12\/Andres-Medina.jpg\"><img data-recalc-dims=\"1\" loading=\"lazy\" decoding=\"async\" class=\" wp-image-41244 \" title=\"PAPELITO HABLA.- Andr\u00e9s Medina Juri muestra a las c\u00e1maras de Diario El Trabajo el diploma que lo certifica como el Mejor Puntaje de la PSU 2013 en el Valle de Aconcagua.\" alt=\"PAPELITO HABLA.- Andr\u00e9s Medina Juri muestra a las c\u00e1maras de Diario El Trabajo el diploma que lo certifica como el Mejor Puntaje de la PSU 2013 en el Valle de Aconcagua.\" src=\"https:\/\/i0.wp.com\/www.eltrabajo.cl\/portal\/wp-content\/uploads\/2013\/12\/Andres-Medina.jpg?resize=317%2C239\" width=\"317\" height=\"239\" srcset=\"https:\/\/i0.wp.com\/eltrabajo.cl\/portal\/wp-content\/uploads\/2013\/12\/Andres-Medina.jpg?w=529&amp;ssl=1 529w, https:\/\/i0.wp.com\/eltrabajo.cl\/portal\/wp-content\/uploads\/2013\/12\/Andres-Medina.jpg?resize=200%2C150&amp;ssl=1 200w, https:\/\/i0.wp.com\/eltrabajo.cl\/portal\/wp-content\/uploads\/2013\/12\/Andres-Medina.jpg?resize=300%2C226&amp;ssl=1 300w, https:\/\/i0.wp.com\/eltrabajo.cl\/portal\/wp-content\/uploads\/2013\/12\/Andres-Medina.jpg?resize=150%2C113&amp;ssl=1 150w, https:\/\/i0.wp.com\/eltrabajo.cl\/portal\/wp-content\/uploads\/2013\/12\/Andres-Medina.jpg?resize=400%2C301&amp;ssl=1 400w\" sizes=\"auto, (max-width: 317px) 100vw, 317px\" \/><\/a><figcaption id=\"caption-attachment-41244\" class=\"wp-caption-text\">PAPELITO HABLA.- Andr\u00e9s Medina Juri muestra a las c\u00e1maras de Diario El Trabajo el diploma que lo certifica como el Mejor Puntaje de la PSU 2013 en el Valle de Aconcagua.<\/figcaption><\/figure>\n<ul>\n<li><strong>Puntaje Nacional ya defini\u00f3 que estudiar\u00e1 en la Universidad Federico Santamar\u00eda de Santiago, la carrera de Ingenier\u00eda Civil en Minas.<\/strong><\/li>\n<\/ul>\n<p>Esta es la parte, en la historia de Andr\u00e9s Ignacio Medina Juri, en la que la comunidad universitaria y los medios de comunicaci\u00f3n debemos certificar las \u00ednfulas de campe\u00f3n que este chico demuestra a sus 18 a\u00f1os y que desde ni\u00f1o insinuaba con sus m\u00faltiples premios ganados a lo largo de su edad escolar y de ense\u00f1anza Media pues \u00e9l es egresado este a\u00f1o de Cuarto Medio del Instituto Abd\u00f3n Cifuentes, con promedio general de 6,3 y promedio 7 en Matem\u00e1ticas, recibi\u00f3 la noticia de que era uno el \u00fanico puntaje nacional en la PSU del Valle de Aconcagua, de los 220 j\u00f3venes del pa\u00eds que hab\u00edan obtenido puntaje nacional.<\/p>\n<figure id=\"attachment_41245\" aria-describedby=\"caption-attachment-41245\" style=\"width: 222px\" class=\"wp-caption alignright\"><a href=\"https:\/\/i0.wp.com\/www.eltrabajo.cl\/portal\/wp-content\/uploads\/2013\/12\/Anfres-Guagua.jpg\"><img data-recalc-dims=\"1\" loading=\"lazy\" decoding=\"async\" class=\" wp-image-41245  \" title=\"Andr\u00e9s a sus dos a\u00f1os de vida.\" alt=\"Andr\u00e9s a sus dos a\u00f1os de vida.\" src=\"https:\/\/i0.wp.com\/www.eltrabajo.cl\/portal\/wp-content\/uploads\/2013\/12\/Anfres-Guagua.jpg?resize=222%2C244\" width=\"222\" height=\"244\" srcset=\"https:\/\/i0.wp.com\/eltrabajo.cl\/portal\/wp-content\/uploads\/2013\/12\/Anfres-Guagua.jpg?w=529&amp;ssl=1 529w, https:\/\/i0.wp.com\/eltrabajo.cl\/portal\/wp-content\/uploads\/2013\/12\/Anfres-Guagua.jpg?resize=136%2C150&amp;ssl=1 136w, https:\/\/i0.wp.com\/eltrabajo.cl\/portal\/wp-content\/uploads\/2013\/12\/Anfres-Guagua.jpg?resize=273%2C300&amp;ssl=1 273w, https:\/\/i0.wp.com\/eltrabajo.cl\/portal\/wp-content\/uploads\/2013\/12\/Anfres-Guagua.jpg?resize=400%2C438&amp;ssl=1 400w\" sizes=\"auto, (max-width: 222px) 100vw, 222px\" \/><\/a><figcaption id=\"caption-attachment-41245\" class=\"wp-caption-text\">Andr\u00e9s a sus dos a\u00f1os de vida.<\/figcaption><\/figure>\n<p>Andr\u00e9s Medina, quien es hijo de la Diagramadora de nuestro medio Ang\u00e9lica Juri y el T\u00e9cnico Industrial Claudio Medina; minero que se desempe\u00f1a como Operador de Tronaduras, hizo su ense\u00f1anza b\u00e1sica en la Escuela Jos\u00e9 de San Mart\u00edn, gan\u00f3 varias olimpiadas de matem\u00e1ticas a nivel regional y nacional, siendo becado por el Instituto Abd\u00f3n Cifuentes para realizar la ense\u00f1anza media en ese establecimiento.<\/p>\n<p>&nbsp;<\/p>\n<p><strong>A SOLAS CON\u00a0ANDR\u00c9S MEDINA<\/strong><\/p>\n<p>A este campe\u00f3n le encanta leer filosof\u00eda; es vegetariano; no le gusta el f\u00fatbol y tampoco participa en las actividades masivas, si as\u00ed se le pudieran llamar a los festivales de cueca o eventos masivos. Andr\u00e9s Medina es nieto del Gerente General de Diario El Trabajo, Miguel Ricardo Juri y el ex concejal santamariano, Pedro Medina S\u00e1nchez, este s\u00e1bado habl\u00f3 con nuestro medio ahora que por sus logros acad\u00e9micos se convirti\u00f3 en Noticia para muchos medios regionales y hasta nacionales.<\/p>\n<figure id=\"attachment_41246\" aria-describedby=\"caption-attachment-41246\" style=\"width: 370px\" class=\"wp-caption alignleft\"><a href=\"https:\/\/i0.wp.com\/www.eltrabajo.cl\/portal\/wp-content\/uploads\/2013\/12\/andres-1.jpg\"><img data-recalc-dims=\"1\" loading=\"lazy\" decoding=\"async\" class=\" wp-image-41246 \" title=\"Andr\u00e9s Ignacio en la Plaza 33 Orientales de Montevideo, Uruguay con su referente intelectual, Albert Einstein.\" alt=\"Andr\u00e9s Ignacio en la Plaza 33 Orientales de Montevideo, Uruguay con su referente intelectual, Albert Einstein.\" src=\"https:\/\/i0.wp.com\/www.eltrabajo.cl\/portal\/wp-content\/uploads\/2013\/12\/andres-1.jpg?resize=370%2C248\" width=\"370\" height=\"248\" srcset=\"https:\/\/i0.wp.com\/eltrabajo.cl\/portal\/wp-content\/uploads\/2013\/12\/andres-1.jpg?w=529&amp;ssl=1 529w, https:\/\/i0.wp.com\/eltrabajo.cl\/portal\/wp-content\/uploads\/2013\/12\/andres-1.jpg?resize=200%2C134&amp;ssl=1 200w, https:\/\/i0.wp.com\/eltrabajo.cl\/portal\/wp-content\/uploads\/2013\/12\/andres-1.jpg?resize=300%2C201&amp;ssl=1 300w, https:\/\/i0.wp.com\/eltrabajo.cl\/portal\/wp-content\/uploads\/2013\/12\/andres-1.jpg?resize=150%2C100&amp;ssl=1 150w, https:\/\/i0.wp.com\/eltrabajo.cl\/portal\/wp-content\/uploads\/2013\/12\/andres-1.jpg?resize=400%2C268&amp;ssl=1 400w\" sizes=\"auto, (max-width: 370px) 100vw, 370px\" \/><\/a><figcaption id=\"caption-attachment-41246\" class=\"wp-caption-text\">Andr\u00e9s Ignacio en la Plaza 33 Orientales de Montevideo, Uruguay con su referente intelectual, Albert Einstein.<\/figcaption><\/figure>\n<p><strong>&#8211; \u00bfCu\u00e1l fue tu reacci\u00f3n y la de tu familia?<\/strong><\/p>\n<p>&#8211; \u00abHubo euforia en la familia cuando me notificaron, no lo puedo negar, pero s\u00e9 que era de esperar, pues gracias a mi esfuerzo; el de mis profesores y familia, as\u00ed como el del Profesor del Preuniversitario, Juan Morales, este logro me fue posible, claro que estoy muy contento\u00bb.<\/p>\n<p><strong>&#8211; \u00bfEs verdad que no te gusta para nada el f\u00fatbol?<\/strong><\/p>\n<p>&#8211; \u00abAunque eso es cierto, s\u00ed me encantan aquellos deportes art\u00edsticos como las Artes Marciales, patinaje, y esgrima por ejemplo. No me llama la atenci\u00f3n el f\u00fatbol ni participar en eventos masivos, s\u00ed me gusta la buena lectura como ciencia ficci\u00f3n, filosof\u00eda; me le\u00ed los 67 cuentos de Edgar Allan Poe y por el contrario, lo que me apasiona son las artes marciales, practico desde mis seis a\u00f1os el Karate, siendo ahora Cintur\u00f3n Negro en Tang Soo Do\u00bb.<\/p>\n<figure id=\"attachment_41247\" aria-describedby=\"caption-attachment-41247\" style=\"width: 370px\" class=\"wp-caption alignright\"><a href=\"https:\/\/i0.wp.com\/www.eltrabajo.cl\/portal\/wp-content\/uploads\/2013\/12\/andres-en-paraguay.jpg\"><img data-recalc-dims=\"1\" loading=\"lazy\" decoding=\"async\" class=\"wp-image-41247 \" title=\"UN CAMPE\u00d3N.- Andr\u00e9s tambi\u00e9n golpe\u00f3 fuerte en el Campeonato Sudamericano de Asunci\u00f3n, Paraguay el 5 febrero 2011.\" alt=\"UN CAMPE\u00d3N.- Andr\u00e9s tambi\u00e9n golpe\u00f3 fuerte en el Campeonato Sudamericano de Asunci\u00f3n, Paraguay el 5 febrero 2011.\" src=\"https:\/\/i0.wp.com\/www.eltrabajo.cl\/portal\/wp-content\/uploads\/2013\/12\/andres-en-paraguay.jpg?resize=370%2C262\" width=\"370\" height=\"262\" srcset=\"https:\/\/i0.wp.com\/eltrabajo.cl\/portal\/wp-content\/uploads\/2013\/12\/andres-en-paraguay.jpg?w=528&amp;ssl=1 528w, https:\/\/i0.wp.com\/eltrabajo.cl\/portal\/wp-content\/uploads\/2013\/12\/andres-en-paraguay.jpg?resize=200%2C141&amp;ssl=1 200w, https:\/\/i0.wp.com\/eltrabajo.cl\/portal\/wp-content\/uploads\/2013\/12\/andres-en-paraguay.jpg?resize=300%2C212&amp;ssl=1 300w, https:\/\/i0.wp.com\/eltrabajo.cl\/portal\/wp-content\/uploads\/2013\/12\/andres-en-paraguay.jpg?resize=150%2C106&amp;ssl=1 150w, https:\/\/i0.wp.com\/eltrabajo.cl\/portal\/wp-content\/uploads\/2013\/12\/andres-en-paraguay.jpg?resize=400%2C283&amp;ssl=1 400w\" sizes=\"auto, (max-width: 370px) 100vw, 370px\" \/><\/a><figcaption id=\"caption-attachment-41247\" class=\"wp-caption-text\">UN CAMPE\u00d3N.- Andr\u00e9s tambi\u00e9n golpe\u00f3 fuerte en el Campeonato Sudamericano de Asunci\u00f3n, Paraguay el 5 febrero 2011.<\/figcaption><\/figure>\n<p><strong>&#8211; \u00bfTienes alg\u00fan mensaje para los estudiantes que siguen en aulas?<\/strong><\/p>\n<p>&#8211; \u00abClaro que tengo un mensaje para los que vienen atr\u00e1s, la gente puede cuantificar sus habilidades y en base a eso proponerse metas, las cuales s\u00f3lo a base de un gran esfuerzo se podr\u00e1n llevar a cabo, para los que no logres sus metas, s\u00f3lo les queda aceptar que no se esforzaron al m\u00e1ximo de sus capacidades\u00bb.<\/p>\n<p>&nbsp;<\/p>\n<p><strong>PADRES SORPRENDIDOS<\/strong><\/p>\n<p>Diario El Trabajo habl\u00f3 con los padres de Andr\u00e9s para conocer de primera mano sus reacciones en torno al logro acad\u00e9mico de su hijo, \u00ab\u00e9l siempre ha sido muy h\u00e1bil con las manos y buen talento art\u00edstico aplicado tambi\u00e9n a la pintura y a las Artes Marciales, estamos muy orgullosos de su desempe\u00f1o acad\u00e9mico, para ser sincero, yo estoy impresionado, me esperaba algo as\u00ed, lo que nunca sospech\u00e9 fue que \u00e9l fuera el \u00fanico en la provincia, eso si que me hace llorar de alegr\u00eda\u00bb, coment\u00f3 Claudio Medina, pap\u00e1 de Andr\u00e9s.<\/p>\n<figure id=\"attachment_41248\" aria-describedby=\"caption-attachment-41248\" style=\"width: 370px\" class=\"wp-caption alignleft\"><a href=\"https:\/\/i0.wp.com\/www.eltrabajo.cl\/portal\/wp-content\/uploads\/2013\/12\/todos.jpg\"><img data-recalc-dims=\"1\" loading=\"lazy\" decoding=\"async\" class=\" wp-image-41248 \" title=\"LOS MEJORES DE LA REGI\u00d3N.- Los 19 puntajes nacionales de la regi\u00f3n se distribuyeron como sigue: PSU de Lenguaje y Comunicaci\u00f3n, una estudiante; PSU de Matem\u00e1tica, catorce estudiantes; electiva de Historia y Ciencias Sociales, tres estudiantes, y optativa de Ciencias, una estudiante.\" alt=\"LOS MEJORES DE LA REGI\u00d3N.- Los 19 puntajes nacionales de la regi\u00f3n se distribuyeron como sigue: PSU de Lenguaje y Comunicaci\u00f3n, una estudiante; PSU de Matem\u00e1tica, catorce estudiantes; electiva de Historia y Ciencias Sociales, tres estudiantes, y optativa de Ciencias, una estudiante.\" src=\"https:\/\/i0.wp.com\/www.eltrabajo.cl\/portal\/wp-content\/uploads\/2013\/12\/todos.jpg?resize=370%2C255\" width=\"370\" height=\"255\" srcset=\"https:\/\/i0.wp.com\/eltrabajo.cl\/portal\/wp-content\/uploads\/2013\/12\/todos.jpg?w=529&amp;ssl=1 529w, https:\/\/i0.wp.com\/eltrabajo.cl\/portal\/wp-content\/uploads\/2013\/12\/todos.jpg?resize=200%2C137&amp;ssl=1 200w, https:\/\/i0.wp.com\/eltrabajo.cl\/portal\/wp-content\/uploads\/2013\/12\/todos.jpg?resize=300%2C206&amp;ssl=1 300w, https:\/\/i0.wp.com\/eltrabajo.cl\/portal\/wp-content\/uploads\/2013\/12\/todos.jpg?resize=150%2C103&amp;ssl=1 150w, https:\/\/i0.wp.com\/eltrabajo.cl\/portal\/wp-content\/uploads\/2013\/12\/todos.jpg?resize=400%2C275&amp;ssl=1 400w\" sizes=\"auto, (max-width: 370px) 100vw, 370px\" \/><\/a><figcaption id=\"caption-attachment-41248\" class=\"wp-caption-text\">LOS MEJORES DE LA REGI\u00d3N.- Los 19 puntajes nacionales de la regi\u00f3n se distribuyeron como sigue: PSU de Lenguaje y Comunicaci\u00f3n, una estudiante; PSU de Matem\u00e1tica, catorce estudiantes; electiva de Historia y Ciencias Sociales, tres estudiantes, y optativa de Ciencias, una estudiante.<\/figcaption><\/figure>\n<p>Ang\u00e9lica Juri Ceballos, madre de Andr\u00e9s, no ocult\u00f3 su alegr\u00eda y mientras dijo que \u00abyo tampoco esperaba que \u00e9l fuera el \u00fanico en lograrlo, nuestros celulares no han dejado de sonar, pues de varios medios del pa\u00eds nos llaman para solicitarle entrevistas al Andr\u00e9s, creo que \u00e9l se lo merece, ojala que siga cosechando esta clase de \u00e9xitos\u00bb, coment\u00f3 Juri.<\/p>\n<p>Medina Juri obtuvo 571 puntos en Lenguaje, 850 en Matem\u00e1ticas, 724 en Ciencias, alcanzando un promedio en Matem\u00e1tica\/Lenguaje de 710,5 puntos.<\/p>\n<p>19 alumnos de la regi\u00f3n con puntajes nacionales en PSU.<\/p>\n<p>Es por su gallard\u00eda y ganas de conquistar los triunfos de la Vida; por su concentraci\u00f3n absoluta para obtener un objetivo y por ser el m\u00e1ximo ejemplo acad\u00e9mico del cual todo estudiante se debe dejar influir en el Valle de Aconcagua, que quienes laboramos en Diario El Trabajo hacemos nuestro su \u00e9xito y le felicitamos p\u00fablicamente por este gran acierto intelectual.<\/p>\n<p>Roberto Gonz\u00e1lez Short<\/p>\n<p>rgonzalez@eltrabajo.cl<\/p>\n<p>&nbsp;<\/p>\n","protected":false},"excerpt":{"rendered":"<p>Puntaje Nacional ya defini\u00f3 que estudiar\u00e1 en la Universidad Federico Santamar\u00eda de Santiago, la carrera de Ingenier\u00eda Civil en Minas. Esta es la parte, en la historia de Andr\u00e9s Ignacio Medina Juri,&#8230;<\/p>\n","protected":false},"author":482,"featured_media":41244,"comment_status":"open","ping_status":"closed","sticky":false,"template":"","format":"standard","meta":{"advanced_seo_description":"","jetpack_seo_html_title":"","jetpack_seo_noindex":false,"_jetpack_memberships_contains_paid_content":false,"footnotes":""},"categories":[15],"tags":[],"class_list":["post-41243","post","type-post","status-publish","format-standard","has-post-thumbnail","hentry","category-comunidad"],"jetpack_featured_media_url":"https:\/\/i0.wp.com\/eltrabajo.cl\/portal\/wp-content\/uploads\/2013\/12\/Andres-Medina.jpg?fit=529%2C399&ssl=1","jetpack_sharing_enabled":true,"jetpack_likes_enabled":true,"jetpack-related-posts":[],"_links":{"self":[{"href":"https:\/\/eltrabajo.cl\/portal\/wp-json\/wp\/v2\/posts\/41243","targetHints":{"allow":["GET"]}}],"collection":[{"href":"https:\/\/eltrabajo.cl\/portal\/wp-json\/wp\/v2\/posts"}],"about":[{"href":"https:\/\/eltrabajo.cl\/portal\/wp-json\/wp\/v2\/types\/post"}],"author":[{"embeddable":true,"href":"https:\/\/eltrabajo.cl\/portal\/wp-json\/wp\/v2\/users\/482"}],"replies":[{"embeddable":true,"href":"https:\/\/eltrabajo.cl\/portal\/wp-json\/wp\/v2\/comments?post=41243"}],"version-history":[{"count":0,"href":"https:\/\/eltrabajo.cl\/portal\/wp-json\/wp\/v2\/posts\/41243\/revisions"}],"wp:featuredmedia":[{"embeddable":true,"href":"https:\/\/eltrabajo.cl\/portal\/wp-json\/wp\/v2\/media\/41244"}],"wp:attachment":[{"href":"https:\/\/eltrabajo.cl\/portal\/wp-json\/wp\/v2\/media?parent=41243"}],"wp:term":[{"taxonomy":"category","embeddable":true,"href":"https:\/\/eltrabajo.cl\/portal\/wp-json\/wp\/v2\/categories?post=41243"},{"taxonomy":"post_tag","embeddable":true,"href":"https:\/\/eltrabajo.cl\/portal\/wp-json\/wp\/v2\/tags?post=41243"}],"curies":[{"name":"wp","href":"https:\/\/api.w.org\/{rel}","templated":true}]}}