{"id":41252,"date":"2013-12-30T09:27:56","date_gmt":"2013-12-30T12:27:56","guid":{"rendered":"http:\/\/www.eltrabajo.cl\/portal\/?p=41252"},"modified":"2013-12-30T09:27:56","modified_gmt":"2013-12-30T12:27:56","slug":"implementaran-pena-de-prestacion-de-servicios-tras-firma-de-convenio","status":"publish","type":"post","link":"https:\/\/eltrabajo.cl\/portal\/implementaran-pena-de-prestacion-de-servicios-tras-firma-de-convenio\/","title":{"rendered":"Implementar\u00e1n Pena de Prestaci\u00f3n de Servicios tras firma de convenio"},"content":{"rendered":"<figure id=\"attachment_41253\" aria-describedby=\"caption-attachment-41253\" style=\"width: 370px\" class=\"wp-caption alignleft\"><a href=\"https:\/\/i0.wp.com\/www.eltrabajo.cl\/portal\/wp-content\/uploads\/2013\/12\/Firma-convenio-unco-gendarmeria.jpg\"><img data-recalc-dims=\"1\" loading=\"lazy\" decoding=\"async\" class=\" wp-image-41253 \" title=\"LA FIRMA.- El Coronel Manr\u00edquez y el Presidente de la Unco, Hugo Venegas, firmaron el convenio para implementar esta iniciativa en San Felipe.\" alt=\"LA FIRMA.- El Coronel Manr\u00edquez y el Presidente de la Unco, Hugo Venegas, firmaron el convenio para implementar esta iniciativa en San Felipe.\" src=\"https:\/\/i0.wp.com\/www.eltrabajo.cl\/portal\/wp-content\/uploads\/2013\/12\/Firma-convenio-unco-gendarmeria.jpg?resize=370%2C215\" width=\"370\" height=\"215\" srcset=\"https:\/\/i0.wp.com\/eltrabajo.cl\/portal\/wp-content\/uploads\/2013\/12\/Firma-convenio-unco-gendarmeria.jpg?w=528&amp;ssl=1 528w, https:\/\/i0.wp.com\/eltrabajo.cl\/portal\/wp-content\/uploads\/2013\/12\/Firma-convenio-unco-gendarmeria.jpg?resize=200%2C116&amp;ssl=1 200w, https:\/\/i0.wp.com\/eltrabajo.cl\/portal\/wp-content\/uploads\/2013\/12\/Firma-convenio-unco-gendarmeria.jpg?resize=300%2C174&amp;ssl=1 300w, https:\/\/i0.wp.com\/eltrabajo.cl\/portal\/wp-content\/uploads\/2013\/12\/Firma-convenio-unco-gendarmeria.jpg?resize=150%2C87&amp;ssl=1 150w, https:\/\/i0.wp.com\/eltrabajo.cl\/portal\/wp-content\/uploads\/2013\/12\/Firma-convenio-unco-gendarmeria.jpg?resize=400%2C232&amp;ssl=1 400w\" sizes=\"auto, (max-width: 370px) 100vw, 370px\" \/><\/a><figcaption id=\"caption-attachment-41253\" class=\"wp-caption-text\">LA FIRMA.- El Coronel Manr\u00edquez y el Presidente de la Unco, Hugo Venegas, firmaron el convenio para implementar esta iniciativa en San Felipe.<\/figcaption><\/figure>\n<p>En ceremonia realizada en la Municipalidad de San Felipe, se firm\u00f3 el convenio entre ambos organismos, sin la presencia de autoridades, lo que gener\u00f3 bastante molestia entre dirigentes y vecinos que asistieron a la actividad. En el marco de la normativa que establece el cumplimiento de una Pena de Prestaci\u00f3n de Servicios en beneficio de la comunidad, Gendarmer\u00eda firm\u00f3 este viernes un convenio con la Uni\u00f3n Comunal de Juntas de Vecinos de San Felipe, lo que permitir\u00e1 en la pr\u00e1ctica, que esta pena favorezca a las juntas vecinales de la comuna.<\/p>\n<p>La Pena de Prestaci\u00f3n de Servicios en beneficio de la comunidad, se aplica para aquellas personas que resulten condenadas a una pena privativa de libertad igual o inferior a 300 d\u00edas o tambi\u00e9n para aquellos casos donde se aplica como sanci\u00f3n penal una multa. Consiste en la realizaci\u00f3n de actividades voluntarias, no remuneradas, a favor de la comunidad o de personas en situaci\u00f3n de precariedad, coordinadas por un delegado de Gendarmer\u00eda.<\/p>\n<p>Seg\u00fan explic\u00f3 el Director Regional de Gendarmer\u00eda, Juan Carlos Manr\u00edquez, \u00abesto significa que la persona no ingresa a un recinto penal, sino que presta servicios de acuerdo a su ciencia, oficio, arte o profesi\u00f3n, en organizaciones sin fines de lucro, para que finalmente pueda resarcir esa condena, con un beneficio a la comunidad\u00bb.<\/p>\n<p>Expres\u00f3 que en el caso del convenio firmado en San Felipe, \u00abla Uni\u00f3n Comunal de Juntas de Vecinos tiene una necesidad y efectivamente, las personas que han cometido un error, puedan efectivamente colaborar con las necesidades de las organizaciones sociales, en este caso, de las juntas de vecinos\u00bb.<\/p>\n<p>A juicio del Director regional de Gendarmer\u00eda, este convenio no s\u00f3lo da cuenta de la presencia de la instituci\u00f3n en la comuna para hacer efectivo el cumplimiento de estas penas, sino tambi\u00e9n permite que las juntas de vecinos saquen provecho. A\u00f1adi\u00f3 que esta iniciativa se orienta adem\u00e1s a descongestionar el sistema penitenciario, favoreciendo el t\u00e9rmino de la sobrepoblaci\u00f3n penal en Chile, precisando que se proyecta que el impacto de la ejecuci\u00f3n de esta ley, en el primer a\u00f1o, ser\u00e1 de un 10% a nivel regional.<\/p>\n<p>&nbsp;<\/p>\n<p><strong>AUTORIDADES AUSENTES<\/strong><\/p>\n<p>En tanto, el Presidente de la Uni\u00f3n Comunal de Juntas de Vecinos de San Felipe, Hugo Venegas, manifest\u00f3 que m\u00e1s all\u00e1 de lo novedoso de esta iniciativa, para la dirigencia vecinal de la comuna, este convenio es de gran importancia, ya que les permite fortalecer el rol social de esta entidad.<\/p>\n<p>Consultado por las acciones que los condenados a este tipo de pena podr\u00edan cumplir, se\u00f1al\u00f3 que \u00abse relacionan con mejoramiento de \u00e1reas verdes, de sedes sociales, pintura, etc. Para lo que est\u00e9 estipulado, dependiendo de lo que la persona sepa hacer, porque de pronto puede saber de electricidad y arregla el sistema el\u00e9ctrico de las sedes\u00bb. Seg\u00fan se establece en el convenio, desde la Unco se asignar\u00e1n las tareas a realizar y se elaborar\u00e1 un informe para Gendarmer\u00eda, indicando del cumplimiento del trabajo indicado.<\/p>\n<p>Como punto a parte, los dirigentes vecinales encabezados por Hugo Venegas, lamentaron profundamente que en la ceremonia de firma de convenio no hubiese estado presente ninguna autoridad comunal o provincial.<\/p>\n<p>Esto, por cuanto en la cita solamente estaban dirigentes vecinales, el Director Regional de Gendarmer\u00eda y el Presidente de la Unco.<\/p>\n<p>\u00abSe lamenta mucho que no hayan estado, porque uno se da cuenta de que esto es algo realmente importante, algo que en el pa\u00eds se est\u00e1 implementando reci\u00e9n, por lo tanto es una l\u00e1stima que no hayan estado las autoridades comunales y provinciales, a pesar que les mandamos las invitaciones correspondientes\u00bb, sentenci\u00f3.<\/p>\n<p>Cabe consignar que a la misma hora en que se realizaba la ceremonia, la Gobernadora Patricia Boffa presid\u00eda el \u00faltimo Comit\u00e9 T\u00e9cnico Asesor del A\u00f1o, con jefes de servicios p\u00fablicos; mientras que el alcalde se encontraba junto a los ediles en plena sesi\u00f3n del Concejo Municipal.<\/p>\n<p>&nbsp;<\/p>\n","protected":false},"excerpt":{"rendered":"<p>En ceremonia realizada en la Municipalidad de San Felipe, se firm\u00f3 el convenio entre ambos organismos, sin la presencia de autoridades, lo que gener\u00f3 bastante molestia entre dirigentes y vecinos que asistieron&#8230;<\/p>\n","protected":false},"author":482,"featured_media":41253,"comment_status":"open","ping_status":"closed","sticky":false,"template":"","format":"standard","meta":{"advanced_seo_description":"","jetpack_seo_html_title":"","jetpack_seo_noindex":false,"_jetpack_memberships_contains_paid_content":false,"footnotes":""},"categories":[1],"tags":[],"class_list":["post-41252","post","type-post","status-publish","format-standard","has-post-thumbnail","hentry","category-cronica"],"jetpack_featured_media_url":"https:\/\/i0.wp.com\/eltrabajo.cl\/portal\/wp-content\/uploads\/2013\/12\/Firma-convenio-unco-gendarmeria.jpg?fit=528%2C307&ssl=1","jetpack_sharing_enabled":true,"jetpack_likes_enabled":true,"jetpack-related-posts":[],"_links":{"self":[{"href":"https:\/\/eltrabajo.cl\/portal\/wp-json\/wp\/v2\/posts\/41252","targetHints":{"allow":["GET"]}}],"collection":[{"href":"https:\/\/eltrabajo.cl\/portal\/wp-json\/wp\/v2\/posts"}],"about":[{"href":"https:\/\/eltrabajo.cl\/portal\/wp-json\/wp\/v2\/types\/post"}],"author":[{"embeddable":true,"href":"https:\/\/eltrabajo.cl\/portal\/wp-json\/wp\/v2\/users\/482"}],"replies":[{"embeddable":true,"href":"https:\/\/eltrabajo.cl\/portal\/wp-json\/wp\/v2\/comments?post=41252"}],"version-history":[{"count":0,"href":"https:\/\/eltrabajo.cl\/portal\/wp-json\/wp\/v2\/posts\/41252\/revisions"}],"wp:featuredmedia":[{"embeddable":true,"href":"https:\/\/eltrabajo.cl\/portal\/wp-json\/wp\/v2\/media\/41253"}],"wp:attachment":[{"href":"https:\/\/eltrabajo.cl\/portal\/wp-json\/wp\/v2\/media?parent=41252"}],"wp:term":[{"taxonomy":"category","embeddable":true,"href":"https:\/\/eltrabajo.cl\/portal\/wp-json\/wp\/v2\/categories?post=41252"},{"taxonomy":"post_tag","embeddable":true,"href":"https:\/\/eltrabajo.cl\/portal\/wp-json\/wp\/v2\/tags?post=41252"}],"curies":[{"name":"wp","href":"https:\/\/api.w.org\/{rel}","templated":true}]}}