{"id":41255,"date":"2013-12-30T09:29:53","date_gmt":"2013-12-30T12:29:53","guid":{"rendered":"http:\/\/www.eltrabajo.cl\/portal\/?p=41255"},"modified":"2013-12-30T09:29:53","modified_gmt":"2013-12-30T12:29:53","slug":"interviniendo-avenida-michimalongo-partio-bacheo-en-san-felipe","status":"publish","type":"post","link":"https:\/\/eltrabajo.cl\/portal\/interviniendo-avenida-michimalongo-partio-bacheo-en-san-felipe\/","title":{"rendered":"Interviniendo Avenida Michimalongo parti\u00f3 bacheo en San Felipe"},"content":{"rendered":"<figure id=\"attachment_41256\" aria-describedby=\"caption-attachment-41256\" style=\"width: 317px\" class=\"wp-caption alignleft\"><a href=\"https:\/\/i0.wp.com\/www.eltrabajo.cl\/portal\/wp-content\/uploads\/2013\/12\/Ricardo-Leon1.jpg\"><img data-recalc-dims=\"1\" loading=\"lazy\" decoding=\"async\" class=\" wp-image-41256 \" title=\"Ricardo Le\u00f3n, Jefe de Operaciones de la Municipalidad de San Felipe.\" alt=\"Ricardo Le\u00f3n, Jefe de Operaciones de la Municipalidad de San Felipe.\" src=\"https:\/\/i0.wp.com\/www.eltrabajo.cl\/portal\/wp-content\/uploads\/2013\/12\/Ricardo-Leon1.jpg?resize=317%2C424\" width=\"317\" height=\"424\" srcset=\"https:\/\/i0.wp.com\/eltrabajo.cl\/portal\/wp-content\/uploads\/2013\/12\/Ricardo-Leon1.jpg?w=529&amp;ssl=1 529w, https:\/\/i0.wp.com\/eltrabajo.cl\/portal\/wp-content\/uploads\/2013\/12\/Ricardo-Leon1.jpg?resize=112%2C150&amp;ssl=1 112w, https:\/\/i0.wp.com\/eltrabajo.cl\/portal\/wp-content\/uploads\/2013\/12\/Ricardo-Leon1.jpg?resize=224%2C300&amp;ssl=1 224w\" sizes=\"auto, (max-width: 317px) 100vw, 317px\" \/><\/a><figcaption id=\"caption-attachment-41256\" class=\"wp-caption-text\">Ricardo Le\u00f3n, Jefe de Operaciones de la Municipalidad de San Felipe.<\/figcaption><\/figure>\n<p>En Avenida Michimalongo, donde no ha sido f\u00e1cil la labor debido al intenso movimiento de veh\u00edculos, inici\u00f3 la semana pasada el personal de la Municipalidad de San Felipe, el trabajo de bacheo de calles, apuntando tapar principalmente los hoyos m\u00e1s pronunciados y emblem\u00e1ticos de la comuna.<\/p>\n<p>La informaci\u00f3n la entreg\u00f3 el Encargado de Operaciones de la municipalidad, Ricardo Le\u00f3n, quien se\u00f1al\u00f3 que esta labor se inici\u00f3 espec\u00edficamente el jueves, explicando que si bien se est\u00e1n elaborando proyectos para recuperar y hacer mejoramientos definitivos, por el momento esta soluci\u00f3n permite atender una sentida necesidad de la comunidad.<\/p>\n<p>\u00abPartimos con Michimalongo, pero tambi\u00e9n hicimos el sector de Miraflores, Hermanos Carrera Oriente, Julio Montero, V\u00edctor Juri, Calle Salinas con Calle 1 al fondo, as\u00ed que creo que hemos rendido bastante con el material que nos lleg\u00f3, que es de muy buena calidad, es un asfalto preparado que viene en bolsas de 20 kilos y la colocaci\u00f3n de esto en los eventos, nos permite solucionar de forma inmediata, sin tener que desviar tr\u00e1nsito, ni tener otro tipo de complejidades\u00bb, se\u00f1al\u00f3 Le\u00f3n.<\/p>\n<p>Destac\u00f3 que el municipio a trav\u00e9s de esta acci\u00f3n, est\u00e1 dando fiel cumplimiento a la exigencia de la comunidad, as\u00ed como a las instrucciones entregadas por el Alcalde Patricio Freire, que hab\u00eda dispuesto iniciar estas labores el 2 de enero, pero se decidi\u00f3 adelantar este trabajo y ya est\u00e1 en plena ejecuci\u00f3n.<\/p>\n<p>\u00abNos adelantamos con la llegada del material, as\u00ed que estamos haciendo un esfuerzo para cumplir con la comunidad y tapar los eventos y hoyos m\u00e1s emblem\u00e1ticos de la comuna\u00bb, manifest\u00f3 el Jefe de Operaciones.<\/p>\n<p>Expres\u00f3 que en base a un catastro de los eventos de las calles sanfelipe\u00f1as, se est\u00e1 realizando esta labor de bacheo, precisando que esta labor continuar\u00e1 durante todo el mes de enero, al cabo de lo cual se espera tener tapados los hoyos del damero central y del resto de la comuna. La iniciativa se est\u00e1 realizando con recursos municipales y ha considerado la utilizaci\u00f3n de diferentes tipos de materiales, con la finalidad de verificar cu\u00e1l es el m\u00e1s duradero y de calidad.<\/p>\n<p>\u00abEste \u00faltimo que compramos nos ha dado buenos resultados, porque se puede aplicar incluso en sectores donde hay agua, as\u00ed que no tiene mayor complejidad. Estamos trabajando en eso, y continuaremos todo enero realizando esta labor\u00bb, puntualiz\u00f3 Ricardo Le\u00f3n.<\/p>\n<p>&nbsp;<\/p>\n","protected":false},"excerpt":{"rendered":"<p>En Avenida Michimalongo, donde no ha sido f\u00e1cil la labor debido al intenso movimiento de veh\u00edculos, inici\u00f3 la semana pasada el personal de la Municipalidad de San Felipe, el trabajo de bacheo&#8230;<\/p>\n","protected":false},"author":482,"featured_media":41256,"comment_status":"open","ping_status":"closed","sticky":false,"template":"","format":"standard","meta":{"advanced_seo_description":"","jetpack_seo_html_title":"","jetpack_seo_noindex":false,"_jetpack_memberships_contains_paid_content":false,"footnotes":""},"categories":[1],"tags":[],"class_list":["post-41255","post","type-post","status-publish","format-standard","has-post-thumbnail","hentry","category-cronica"],"jetpack_featured_media_url":"https:\/\/i0.wp.com\/eltrabajo.cl\/portal\/wp-content\/uploads\/2013\/12\/Ricardo-Leon1.jpg?fit=529%2C706&ssl=1","jetpack_sharing_enabled":true,"jetpack_likes_enabled":true,"jetpack-related-posts":[],"_links":{"self":[{"href":"https:\/\/eltrabajo.cl\/portal\/wp-json\/wp\/v2\/posts\/41255","targetHints":{"allow":["GET"]}}],"collection":[{"href":"https:\/\/eltrabajo.cl\/portal\/wp-json\/wp\/v2\/posts"}],"about":[{"href":"https:\/\/eltrabajo.cl\/portal\/wp-json\/wp\/v2\/types\/post"}],"author":[{"embeddable":true,"href":"https:\/\/eltrabajo.cl\/portal\/wp-json\/wp\/v2\/users\/482"}],"replies":[{"embeddable":true,"href":"https:\/\/eltrabajo.cl\/portal\/wp-json\/wp\/v2\/comments?post=41255"}],"version-history":[{"count":0,"href":"https:\/\/eltrabajo.cl\/portal\/wp-json\/wp\/v2\/posts\/41255\/revisions"}],"wp:featuredmedia":[{"embeddable":true,"href":"https:\/\/eltrabajo.cl\/portal\/wp-json\/wp\/v2\/media\/41256"}],"wp:attachment":[{"href":"https:\/\/eltrabajo.cl\/portal\/wp-json\/wp\/v2\/media?parent=41255"}],"wp:term":[{"taxonomy":"category","embeddable":true,"href":"https:\/\/eltrabajo.cl\/portal\/wp-json\/wp\/v2\/categories?post=41255"},{"taxonomy":"post_tag","embeddable":true,"href":"https:\/\/eltrabajo.cl\/portal\/wp-json\/wp\/v2\/tags?post=41255"}],"curies":[{"name":"wp","href":"https:\/\/api.w.org\/{rel}","templated":true}]}}