{"id":41278,"date":"2013-12-31T09:33:45","date_gmt":"2013-12-31T12:33:45","guid":{"rendered":"http:\/\/www.eltrabajo.cl\/portal\/?p=41278"},"modified":"2013-12-31T09:33:45","modified_gmt":"2013-12-31T12:33:45","slug":"continuan-problemas-de-abastecimiento-de-agua-potable-en-quebrada-herrera","status":"publish","type":"post","link":"https:\/\/eltrabajo.cl\/portal\/continuan-problemas-de-abastecimiento-de-agua-potable-en-quebrada-herrera\/","title":{"rendered":"Contin\u00faan problemas de abastecimiento de agua potable en Quebrada Herrera"},"content":{"rendered":"<figure id=\"attachment_41279\" aria-describedby=\"caption-attachment-41279\" style=\"width: 529px\" class=\"wp-caption alignnone\"><a href=\"https:\/\/i0.wp.com\/www.eltrabajo.cl\/portal\/wp-content\/uploads\/2013\/12\/Situacion-qda.-Herra-tema-agua.jpg\"><img data-recalc-dims=\"1\" loading=\"lazy\" decoding=\"async\" class=\"size-full wp-image-41279\" title=\"Vecinos del sector conocido como callej\u00f3n Lo Aranda, en Quebrada Herrera, indicaron que llevan varios d\u00edas sin el vital elemento.\" alt=\"Vecinos del sector conocido como callej\u00f3n Lo Aranda, en Quebrada Herrera, indicaron que llevan varios d\u00edas sin el vital elemento.\" src=\"https:\/\/i0.wp.com\/www.eltrabajo.cl\/portal\/wp-content\/uploads\/2013\/12\/Situacion-qda.-Herra-tema-agua.jpg?resize=529%2C353\" width=\"529\" height=\"353\" srcset=\"https:\/\/i0.wp.com\/eltrabajo.cl\/portal\/wp-content\/uploads\/2013\/12\/Situacion-qda.-Herra-tema-agua.jpg?w=529&amp;ssl=1 529w, https:\/\/i0.wp.com\/eltrabajo.cl\/portal\/wp-content\/uploads\/2013\/12\/Situacion-qda.-Herra-tema-agua.jpg?resize=200%2C133&amp;ssl=1 200w, https:\/\/i0.wp.com\/eltrabajo.cl\/portal\/wp-content\/uploads\/2013\/12\/Situacion-qda.-Herra-tema-agua.jpg?resize=300%2C200&amp;ssl=1 300w, https:\/\/i0.wp.com\/eltrabajo.cl\/portal\/wp-content\/uploads\/2013\/12\/Situacion-qda.-Herra-tema-agua.jpg?resize=150%2C100&amp;ssl=1 150w, https:\/\/i0.wp.com\/eltrabajo.cl\/portal\/wp-content\/uploads\/2013\/12\/Situacion-qda.-Herra-tema-agua.jpg?resize=400%2C266&amp;ssl=1 400w\" sizes=\"auto, (max-width: 529px) 100vw, 529px\" \/><\/a><figcaption id=\"caption-attachment-41279\" class=\"wp-caption-text\">Vecinos del sector conocido como callej\u00f3n Lo Aranda, en Quebrada Herrera, indicaron que llevan varios d\u00edas sin el vital elemento.<\/figcaption><\/figure>\n<p><strong>PUTAENDO.<\/strong>&#8211; Varios son los sectores de Quebrada Herrera que siguen afectados por la falta de agua potable, luego que la bomba del APR del sector comenzara a fallar hace m\u00e1s de una semana.<\/p>\n<p>Durante este lunes recorrimos varios sectores de Quebrada Herrera, como el sector conocido como callej\u00f3n Lo Aranda, donde un grupo de vecinos bastante molestos indicaron que llevan varios d\u00edas sin el vital elemento y que solo en horas de la madrugada y en muy poca cantidad les llega algo de agua, lo que se repet\u00eda en sectores como calle Ortiz, calle Verdejo, El Arenal, El Peral y El Gancho.<\/p>\n<p>Juan Herrera, presidente del APR de Quebrada Herrera, confirm\u00f3 que finalmente el APR decidi\u00f3 adquirir una bomba nueva por un valor de ocho millones de pesos, la que ser\u00e1 instalada el pr\u00f3ximo d\u00eda jueves, ya que instalaron una bomba usada que seg\u00fan Herrera, ha dado soluci\u00f3n parcial al problema que afecta a los vecinos, agregando que es totalmente falso que algunos sectores lleven m\u00e1s de 15 d\u00edas sin agua, lo que por cierto es totalmente contradictorio a lo que plantean los vecinos de los sectores antes nombrados.<\/p>\n<p>En una coordinaci\u00f3n con el municipio durante este d\u00eda lunes, el pr\u00f3ximo martes, el mi\u00e9rcoles y el jueves seg\u00fan lo informado por el dirigente, camiones municipales y de bomberos repartir\u00e1n agua potable despu\u00e9s de las 17:30 horas, para suplir en parte la falencia del vital elemento que est\u00e1n presentando los sectores antes descritos.<\/p>\n<p>Juan Herrera dijo que habiendo hecho un gran esfuerzo, el APR decidi\u00f3 adquirir esta bomba por un monto millonario, aunque dijo, esta debi\u00f3 haber sido adquirida por la DOH y lament\u00f3 el poco compromiso de esa repartici\u00f3n y de la Gobernaci\u00f3n Provincial en ayudar a solucionar el problema que les aqueja por la falla de la bomba de elevaci\u00f3n del pozo de su APR.<\/p>\n<p>Patricio Gallardo M.<\/p>\n","protected":false},"excerpt":{"rendered":"<p>PUTAENDO.&#8211; Varios son los sectores de Quebrada Herrera que siguen afectados por la falta de agua potable, luego que la bomba del APR del sector comenzara a fallar hace m\u00e1s de una&#8230;<\/p>\n","protected":false},"author":482,"featured_media":41279,"comment_status":"open","ping_status":"closed","sticky":false,"template":"","format":"standard","meta":{"advanced_seo_description":"","jetpack_seo_html_title":"","jetpack_seo_noindex":false,"_jetpack_memberships_contains_paid_content":false,"footnotes":""},"categories":[15],"tags":[],"class_list":["post-41278","post","type-post","status-publish","format-standard","has-post-thumbnail","hentry","category-comunidad"],"jetpack_featured_media_url":"https:\/\/i0.wp.com\/eltrabajo.cl\/portal\/wp-content\/uploads\/2013\/12\/Situacion-qda.-Herra-tema-agua.jpg?fit=529%2C353&ssl=1","jetpack_sharing_enabled":true,"jetpack_likes_enabled":true,"jetpack-related-posts":[],"_links":{"self":[{"href":"https:\/\/eltrabajo.cl\/portal\/wp-json\/wp\/v2\/posts\/41278","targetHints":{"allow":["GET"]}}],"collection":[{"href":"https:\/\/eltrabajo.cl\/portal\/wp-json\/wp\/v2\/posts"}],"about":[{"href":"https:\/\/eltrabajo.cl\/portal\/wp-json\/wp\/v2\/types\/post"}],"author":[{"embeddable":true,"href":"https:\/\/eltrabajo.cl\/portal\/wp-json\/wp\/v2\/users\/482"}],"replies":[{"embeddable":true,"href":"https:\/\/eltrabajo.cl\/portal\/wp-json\/wp\/v2\/comments?post=41278"}],"version-history":[{"count":0,"href":"https:\/\/eltrabajo.cl\/portal\/wp-json\/wp\/v2\/posts\/41278\/revisions"}],"wp:featuredmedia":[{"embeddable":true,"href":"https:\/\/eltrabajo.cl\/portal\/wp-json\/wp\/v2\/media\/41279"}],"wp:attachment":[{"href":"https:\/\/eltrabajo.cl\/portal\/wp-json\/wp\/v2\/media?parent=41278"}],"wp:term":[{"taxonomy":"category","embeddable":true,"href":"https:\/\/eltrabajo.cl\/portal\/wp-json\/wp\/v2\/categories?post=41278"},{"taxonomy":"post_tag","embeddable":true,"href":"https:\/\/eltrabajo.cl\/portal\/wp-json\/wp\/v2\/tags?post=41278"}],"curies":[{"name":"wp","href":"https:\/\/api.w.org\/{rel}","templated":true}]}}