{"id":41281,"date":"2013-12-31T09:39:40","date_gmt":"2013-12-31T12:39:40","guid":{"rendered":"http:\/\/www.eltrabajo.cl\/portal\/?p=41281"},"modified":"2013-12-31T09:39:40","modified_gmt":"2013-12-31T12:39:40","slug":"a-partir-del-lunes-repararan-danos-que-presentan-rampas-del-skate-park","status":"publish","type":"post","link":"https:\/\/eltrabajo.cl\/portal\/a-partir-del-lunes-repararan-danos-que-presentan-rampas-del-skate-park\/","title":{"rendered":"A partir del lunes reparar\u00e1n da\u00f1os que presentan rampas del Skate Park"},"content":{"rendered":"<figure id=\"attachment_41282\" aria-describedby=\"caption-attachment-41282\" style=\"width: 529px\" class=\"wp-caption alignnone\"><a href=\"https:\/\/i0.wp.com\/www.eltrabajo.cl\/portal\/wp-content\/uploads\/2013\/12\/skate-park.jpg\"><img data-recalc-dims=\"1\" loading=\"lazy\" decoding=\"async\" class=\"size-full wp-image-41282\" title=\"La idea es resolver la totalidad de las falencias que presta el skate park, lo que permitir\u00e1 reducir el riesgo de accidentes para los j\u00f3venes que practican en este espacio.\" alt=\"La idea es resolver la totalidad de las falencias que presta el skate park, lo que permitir\u00e1 reducir el riesgo de accidentes para los j\u00f3venes que practican en este espacio.\" src=\"https:\/\/i0.wp.com\/www.eltrabajo.cl\/portal\/wp-content\/uploads\/2013\/12\/skate-park.jpg?resize=529%2C397\" width=\"529\" height=\"397\" srcset=\"https:\/\/i0.wp.com\/eltrabajo.cl\/portal\/wp-content\/uploads\/2013\/12\/skate-park.jpg?w=529&amp;ssl=1 529w, https:\/\/i0.wp.com\/eltrabajo.cl\/portal\/wp-content\/uploads\/2013\/12\/skate-park.jpg?resize=200%2C150&amp;ssl=1 200w, https:\/\/i0.wp.com\/eltrabajo.cl\/portal\/wp-content\/uploads\/2013\/12\/skate-park.jpg?resize=300%2C225&amp;ssl=1 300w, https:\/\/i0.wp.com\/eltrabajo.cl\/portal\/wp-content\/uploads\/2013\/12\/skate-park.jpg?resize=150%2C112&amp;ssl=1 150w, https:\/\/i0.wp.com\/eltrabajo.cl\/portal\/wp-content\/uploads\/2013\/12\/skate-park.jpg?resize=400%2C300&amp;ssl=1 400w\" sizes=\"auto, (max-width: 529px) 100vw, 529px\" \/><\/a><figcaption id=\"caption-attachment-41282\" class=\"wp-caption-text\">La idea es resolver la totalidad de las falencias que presta el skate park, lo que permitir\u00e1 reducir el riesgo de accidentes para los j\u00f3venes que practican en este espacio.<\/figcaption><\/figure>\n<p>La profesional de la Direcci\u00f3n de Obras Municipales, Mar\u00eda Alejandra L\u00f3pez, confirm\u00f3 que para este lunes 6 de enero, est\u00e1 contemplado el inicio de los trabajos de reparaci\u00f3n de las estructuras que conforman el Skate Park en la Alameda Yungay, el que fue inaugurado el pasado 20 de diciembre.<\/p>\n<figure id=\"attachment_41283\" aria-describedby=\"caption-attachment-41283\" style=\"width: 190px\" class=\"wp-caption alignright\"><a href=\"https:\/\/i0.wp.com\/www.eltrabajo.cl\/portal\/wp-content\/uploads\/2013\/12\/Maria-Alejandra-Lopez.jpg\"><img data-recalc-dims=\"1\" loading=\"lazy\" decoding=\"async\" class=\" wp-image-41283  \" title=\"Mar\u00eda Alejandra L\u00f3pez, profesional de la Direcci\u00f3n de Obras Municipales.\" alt=\"Mar\u00eda Alejandra L\u00f3pez, profesional de la Direcci\u00f3n de Obras Municipales.\" src=\"https:\/\/i0.wp.com\/www.eltrabajo.cl\/portal\/wp-content\/uploads\/2013\/12\/Maria-Alejandra-Lopez.jpg?resize=190%2C254\" width=\"190\" height=\"254\" srcset=\"https:\/\/i0.wp.com\/eltrabajo.cl\/portal\/wp-content\/uploads\/2013\/12\/Maria-Alejandra-Lopez.jpg?w=529&amp;ssl=1 529w, https:\/\/i0.wp.com\/eltrabajo.cl\/portal\/wp-content\/uploads\/2013\/12\/Maria-Alejandra-Lopez.jpg?resize=112%2C150&amp;ssl=1 112w, https:\/\/i0.wp.com\/eltrabajo.cl\/portal\/wp-content\/uploads\/2013\/12\/Maria-Alejandra-Lopez.jpg?resize=224%2C300&amp;ssl=1 224w, https:\/\/i0.wp.com\/eltrabajo.cl\/portal\/wp-content\/uploads\/2013\/12\/Maria-Alejandra-Lopez.jpg?resize=400%2C533&amp;ssl=1 400w\" sizes=\"auto, (max-width: 190px) 100vw, 190px\" \/><\/a><figcaption id=\"caption-attachment-41283\" class=\"wp-caption-text\">Mar\u00eda Alejandra L\u00f3pez, profesional de la Direcci\u00f3n de Obras Municipales.<\/figcaption><\/figure>\n<p>Seg\u00fan dijo, el proyecto se realiz\u00f3 de acuerdo a todas las especificaciones t\u00e9cnicas definidas por la Direcci\u00f3n de Obras de la municipalidad de San Felipe, no obstante se han presentado algunos \u2018detalles\u2019, respecto de los cuales manifest\u00f3 que se lleg\u00f3 a un acuerdo con el contratista para realizar los trabajos de reparaci\u00f3n.<\/p>\n<p>\u201cTambi\u00e9n hemos estado intercambiando opiniones con los j\u00f3venes de San Felipe Skate, que han aportado bastante a este proceso, puesto que ellos tambi\u00e9n monitorearon la construcci\u00f3n. Por lo tanto, vamos a trabajar con ellos, ya que aqu\u00ed hay un tema de uso, no est\u00e1 asociado a un tema de construcci\u00f3n\u201d, se\u00f1al\u00f3 la profesional.<\/p>\n<figure id=\"attachment_41284\" aria-describedby=\"caption-attachment-41284\" style=\"width: 190px\" class=\"wp-caption alignleft\"><a href=\"https:\/\/i0.wp.com\/www.eltrabajo.cl\/portal\/wp-content\/uploads\/2013\/12\/Francisco-Basaez.jpg\"><img data-recalc-dims=\"1\" loading=\"lazy\" decoding=\"async\" class=\" wp-image-41284  \" title=\"Francisco Bas\u00e1ez, dirigente de San Felipe Skate.\" alt=\"Francisco Bas\u00e1ez, dirigente de San Felipe Skate.\" src=\"https:\/\/i0.wp.com\/www.eltrabajo.cl\/portal\/wp-content\/uploads\/2013\/12\/Francisco-Basaez.jpg?resize=190%2C254\" width=\"190\" height=\"254\" srcset=\"https:\/\/i0.wp.com\/eltrabajo.cl\/portal\/wp-content\/uploads\/2013\/12\/Francisco-Basaez.jpg?w=529&amp;ssl=1 529w, https:\/\/i0.wp.com\/eltrabajo.cl\/portal\/wp-content\/uploads\/2013\/12\/Francisco-Basaez.jpg?resize=112%2C150&amp;ssl=1 112w, https:\/\/i0.wp.com\/eltrabajo.cl\/portal\/wp-content\/uploads\/2013\/12\/Francisco-Basaez.jpg?resize=224%2C300&amp;ssl=1 224w, https:\/\/i0.wp.com\/eltrabajo.cl\/portal\/wp-content\/uploads\/2013\/12\/Francisco-Basaez.jpg?resize=400%2C533&amp;ssl=1 400w\" sizes=\"auto, (max-width: 190px) 100vw, 190px\" \/><\/a><figcaption id=\"caption-attachment-41284\" class=\"wp-caption-text\">Francisco Bas\u00e1ez, dirigente de San Felipe Skate.<\/figcaption><\/figure>\n<p>A\u00f1adi\u00f3 que \u201cel proyecto no tiene mayores complicaciones, ni problemas de construcci\u00f3n. Hay detalles que vamos a ir modificando y mejorando a partir del d\u00eda 6\u201d.<\/p>\n<p>Mar\u00eda Alejandra L\u00f3pez se\u00f1al\u00f3 que el skate park fue recepcionado provisoriamente, por lo que en este caso, la ejecuci\u00f3n de los trabajos de reparaci\u00f3n son oportunos, en tanto que la recepci\u00f3n definitiva se realiza al cabo de un a\u00f1o y por lo tanto, el contratista tendr\u00e1 que realizar los mejoramientos correspondientes.<\/p>\n<p>Explic\u00f3 que \u201chay un tema de uso, un tema de roce, hay varias cosas que van afectando el proyecto, pero m\u00e1s all\u00e1 de verlo como una problem\u00e1tica, esto lo vemos como soluciones constructivas y como aprendizaje para nuevos proyectos\u201d.<\/p>\n<p>En tanto, el dirigente de San Felipe Skate, Francisco Bas\u00e1ez, se mostr\u00f3 conforme con la respuesta que les entreg\u00f3 la municipalidad a sus inquietudes por el deterioro que est\u00e1 presentando la pista. A\u00f1adi\u00f3 que la agrupaci\u00f3n que \u00e9l integra, no busca generar pol\u00e9micas, no obstante reconoci\u00f3 que exist\u00eda preocupaci\u00f3n.<\/p>\n<p>\u201cNuestra idea no era generar confrontaci\u00f3n, ni cosas negativas, sino que busc\u00e1bamos son soluciones r\u00e1pidas, para evitar problemas, para evitar accidentes y que la pista siga su funcionamiento normal\u201d, se\u00f1al\u00f3.<\/p>\n<p>El joven deportista dijo que en promedio, unos cincuenta j\u00f3venes ocupan esta pista, cifra que aumenta considerablemente los fines de semana, destacando que ha llegado gente de distintas comunas e incluso de Valpara\u00edso, que han manifestado su satisfacci\u00f3n por este espacio ganado por los skaters.<\/p>\n<p>Precis\u00f3 que si bien es esperable que la pista se deteriore, esto no puede ocurrir tan pronto, por lo mismo es que ellos se acercaron al municipio a pedir que se tomen cartas en el asunto, valorando en este sentido la favorable respuesta de las autoridades comunales.<\/p>\n<p>&nbsp;<\/p>\n","protected":false},"excerpt":{"rendered":"<p>La profesional de la Direcci\u00f3n de Obras Municipales, Mar\u00eda Alejandra L\u00f3pez, confirm\u00f3 que para este lunes 6 de enero, est\u00e1 contemplado el inicio de los trabajos de reparaci\u00f3n de las estructuras que&#8230;<\/p>\n","protected":false},"author":482,"featured_media":41282,"comment_status":"open","ping_status":"closed","sticky":false,"template":"","format":"standard","meta":{"advanced_seo_description":"","jetpack_seo_html_title":"","jetpack_seo_noindex":false,"_jetpack_memberships_contains_paid_content":false,"footnotes":""},"categories":[1],"tags":[],"class_list":["post-41281","post","type-post","status-publish","format-standard","has-post-thumbnail","hentry","category-cronica"],"jetpack_featured_media_url":"https:\/\/i0.wp.com\/eltrabajo.cl\/portal\/wp-content\/uploads\/2013\/12\/skate-park.jpg?fit=529%2C397&ssl=1","jetpack_sharing_enabled":true,"jetpack_likes_enabled":true,"jetpack-related-posts":[],"_links":{"self":[{"href":"https:\/\/eltrabajo.cl\/portal\/wp-json\/wp\/v2\/posts\/41281","targetHints":{"allow":["GET"]}}],"collection":[{"href":"https:\/\/eltrabajo.cl\/portal\/wp-json\/wp\/v2\/posts"}],"about":[{"href":"https:\/\/eltrabajo.cl\/portal\/wp-json\/wp\/v2\/types\/post"}],"author":[{"embeddable":true,"href":"https:\/\/eltrabajo.cl\/portal\/wp-json\/wp\/v2\/users\/482"}],"replies":[{"embeddable":true,"href":"https:\/\/eltrabajo.cl\/portal\/wp-json\/wp\/v2\/comments?post=41281"}],"version-history":[{"count":0,"href":"https:\/\/eltrabajo.cl\/portal\/wp-json\/wp\/v2\/posts\/41281\/revisions"}],"wp:featuredmedia":[{"embeddable":true,"href":"https:\/\/eltrabajo.cl\/portal\/wp-json\/wp\/v2\/media\/41282"}],"wp:attachment":[{"href":"https:\/\/eltrabajo.cl\/portal\/wp-json\/wp\/v2\/media?parent=41281"}],"wp:term":[{"taxonomy":"category","embeddable":true,"href":"https:\/\/eltrabajo.cl\/portal\/wp-json\/wp\/v2\/categories?post=41281"},{"taxonomy":"post_tag","embeddable":true,"href":"https:\/\/eltrabajo.cl\/portal\/wp-json\/wp\/v2\/tags?post=41281"}],"curies":[{"name":"wp","href":"https:\/\/api.w.org\/{rel}","templated":true}]}}