{"id":41288,"date":"2013-12-31T09:48:16","date_gmt":"2013-12-31T12:48:16","guid":{"rendered":"http:\/\/www.eltrabajo.cl\/portal\/?p=41288"},"modified":"2013-12-31T09:48:16","modified_gmt":"2013-12-31T12:48:16","slug":"muere-a-sus-41-anos-el-dueno-de-carniceria-la-pergola","status":"publish","type":"post","link":"https:\/\/eltrabajo.cl\/portal\/muere-a-sus-41-anos-el-dueno-de-carniceria-la-pergola\/","title":{"rendered":"Muere a sus 41 a\u00f1os el due\u00f1o de Carnicer\u00eda La P\u00e9rgola"},"content":{"rendered":"<figure id=\"attachment_41289\" aria-describedby=\"caption-attachment-41289\" style=\"width: 190px\" class=\"wp-caption alignleft\"><a href=\"https:\/\/i0.wp.com\/www.eltrabajo.cl\/portal\/wp-content\/uploads\/2013\/12\/Manuel-Gonzalo-Rozas-Cordova.jpg\"><img data-recalc-dims=\"1\" loading=\"lazy\" decoding=\"async\" class=\" wp-image-41289  \" title=\"FALLECIDO.- Manuel Gonzalo Rozas C\u00f3rdova, falleci\u00f3 a sus 41 a\u00f1os, no ten\u00eda hijos, pero s\u00ed muchos amigos que hoy le lloran.\" alt=\"FALLECIDO.- Manuel Gonzalo Rozas C\u00f3rdova, falleci\u00f3 a sus 41 a\u00f1os, no ten\u00eda hijos, pero s\u00ed muchos amigos que hoy le lloran.\" src=\"https:\/\/i0.wp.com\/www.eltrabajo.cl\/portal\/wp-content\/uploads\/2013\/12\/Manuel-Gonzalo-Rozas-Cordova.jpg?resize=190%2C195\" width=\"190\" height=\"195\" srcset=\"https:\/\/i0.wp.com\/eltrabajo.cl\/portal\/wp-content\/uploads\/2013\/12\/Manuel-Gonzalo-Rozas-Cordova.jpg?w=529&amp;ssl=1 529w, https:\/\/i0.wp.com\/eltrabajo.cl\/portal\/wp-content\/uploads\/2013\/12\/Manuel-Gonzalo-Rozas-Cordova.jpg?resize=146%2C150&amp;ssl=1 146w, https:\/\/i0.wp.com\/eltrabajo.cl\/portal\/wp-content\/uploads\/2013\/12\/Manuel-Gonzalo-Rozas-Cordova.jpg?resize=293%2C300&amp;ssl=1 293w, https:\/\/i0.wp.com\/eltrabajo.cl\/portal\/wp-content\/uploads\/2013\/12\/Manuel-Gonzalo-Rozas-Cordova.jpg?resize=400%2C409&amp;ssl=1 400w\" sizes=\"auto, (max-width: 190px) 100vw, 190px\" \/><\/a><figcaption id=\"caption-attachment-41289\" class=\"wp-caption-text\">FALLECIDO.- Manuel Gonzalo Rozas C\u00f3rdova, falleci\u00f3 a sus 41 a\u00f1os, no ten\u00eda hijos, pero s\u00ed muchos amigos que hoy le lloran.<\/figcaption><\/figure>\n<p>Compartiendo de una tertulia con sus amigos en una vivienda de \u00e9stos y al filo de las 22:00 horas del s\u00e1bado, un fulminante infarto le llev\u00f3 en s\u00f3lo unos segundos y tras intervenir los presentes, a ser uno de los pacientes graves en Urgencias del Hospital San Camilo, en donde falleci\u00f3 dos horas m\u00e1s tarde Manuel Gonzalo Rozas C\u00f3rdova, de 41 a\u00f1os y due\u00f1o de la popular Carnicer\u00eda La P\u00e9rgola.<\/p>\n<p>La noticia del fallecimiento de este conocido empresario, retumb\u00f3 en todos los rincones del Valle de Aconcagua, pues era una persona muy amigable y tambi\u00e9n querida especialmente en Almendral de San Felipe, en donde al mediod\u00eda de este lunes fue despedido por cientos de amigos y los angustiados familiares.<\/p>\n<figure id=\"attachment_41291\" aria-describedby=\"caption-attachment-41291\" style=\"width: 190px\" class=\"wp-caption alignright\"><a href=\"https:\/\/i0.wp.com\/www.eltrabajo.cl\/portal\/wp-content\/uploads\/2013\/12\/Luis-Lara.jpg\"><img data-recalc-dims=\"1\" loading=\"lazy\" decoding=\"async\" class=\" wp-image-41291  \" title=\"SU MEJOR AMIGO.- Mejor amigo de Manuel Gonzalo, Luis Lara.\" alt=\"SU MEJOR AMIGO.- Mejor amigo de Manuel Gonzalo, Luis Lara.\" src=\"https:\/\/i0.wp.com\/www.eltrabajo.cl\/portal\/wp-content\/uploads\/2013\/12\/Luis-Lara.jpg?resize=190%2C173\" width=\"190\" height=\"173\" srcset=\"https:\/\/i0.wp.com\/eltrabajo.cl\/portal\/wp-content\/uploads\/2013\/12\/Luis-Lara.jpg?w=529&amp;ssl=1 529w, https:\/\/i0.wp.com\/eltrabajo.cl\/portal\/wp-content\/uploads\/2013\/12\/Luis-Lara.jpg?resize=164%2C150&amp;ssl=1 164w, https:\/\/i0.wp.com\/eltrabajo.cl\/portal\/wp-content\/uploads\/2013\/12\/Luis-Lara.jpg?resize=300%2C273&amp;ssl=1 300w, https:\/\/i0.wp.com\/eltrabajo.cl\/portal\/wp-content\/uploads\/2013\/12\/Luis-Lara.jpg?resize=150%2C136&amp;ssl=1 150w, https:\/\/i0.wp.com\/eltrabajo.cl\/portal\/wp-content\/uploads\/2013\/12\/Luis-Lara.jpg?resize=400%2C364&amp;ssl=1 400w\" sizes=\"auto, (max-width: 190px) 100vw, 190px\" \/><\/a><figcaption id=\"caption-attachment-41291\" class=\"wp-caption-text\">SU MEJOR AMIGO.- Mejor amigo de Manuel Gonzalo, Luis Lara.<\/figcaption><\/figure>\n<p>&#8211;<\/p>\n<p>&nbsp;<\/p>\n<p><strong>DURO GOLPE<\/strong><\/p>\n<p>\u00abSus amigos estamos impresionados con lo ocurrido a Gonzalo, \u00e9l era \u2018un ni\u00f1o bueno\u2019, pues desde que le conoc\u00ed a sus doce a\u00f1os, cultiv\u00e9 con \u00e9l una sana amistad, que nunca se rompi\u00f3 en todos estos a\u00f1os. Manuel no era un mal hombre, era honesto; transparente; nunca le busc\u00f3 el mal a nadie y siempre fue servicial\u00bb, coment\u00f3 a Diario El Trabajo el ex profesor del ahora Finado en la Escuela Almendral, Psic\u00f3logo Francisco Gonz\u00e1lez Collantes, quien visiblemente afectado acompa\u00f1\u00f3 a su amigo a su \u00daItima Morada.<\/p>\n<figure id=\"attachment_41293\" aria-describedby=\"caption-attachment-41293\" style=\"width: 190px\" class=\"wp-caption alignleft\"><a href=\"https:\/\/i0.wp.com\/www.eltrabajo.cl\/portal\/wp-content\/uploads\/2013\/12\/Francisco-Gonzalez.jpg\"><img data-recalc-dims=\"1\" loading=\"lazy\" decoding=\"async\" class=\" wp-image-41293  \" title=\"SU PROFESOR.- Ex profesor del ahora Finado en la Escuela Almendral, Psic\u00f3logo Francisco Gonz\u00e1lez Collantes.\" alt=\"SU PROFESOR.- Ex profesor del ahora Finado en la Escuela Almendral, Psic\u00f3logo Francisco Gonz\u00e1lez Collantes.\" src=\"https:\/\/i0.wp.com\/www.eltrabajo.cl\/portal\/wp-content\/uploads\/2013\/12\/Francisco-Gonzalez.jpg?resize=190%2C182\" width=\"190\" height=\"182\" srcset=\"https:\/\/i0.wp.com\/eltrabajo.cl\/portal\/wp-content\/uploads\/2013\/12\/Francisco-Gonzalez.jpg?w=529&amp;ssl=1 529w, https:\/\/i0.wp.com\/eltrabajo.cl\/portal\/wp-content\/uploads\/2013\/12\/Francisco-Gonzalez.jpg?resize=157%2C150&amp;ssl=1 157w, https:\/\/i0.wp.com\/eltrabajo.cl\/portal\/wp-content\/uploads\/2013\/12\/Francisco-Gonzalez.jpg?resize=300%2C286&amp;ssl=1 300w, https:\/\/i0.wp.com\/eltrabajo.cl\/portal\/wp-content\/uploads\/2013\/12\/Francisco-Gonzalez.jpg?resize=150%2C143&amp;ssl=1 150w, https:\/\/i0.wp.com\/eltrabajo.cl\/portal\/wp-content\/uploads\/2013\/12\/Francisco-Gonzalez.jpg?resize=400%2C381&amp;ssl=1 400w\" sizes=\"auto, (max-width: 190px) 100vw, 190px\" \/><\/a><figcaption id=\"caption-attachment-41293\" class=\"wp-caption-text\">SU PROFESOR.- Ex profesor del ahora Finado en la Escuela Almendral, Psic\u00f3logo Francisco Gonz\u00e1lez Collantes.<\/figcaption><\/figure>\n<p>Manuel Gonzalo no ten\u00eda hijos; era hijo de Jos\u00e9 Ram\u00f3n Rozas y Mar\u00eda Magdalena C\u00f3rdova, quienes fundaron la carnicer\u00eda que \u00e9l hered\u00f3 al fallecer ellos.<\/p>\n<p>\u00abEstamos muy dolidos, no encuentro palabras con facilidad para externar todo el dolor que nos abruma con su partida, sus hermanos Ricardo, Mar\u00eda Elena y su sobrinita Valentina, as\u00ed como sus m\u00e1s \u00edntimos amigos, estamos apenas intentando despertar de este mal sue\u00f1o, nos dej\u00f3 un buen hombre\u00bb, coment\u00f3 entre l\u00e1grimas el Mejor Amigo de Manuel Gonzalo, Luis Lara, quien se identific\u00f3 emotivamente como tal durante muchos a\u00f1os.<\/p>\n<figure id=\"attachment_41290\" aria-describedby=\"caption-attachment-41290\" style=\"width: 423px\" class=\"wp-caption alignright\"><a href=\"https:\/\/i0.wp.com\/www.eltrabajo.cl\/portal\/wp-content\/uploads\/2013\/12\/Funerales1.jpg\"><img data-recalc-dims=\"1\" loading=\"lazy\" decoding=\"async\" class=\" wp-image-41290 \" title=\"SE FUE.- Con toda la carga sobre sus hombres del Adi\u00f3s Definitivo al amigo que nunca volver\u00e1, despidieron este lunes a Manuel Gonzalo Rozas C\u00f3rdova, tras su fulminante muerte.\" alt=\"SE FUE.- Con toda la carga sobre sus hombres del Adi\u00f3s Definitivo al amigo que nunca volver\u00e1, despidieron este lunes a Manuel Gonzalo Rozas C\u00f3rdova, tras su fulminante muerte.\" src=\"https:\/\/i0.wp.com\/www.eltrabajo.cl\/portal\/wp-content\/uploads\/2013\/12\/Funerales1.jpg?resize=423%2C322\" width=\"423\" height=\"322\" srcset=\"https:\/\/i0.wp.com\/eltrabajo.cl\/portal\/wp-content\/uploads\/2013\/12\/Funerales1.jpg?w=529&amp;ssl=1 529w, https:\/\/i0.wp.com\/eltrabajo.cl\/portal\/wp-content\/uploads\/2013\/12\/Funerales1.jpg?resize=196%2C150&amp;ssl=1 196w, https:\/\/i0.wp.com\/eltrabajo.cl\/portal\/wp-content\/uploads\/2013\/12\/Funerales1.jpg?resize=300%2C228&amp;ssl=1 300w, https:\/\/i0.wp.com\/eltrabajo.cl\/portal\/wp-content\/uploads\/2013\/12\/Funerales1.jpg?resize=150%2C114&amp;ssl=1 150w, https:\/\/i0.wp.com\/eltrabajo.cl\/portal\/wp-content\/uploads\/2013\/12\/Funerales1.jpg?resize=400%2C304&amp;ssl=1 400w\" sizes=\"auto, (max-width: 423px) 100vw, 423px\" \/><\/a><figcaption id=\"caption-attachment-41290\" class=\"wp-caption-text\">SE FUE.- Con toda la carga sobre sus hombres del Adi\u00f3s Definitivo al amigo que nunca volver\u00e1, despidieron este lunes a Manuel Gonzalo Rozas C\u00f3rdova, tras su fulminante muerte.<\/figcaption><\/figure>\n<p>Los funerales se realizaron con una Misa en la Parroquia San Antonio de Padua en Almendral, Manuel Gonzalo fue sepultado en el Cementerio Municipal una hora despu\u00e9s. Quienes laboramos en Diario El Trabajo expresamos nuestro sincero y sentido P\u00e9same a sus familiares y amistades.<\/p>\n<p>Roberto Gonz\u00e1lez Short<\/p>\n<p>rgonzalez@eltrabajo.cl<\/p>\n<p>&nbsp;<\/p>\n","protected":false},"excerpt":{"rendered":"<p>Compartiendo de una tertulia con sus amigos en una vivienda de \u00e9stos y al filo de las 22:00 horas del s\u00e1bado, un fulminante infarto le llev\u00f3 en s\u00f3lo unos segundos y tras&#8230;<\/p>\n","protected":false},"author":482,"featured_media":41289,"comment_status":"open","ping_status":"closed","sticky":false,"template":"","format":"standard","meta":{"advanced_seo_description":"","jetpack_seo_html_title":"","jetpack_seo_noindex":false,"_jetpack_memberships_contains_paid_content":false,"footnotes":""},"categories":[15],"tags":[],"class_list":["post-41288","post","type-post","status-publish","format-standard","has-post-thumbnail","hentry","category-comunidad"],"jetpack_featured_media_url":"https:\/\/i0.wp.com\/eltrabajo.cl\/portal\/wp-content\/uploads\/2013\/12\/Manuel-Gonzalo-Rozas-Cordova.jpg?fit=529%2C541&ssl=1","jetpack_sharing_enabled":true,"jetpack_likes_enabled":true,"jetpack-related-posts":[],"_links":{"self":[{"href":"https:\/\/eltrabajo.cl\/portal\/wp-json\/wp\/v2\/posts\/41288","targetHints":{"allow":["GET"]}}],"collection":[{"href":"https:\/\/eltrabajo.cl\/portal\/wp-json\/wp\/v2\/posts"}],"about":[{"href":"https:\/\/eltrabajo.cl\/portal\/wp-json\/wp\/v2\/types\/post"}],"author":[{"embeddable":true,"href":"https:\/\/eltrabajo.cl\/portal\/wp-json\/wp\/v2\/users\/482"}],"replies":[{"embeddable":true,"href":"https:\/\/eltrabajo.cl\/portal\/wp-json\/wp\/v2\/comments?post=41288"}],"version-history":[{"count":0,"href":"https:\/\/eltrabajo.cl\/portal\/wp-json\/wp\/v2\/posts\/41288\/revisions"}],"wp:featuredmedia":[{"embeddable":true,"href":"https:\/\/eltrabajo.cl\/portal\/wp-json\/wp\/v2\/media\/41289"}],"wp:attachment":[{"href":"https:\/\/eltrabajo.cl\/portal\/wp-json\/wp\/v2\/media?parent=41288"}],"wp:term":[{"taxonomy":"category","embeddable":true,"href":"https:\/\/eltrabajo.cl\/portal\/wp-json\/wp\/v2\/categories?post=41288"},{"taxonomy":"post_tag","embeddable":true,"href":"https:\/\/eltrabajo.cl\/portal\/wp-json\/wp\/v2\/tags?post=41288"}],"curies":[{"name":"wp","href":"https:\/\/api.w.org\/{rel}","templated":true}]}}