{"id":41298,"date":"2013-12-31T09:59:12","date_gmt":"2013-12-31T12:59:12","guid":{"rendered":"http:\/\/www.eltrabajo.cl\/portal\/?p=41298"},"modified":"2013-12-31T09:59:12","modified_gmt":"2013-12-31T12:59:12","slug":"denuncian-al-colegio-pumanque-por-expulsar-a-alumno-sin-motivo","status":"publish","type":"post","link":"https:\/\/eltrabajo.cl\/portal\/denuncian-al-colegio-pumanque-por-expulsar-a-alumno-sin-motivo\/","title":{"rendered":"Denuncian al Colegio Pumanque por expulsar a alumno sin motivo"},"content":{"rendered":"<figure id=\"attachment_41299\" aria-describedby=\"caption-attachment-41299\" style=\"width: 317px\" class=\"wp-caption alignleft\"><a href=\"https:\/\/i0.wp.com\/www.eltrabajo.cl\/portal\/wp-content\/uploads\/2013\/12\/Mabel-Tapia.jpg\"><img data-recalc-dims=\"1\" loading=\"lazy\" decoding=\"async\" class=\"wp-image-41299 \" title=\"MUY OFENDIDA.- Mabel Tapia, apoderada y madre de \u2018Vicente\u2019, asegura que se siente muy ofendida.\" alt=\"MUY OFENDIDA.- Mabel Tapia, apoderada y madre de \u2018Vicente\u2019, asegura que se siente muy ofendida.\" src=\"https:\/\/i0.wp.com\/www.eltrabajo.cl\/portal\/wp-content\/uploads\/2013\/12\/Mabel-Tapia.jpg?resize=317%2C311\" width=\"317\" height=\"311\" srcset=\"https:\/\/i0.wp.com\/eltrabajo.cl\/portal\/wp-content\/uploads\/2013\/12\/Mabel-Tapia.jpg?w=529&amp;ssl=1 529w, https:\/\/i0.wp.com\/eltrabajo.cl\/portal\/wp-content\/uploads\/2013\/12\/Mabel-Tapia.jpg?resize=153%2C150&amp;ssl=1 153w, https:\/\/i0.wp.com\/eltrabajo.cl\/portal\/wp-content\/uploads\/2013\/12\/Mabel-Tapia.jpg?resize=300%2C293&amp;ssl=1 300w, https:\/\/i0.wp.com\/eltrabajo.cl\/portal\/wp-content\/uploads\/2013\/12\/Mabel-Tapia.jpg?resize=150%2C146&amp;ssl=1 150w, https:\/\/i0.wp.com\/eltrabajo.cl\/portal\/wp-content\/uploads\/2013\/12\/Mabel-Tapia.jpg?resize=400%2C391&amp;ssl=1 400w\" sizes=\"auto, (max-width: 317px) 100vw, 317px\" \/><\/a><figcaption id=\"caption-attachment-41299\" class=\"wp-caption-text\">MUY OFENDIDA.- Mabel Tapia, apoderada y madre de \u2018Vicente\u2019, asegura que se siente muy ofendida.<\/figcaption><\/figure>\n<p>Afirmando que su hijo fue expulsado sin explicaci\u00f3n ni justificaci\u00f3n alguna del Colegio Pumanke por su director, Nelson Jarpa, visit\u00f3 la Sala de Redacci\u00f3n de Diario El Trabajo la madre del menor Mabel Tapia Urrutia, quien asegur\u00f3 a nuestro medio que tampoco le han entregado los papeles para poder matricular a su peque\u00f1o en otro centro educativo.<\/p>\n<p>\u00abMi hijo Vicente fue expulsado del Colegio Pumanke sin motivo ni raz\u00f3n, pues \u00e9l nunca ha tenido problemas en clases, el director simplemente de un d\u00eda para otro me deja al ni\u00f1o sin matr\u00edcula sin darme una respuesta, yo he solicitado una entrevista con \u00e9l pero se ha negado a brindarme atenci\u00f3n\u00bb, se\u00f1al\u00f3 Tapia.<\/p>\n<figure id=\"attachment_41300\" aria-describedby=\"caption-attachment-41300\" style=\"width: 222px\" class=\"wp-caption alignright\"><a href=\"https:\/\/i0.wp.com\/www.eltrabajo.cl\/portal\/wp-content\/uploads\/2013\/12\/Nelson-Jarpa-Montero.jpg\"><img data-recalc-dims=\"1\" loading=\"lazy\" decoding=\"async\" class=\" wp-image-41300  \" title=\"EL DIRECTOR.- Nelson Jarpa Montero, Director del Colegio Pumanque.\" alt=\"EL DIRECTOR.- Nelson Jarpa Montero, Director del Colegio Pumanque.\" src=\"https:\/\/i0.wp.com\/www.eltrabajo.cl\/portal\/wp-content\/uploads\/2013\/12\/Nelson-Jarpa-Montero.jpg?resize=222%2C211\" width=\"222\" height=\"211\" srcset=\"https:\/\/i0.wp.com\/eltrabajo.cl\/portal\/wp-content\/uploads\/2013\/12\/Nelson-Jarpa-Montero.jpg?w=529&amp;ssl=1 529w, https:\/\/i0.wp.com\/eltrabajo.cl\/portal\/wp-content\/uploads\/2013\/12\/Nelson-Jarpa-Montero.jpg?resize=157%2C150&amp;ssl=1 157w, https:\/\/i0.wp.com\/eltrabajo.cl\/portal\/wp-content\/uploads\/2013\/12\/Nelson-Jarpa-Montero.jpg?resize=300%2C285&amp;ssl=1 300w, https:\/\/i0.wp.com\/eltrabajo.cl\/portal\/wp-content\/uploads\/2013\/12\/Nelson-Jarpa-Montero.jpg?resize=150%2C142&amp;ssl=1 150w, https:\/\/i0.wp.com\/eltrabajo.cl\/portal\/wp-content\/uploads\/2013\/12\/Nelson-Jarpa-Montero.jpg?resize=400%2C381&amp;ssl=1 400w\" sizes=\"auto, (max-width: 222px) 100vw, 222px\" \/><\/a><figcaption id=\"caption-attachment-41300\" class=\"wp-caption-text\">EL DIRECTOR.- Nelson Jarpa Montero, Director del Colegio Pumanque.<\/figcaption><\/figure>\n<p>Mabel coment\u00f3 adem\u00e1s, que su hijo no tiene problemas de calificaciones, su rendimiento es adecuado y en convivencia tampoco registra ning\u00fan reporte.<\/p>\n<p>\u00abAqu\u00ed tambi\u00e9n veo algo absurdo, pues llego a pedir los papeles de mi hijo, pues ya fue expulsado del colegio y la secretaria me dice que no me tiene los papeles, porque \u2018yo no los he pedido\u2019, por Dios, si me lo est\u00e1n expulsando lo m\u00e1s obvio es que deban entonces prepararme todos sus papeles para yo poder matricularlo en otra escuela, pero no me los dan, me siento bastante molesta con el accionar del colegio. Siempre he estado al d\u00eda con mis pagos\u00bb, agreg\u00f3 Mabel a Diario El Trabajo.<\/p>\n<p>&nbsp;<\/p>\n<p><strong>CAMBIO DE\u00a0APODERADO<\/strong><\/p>\n<p>Nuestro medio habl\u00f3 con Nelson Jarpa Montero, Director del Colegio Pumanque.<\/p>\n<p><strong>&#8211; \u00bfSabe usted que fueron denunciados por esta apoderada?<\/strong><\/p>\n<p>&#8211; \u00abA la denuncia de esta apoderada, que est\u00e1 en la Superintendencia de Educaci\u00f3n, ya dimos respuesta hace un par semanas, por lo que sospecho que lo \u00fanico que esta apoderada busca es afectar nuestra imagen institucional, por lo cual estaremos muy pendientes por las eventuales calumnias e injurias que ella pueda emitir a trav\u00e9s de Diario El Trabajo\u00bb.<\/p>\n<p><strong>&#8211; \u00bfPor qu\u00e9 ustedes desvinculan al ni\u00f1o del colegio?<\/strong><\/p>\n<p>&#8211; \u00abEn relaci\u00f3n a nuestro accionar, quiero aclarar que nuestra relaci\u00f3n colegio-apoderado, est\u00e1 contemplado dentro del marco de un Contrato por Prestaci\u00f3n de Servicios, en donde de mutuo acuerdo, las partes firmamos, en ese contrato se contemplan las posibles causales para dar por finalizado el mismo\u00bb.<\/p>\n<p><strong>&#8211; \u00bfQu\u00e9 problema representa el ni\u00f1o para que se le impida seguir estudiando?<\/strong><\/p>\n<p>&#8211; \u00abAqu\u00ed hay que ser claros en esto: el problema no es con el ni\u00f1o, el estudiante est\u00e1 muy bien, aqu\u00ed lo que est\u00e1 en cuesti\u00f3n es la calidad del Apoderado, aqu\u00ed lo que pasa es que la apoderada no quiere reconocer el contrato que ella firm\u00f3, en donde aceptamos que ambas partes podremos desvincularnos la una de la otra si as\u00ed nos parece, que es lo que estamos haciendo nosotros como colegio\u00bb.<\/p>\n<p><strong>&#8211; \u00bfPor qu\u00e9 ustedes deciden terminar este contrato?<\/strong><\/p>\n<p>&#8211; \u00abLa raz\u00f3n para dar por terminado este contrato, es porque la apoderada ha generado injurias, calumnias, faltas de respeto a otros apoderados de Segundo B\u00e1sico, ella los increpa si de alguna manera algunos de los estudiantes entra en conflicto con su hijo, lo que nos est\u00e1 generando problemas, si se cambia de Apoderado, el ni\u00f1o puede seguir en nuestro colegio\u00bb.<\/p>\n<figure id=\"attachment_41301\" aria-describedby=\"caption-attachment-41301\" style=\"width: 529px\" class=\"wp-caption alignnone\"><a href=\"https:\/\/i0.wp.com\/www.eltrabajo.cl\/portal\/wp-content\/uploads\/2013\/12\/Contrato1.jpg\"><img data-recalc-dims=\"1\" loading=\"lazy\" decoding=\"async\" class=\"size-full wp-image-41301\" title=\"NO M\u00c1S.- En este documento s ele comunica a la apoderada que el contrato fue dado por terminado hoy 31 de diciembre.\" alt=\"NO M\u00c1S.- En este documento s ele comunica a la apoderada que el contrato fue dado por terminado hoy 31 de diciembre.\" src=\"https:\/\/i0.wp.com\/www.eltrabajo.cl\/portal\/wp-content\/uploads\/2013\/12\/Contrato1.jpg?resize=529%2C398\" width=\"529\" height=\"398\" srcset=\"https:\/\/i0.wp.com\/eltrabajo.cl\/portal\/wp-content\/uploads\/2013\/12\/Contrato1.jpg?w=529&amp;ssl=1 529w, https:\/\/i0.wp.com\/eltrabajo.cl\/portal\/wp-content\/uploads\/2013\/12\/Contrato1.jpg?resize=200%2C150&amp;ssl=1 200w, https:\/\/i0.wp.com\/eltrabajo.cl\/portal\/wp-content\/uploads\/2013\/12\/Contrato1.jpg?resize=300%2C225&amp;ssl=1 300w, https:\/\/i0.wp.com\/eltrabajo.cl\/portal\/wp-content\/uploads\/2013\/12\/Contrato1.jpg?resize=150%2C112&amp;ssl=1 150w, https:\/\/i0.wp.com\/eltrabajo.cl\/portal\/wp-content\/uploads\/2013\/12\/Contrato1.jpg?resize=400%2C300&amp;ssl=1 400w\" sizes=\"auto, (max-width: 529px) 100vw, 529px\" \/><\/a><figcaption id=\"caption-attachment-41301\" class=\"wp-caption-text\">NO M\u00c1S.- En este documento s ele comunica a la apoderada que el contrato fue dado por terminado hoy 31 de diciembre.<\/figcaption><\/figure>\n<p><strong>ART\u00cdCULO 7<\/strong><\/p>\n<p>7\u00ba- Las partes acuerdan poner t\u00e9rmino al presente contrato por alguna(s) de las siguientes causales:<\/p>\n<p>A.- Retiro voluntario del o los alumnos.<\/p>\n<p>B.- Incumplimiento grave del Reglamento de Convivencia del Colegio, por parte del alumno, no habiendo estado su matr\u00edcula condicional.<\/p>\n<p>C.- Incumplimiento menos grave o grave del Reglamento de Convivencia del Colegio, por parte del alumno, estando su matr\u00edcula condicional.<\/p>\n<p>D.- Falta de cancelaci\u00f3n de las mensualidades obligatorias, s\u00f3lo al t\u00e9rmino del a\u00f1o escolar.<\/p>\n<p>E.- Incumplimiento grave del Reglamento Interno de Evaluaci\u00f3n respecto del promedio m\u00ednimo de notas anual establecido para renovaci\u00f3n de matr\u00edcula, s\u00f3lo al t\u00e9rmino del a\u00f1o escolar.<\/p>\n<p>F.- Vencimiento del plazo estipulado en el contrato.<\/p>\n<p>Roberto Gonz\u00e1lez Short<\/p>\n<p>rgonzalez@eltrabajo.cl<\/p>\n<p>&nbsp;<\/p>\n","protected":false},"excerpt":{"rendered":"<p>Afirmando que su hijo fue expulsado sin explicaci\u00f3n ni justificaci\u00f3n alguna del Colegio Pumanke por su director, Nelson Jarpa, visit\u00f3 la Sala de Redacci\u00f3n de Diario El Trabajo la madre del menor&#8230;<\/p>\n","protected":false},"author":482,"featured_media":41299,"comment_status":"open","ping_status":"closed","sticky":false,"template":"","format":"standard","meta":{"advanced_seo_description":"","jetpack_seo_html_title":"","jetpack_seo_noindex":false,"_jetpack_memberships_contains_paid_content":false,"footnotes":""},"categories":[15],"tags":[],"class_list":["post-41298","post","type-post","status-publish","format-standard","has-post-thumbnail","hentry","category-comunidad"],"jetpack_featured_media_url":"https:\/\/i0.wp.com\/eltrabajo.cl\/portal\/wp-content\/uploads\/2013\/12\/Mabel-Tapia.jpg?fit=529%2C518&ssl=1","jetpack_sharing_enabled":true,"jetpack_likes_enabled":true,"jetpack-related-posts":[],"_links":{"self":[{"href":"https:\/\/eltrabajo.cl\/portal\/wp-json\/wp\/v2\/posts\/41298","targetHints":{"allow":["GET"]}}],"collection":[{"href":"https:\/\/eltrabajo.cl\/portal\/wp-json\/wp\/v2\/posts"}],"about":[{"href":"https:\/\/eltrabajo.cl\/portal\/wp-json\/wp\/v2\/types\/post"}],"author":[{"embeddable":true,"href":"https:\/\/eltrabajo.cl\/portal\/wp-json\/wp\/v2\/users\/482"}],"replies":[{"embeddable":true,"href":"https:\/\/eltrabajo.cl\/portal\/wp-json\/wp\/v2\/comments?post=41298"}],"version-history":[{"count":0,"href":"https:\/\/eltrabajo.cl\/portal\/wp-json\/wp\/v2\/posts\/41298\/revisions"}],"wp:featuredmedia":[{"embeddable":true,"href":"https:\/\/eltrabajo.cl\/portal\/wp-json\/wp\/v2\/media\/41299"}],"wp:attachment":[{"href":"https:\/\/eltrabajo.cl\/portal\/wp-json\/wp\/v2\/media?parent=41298"}],"wp:term":[{"taxonomy":"category","embeddable":true,"href":"https:\/\/eltrabajo.cl\/portal\/wp-json\/wp\/v2\/categories?post=41298"},{"taxonomy":"post_tag","embeddable":true,"href":"https:\/\/eltrabajo.cl\/portal\/wp-json\/wp\/v2\/tags?post=41298"}],"curies":[{"name":"wp","href":"https:\/\/api.w.org\/{rel}","templated":true}]}}