{"id":41305,"date":"2013-12-31T10:03:26","date_gmt":"2013-12-31T13:03:26","guid":{"rendered":"http:\/\/www.eltrabajo.cl\/portal\/?p=41305"},"modified":"2013-12-31T10:03:26","modified_gmt":"2013-12-31T13:03:26","slug":"vendedora-de-parche-curita-vuela-por-los-aires-tras-ser-atropellada","status":"publish","type":"post","link":"https:\/\/eltrabajo.cl\/portal\/vendedora-de-parche-curita-vuela-por-los-aires-tras-ser-atropellada\/","title":{"rendered":"Vendedora de parche-curita vuela por los aires tras ser atropellada"},"content":{"rendered":"<figure id=\"attachment_41306\" aria-describedby=\"caption-attachment-41306\" style=\"width: 317px\" class=\"wp-caption alignleft\"><a href=\"https:\/\/i0.wp.com\/www.eltrabajo.cl\/portal\/wp-content\/uploads\/2013\/12\/Estrella-Soto.jpg\"><img data-recalc-dims=\"1\" loading=\"lazy\" decoding=\"async\" class=\" wp-image-41306 \" title=\"Estrella Soto, joven mujer que asegura estar cansada de esperar  a que le hagan Justicia las autoridades.\" alt=\"Estrella Soto, joven mujer que asegura estar cansada de esperar  a que le hagan Justicia las autoridades.\" src=\"https:\/\/i0.wp.com\/www.eltrabajo.cl\/portal\/wp-content\/uploads\/2013\/12\/Estrella-Soto.jpg?resize=317%2C302\" width=\"317\" height=\"302\" srcset=\"https:\/\/i0.wp.com\/eltrabajo.cl\/portal\/wp-content\/uploads\/2013\/12\/Estrella-Soto.jpg?w=529&amp;ssl=1 529w, https:\/\/i0.wp.com\/eltrabajo.cl\/portal\/wp-content\/uploads\/2013\/12\/Estrella-Soto.jpg?resize=157%2C150&amp;ssl=1 157w, https:\/\/i0.wp.com\/eltrabajo.cl\/portal\/wp-content\/uploads\/2013\/12\/Estrella-Soto.jpg?resize=300%2C285&amp;ssl=1 300w, https:\/\/i0.wp.com\/eltrabajo.cl\/portal\/wp-content\/uploads\/2013\/12\/Estrella-Soto.jpg?resize=150%2C142&amp;ssl=1 150w, https:\/\/i0.wp.com\/eltrabajo.cl\/portal\/wp-content\/uploads\/2013\/12\/Estrella-Soto.jpg?resize=400%2C380&amp;ssl=1 400w\" sizes=\"auto, (max-width: 317px) 100vw, 317px\" \/><\/a><figcaption id=\"caption-attachment-41306\" class=\"wp-caption-text\">Estrella Soto, joven mujer que asegura estar cansada de esperar a que le hagan Justicia las autoridades.<\/figcaption><\/figure>\n<p>Con un grado notorio de dificultad para caminar y pidiendo que alguna autoridad tome en serio su caso, visit\u00f3 nuestra Sala de Redacci\u00f3n Estrella Soto Leiva, de 22 a\u00f1os y vecina de Villa 250 A\u00f1os, quien hace un mes fue levantada por los aires cuando viajaba en bicicleta saliendo de esa poblaci\u00f3n, por el conductor de un furg\u00f3n, menor de edad y quien, seg\u00fan Soto, ya habr\u00eda atropellado a otra persona en el mismo sector.<\/p>\n<figure id=\"attachment_41307\" aria-describedby=\"caption-attachment-41307\" style=\"width: 370px\" class=\"wp-caption alignright\"><a href=\"https:\/\/i0.wp.com\/www.eltrabajo.cl\/portal\/wp-content\/uploads\/2013\/12\/Pierna1.jpg\"><img data-recalc-dims=\"1\" loading=\"lazy\" decoding=\"async\" class=\" wp-image-41307 \" title=\"MUY GOLPEADA.- Con serios golpes result\u00f3 Estrella Soto al ser atropellada por un joven que, seg\u00fan la mujer, es menor de edad.\" alt=\"MUY GOLPEADA.- Con serios golpes result\u00f3 Estrella Soto al ser atropellada por un joven que, seg\u00fan la mujer, es menor de edad.\" src=\"https:\/\/i0.wp.com\/www.eltrabajo.cl\/portal\/wp-content\/uploads\/2013\/12\/Pierna1.jpg?resize=370%2C519\" width=\"370\" height=\"519\" srcset=\"https:\/\/i0.wp.com\/eltrabajo.cl\/portal\/wp-content\/uploads\/2013\/12\/Pierna1.jpg?w=529&amp;ssl=1 529w, https:\/\/i0.wp.com\/eltrabajo.cl\/portal\/wp-content\/uploads\/2013\/12\/Pierna1.jpg?resize=107%2C150&amp;ssl=1 107w, https:\/\/i0.wp.com\/eltrabajo.cl\/portal\/wp-content\/uploads\/2013\/12\/Pierna1.jpg?resize=214%2C300&amp;ssl=1 214w, https:\/\/i0.wp.com\/eltrabajo.cl\/portal\/wp-content\/uploads\/2013\/12\/Pierna1.jpg?resize=400%2C560&amp;ssl=1 400w\" sizes=\"auto, (max-width: 370px) 100vw, 370px\" \/><\/a><figcaption id=\"caption-attachment-41307\" class=\"wp-caption-text\">MUY GOLPEADA.- Con serios golpes result\u00f3 Estrella Soto al ser atropellada por un joven que, seg\u00fan la mujer, es menor de edad.<\/figcaption><\/figure>\n<p>\u00abYo me gano la vida vendiendo parche curita y lavando autos en San Felipe, no soy adicta ni tengo problemas con la Justicia, quiero pedir al Juzgado Policial por medio de Diario El Trabajo, pues no me dan respuesta a mi denuncia, que por favor hagan algo para impedir que \u2018Jos\u00e9\u2019, el joven que me atropell\u00f3, deje de manejar veh\u00edculo sin licencia\u00bb, coment\u00f3 la mujer.<\/p>\n<figure id=\"attachment_41308\" aria-describedby=\"caption-attachment-41308\" style=\"width: 370px\" class=\"wp-caption alignleft\"><a href=\"https:\/\/i0.wp.com\/www.eltrabajo.cl\/portal\/wp-content\/uploads\/2013\/12\/Mano1.jpg\"><img data-recalc-dims=\"1\" loading=\"lazy\" decoding=\"async\" class=\" wp-image-41308 \" title=\"CICATRIZ.- As\u00ed le est\u00e1 cicatrizando la mano a Estrella tras el accidente.\" alt=\"CICATRIZ.- As\u00ed le est\u00e1 cicatrizando la mano a Estrella tras el accidente.\" src=\"https:\/\/i0.wp.com\/www.eltrabajo.cl\/portal\/wp-content\/uploads\/2013\/12\/Mano1.jpg?resize=370%2C260\" width=\"370\" height=\"260\" srcset=\"https:\/\/i0.wp.com\/eltrabajo.cl\/portal\/wp-content\/uploads\/2013\/12\/Mano1.jpg?w=529&amp;ssl=1 529w, https:\/\/i0.wp.com\/eltrabajo.cl\/portal\/wp-content\/uploads\/2013\/12\/Mano1.jpg?resize=200%2C140&amp;ssl=1 200w, https:\/\/i0.wp.com\/eltrabajo.cl\/portal\/wp-content\/uploads\/2013\/12\/Mano1.jpg?resize=300%2C210&amp;ssl=1 300w, https:\/\/i0.wp.com\/eltrabajo.cl\/portal\/wp-content\/uploads\/2013\/12\/Mano1.jpg?resize=150%2C105&amp;ssl=1 150w, https:\/\/i0.wp.com\/eltrabajo.cl\/portal\/wp-content\/uploads\/2013\/12\/Mano1.jpg?resize=400%2C280&amp;ssl=1 400w\" sizes=\"auto, (max-width: 370px) 100vw, 370px\" \/><\/a><figcaption id=\"caption-attachment-41308\" class=\"wp-caption-text\">CICATRIZ.- As\u00ed le est\u00e1 cicatrizando la mano a Estrella tras el accidente.<\/figcaption><\/figure>\n<p>Seg\u00fan report\u00f3 Estrella, ella interpuso una demanda por Cuasidelito de Lesiones en contra del mencionado \u2018Jos\u00e9\u2019.<\/p>\n<p>\u00abA causa del accidente yo qued\u00e9 dos d\u00edas en Coma y con un test cerrado, el cual me lo estar\u00e1n operando ahora en enero, s\u00f3lo quiero que pongan orden en las calles de esta poblaci\u00f3n, pues las autoridades tambi\u00e9n han anunciado que intervendr\u00e1n para ayudarnos, pero nada hacen, quiero tambi\u00e9n denunciar que este joven regularmente pasa por mi casa a proferir amenazas e intentar intimidarme\u00bb, asegur\u00f3 Estrella Soto.<\/p>\n<p>&nbsp;<\/p>\n","protected":false},"excerpt":{"rendered":"<p>Con un grado notorio de dificultad para caminar y pidiendo que alguna autoridad tome en serio su caso, visit\u00f3 nuestra Sala de Redacci\u00f3n Estrella Soto Leiva, de 22 a\u00f1os y vecina de&#8230;<\/p>\n","protected":false},"author":482,"featured_media":41306,"comment_status":"open","ping_status":"closed","sticky":false,"template":"","format":"standard","meta":{"advanced_seo_description":"","jetpack_seo_html_title":"","jetpack_seo_noindex":false,"_jetpack_memberships_contains_paid_content":false,"footnotes":""},"categories":[15],"tags":[],"class_list":["post-41305","post","type-post","status-publish","format-standard","has-post-thumbnail","hentry","category-comunidad"],"jetpack_featured_media_url":"https:\/\/i0.wp.com\/eltrabajo.cl\/portal\/wp-content\/uploads\/2013\/12\/Estrella-Soto.jpg?fit=529%2C503&ssl=1","jetpack_sharing_enabled":true,"jetpack_likes_enabled":true,"jetpack-related-posts":[],"_links":{"self":[{"href":"https:\/\/eltrabajo.cl\/portal\/wp-json\/wp\/v2\/posts\/41305","targetHints":{"allow":["GET"]}}],"collection":[{"href":"https:\/\/eltrabajo.cl\/portal\/wp-json\/wp\/v2\/posts"}],"about":[{"href":"https:\/\/eltrabajo.cl\/portal\/wp-json\/wp\/v2\/types\/post"}],"author":[{"embeddable":true,"href":"https:\/\/eltrabajo.cl\/portal\/wp-json\/wp\/v2\/users\/482"}],"replies":[{"embeddable":true,"href":"https:\/\/eltrabajo.cl\/portal\/wp-json\/wp\/v2\/comments?post=41305"}],"version-history":[{"count":0,"href":"https:\/\/eltrabajo.cl\/portal\/wp-json\/wp\/v2\/posts\/41305\/revisions"}],"wp:featuredmedia":[{"embeddable":true,"href":"https:\/\/eltrabajo.cl\/portal\/wp-json\/wp\/v2\/media\/41306"}],"wp:attachment":[{"href":"https:\/\/eltrabajo.cl\/portal\/wp-json\/wp\/v2\/media?parent=41305"}],"wp:term":[{"taxonomy":"category","embeddable":true,"href":"https:\/\/eltrabajo.cl\/portal\/wp-json\/wp\/v2\/categories?post=41305"},{"taxonomy":"post_tag","embeddable":true,"href":"https:\/\/eltrabajo.cl\/portal\/wp-json\/wp\/v2\/tags?post=41305"}],"curies":[{"name":"wp","href":"https:\/\/api.w.org\/{rel}","templated":true}]}}