{"id":41312,"date":"2013-12-31T10:04:51","date_gmt":"2013-12-31T13:04:51","guid":{"rendered":"http:\/\/www.eltrabajo.cl\/portal\/?p=41312"},"modified":"2013-12-31T10:04:51","modified_gmt":"2013-12-31T13:04:51","slug":"destacados-artistas-locales-y-nacionales-tendra-la-fiesta-de-la-chaya-2014","status":"publish","type":"post","link":"https:\/\/eltrabajo.cl\/portal\/destacados-artistas-locales-y-nacionales-tendra-la-fiesta-de-la-chaya-2014\/","title":{"rendered":"Destacados artistas locales y nacionales tendr\u00e1 la Fiesta de la Chaya 2014"},"content":{"rendered":"<figure id=\"attachment_41313\" aria-describedby=\"caption-attachment-41313\" style=\"width: 529px\" class=\"wp-caption alignnone\"><a href=\"https:\/\/i0.wp.com\/www.eltrabajo.cl\/portal\/wp-content\/uploads\/2013\/12\/conferencia-chaya.jpg\"><img data-recalc-dims=\"1\" loading=\"lazy\" decoding=\"async\" class=\"size-full wp-image-41313\" title=\"En conferencia de prensa, la jefa de Rentas, Margarita Guerra, junto a Ricardo Ruiz, coordinador de la oficina de Cultura de San Felipe, y la coordinadora de Turismo de la Municipalidad, Odette Illanes.\" alt=\"En conferencia de prensa, la jefa de Rentas, Margarita Guerra, junto a Ricardo Ruiz, coordinador de la oficina de Cultura de San Felipe, y la coordinadora de Turismo de la Municipalidad, Odette Illanes.\" src=\"https:\/\/i0.wp.com\/www.eltrabajo.cl\/portal\/wp-content\/uploads\/2013\/12\/conferencia-chaya.jpg?resize=529%2C355\" width=\"529\" height=\"355\" srcset=\"https:\/\/i0.wp.com\/eltrabajo.cl\/portal\/wp-content\/uploads\/2013\/12\/conferencia-chaya.jpg?w=529&amp;ssl=1 529w, https:\/\/i0.wp.com\/eltrabajo.cl\/portal\/wp-content\/uploads\/2013\/12\/conferencia-chaya.jpg?resize=200%2C134&amp;ssl=1 200w, https:\/\/i0.wp.com\/eltrabajo.cl\/portal\/wp-content\/uploads\/2013\/12\/conferencia-chaya.jpg?resize=300%2C201&amp;ssl=1 300w, https:\/\/i0.wp.com\/eltrabajo.cl\/portal\/wp-content\/uploads\/2013\/12\/conferencia-chaya.jpg?resize=150%2C100&amp;ssl=1 150w, https:\/\/i0.wp.com\/eltrabajo.cl\/portal\/wp-content\/uploads\/2013\/12\/conferencia-chaya.jpg?resize=400%2C268&amp;ssl=1 400w\" sizes=\"auto, (max-width: 529px) 100vw, 529px\" \/><\/a><figcaption id=\"caption-attachment-41313\" class=\"wp-caption-text\">En conferencia de prensa, la jefa de Rentas, Margarita Guerra, junto a Ricardo Ruiz, coordinador de la oficina de Cultura de San Felipe, y la coordinadora de Turismo de la Municipalidad, Odette Illanes.<\/figcaption><\/figure>\n<p>Varias novedades trae este a\u00f1o la Fiesta de la Chaya, que se realizar\u00e1 entre el 7 y el 11 de enero, y que contempla la presentaci\u00f3n de destacados artistas nacionales y locales.<\/p>\n<p>Todos los d\u00edas comenzando el show se presentar\u00e1n distintos grupos locales, adem\u00e1s de conjuntos de danza que funcionan todo el a\u00f1o al alero de la oficina de Cultura del municipio, para luego dar paso a la actuaci\u00f3n de artistas nacionales. En el caso del d\u00eda martes se presentar\u00e1n Luis Dimas y los Hermanos Zabaleta en un d\u00eda dedicado a la Nueva Ola.<\/p>\n<p>El mi\u00e9rcoles 8 de enero en tanto se presentar\u00e1n nuevamente las bandas locales, grupos de danza, adem\u00e1s de Cosecha Nacional y el cierre de la noche estar\u00e1 a cargo del grupo Sol y Lluvia.<\/p>\n<p>El jueves 9 de enero, nuevamente subir\u00e1n al escenario los grupos locales, y los talleres de danza municipal a los que se suman en el show central el doble de Juan Gabriel, Lucero Fern\u00e1ndez y cierra la jornada Alex\u00edtico y La Noche.<\/p>\n<p>El viernes 10 junto con los grupos locales y los talleres de danza se presentar\u00e1 el tributo a Los Fabulosos Cadillac, y cierra el show Los Difuntos Correa.<\/p>\n<p>Y el s\u00e1bado 11 de enero la programaci\u00f3n est\u00e1 pensada en la familia, por lo que el departamento de Cultura ha preparado la presentaci\u00f3n del grupo Kumbay que hace percusi\u00f3n con elementos reciclables, y adem\u00e1s habr\u00e1 zumba, juegos inflables, a lo que se suma el paso de carros aleg\u00f3ricos de la Fiesta de la Primavera por el centro de la comuna, donde se premiar\u00e1 el mejor carro y a la reina 2014.<\/p>\n<p>\u201cEsta es la parte art\u00edstica y es importante para los empresarios que se interesen instalar en la Plaza de Armas, que sepan que la oferta art\u00edstica va a estar muy entretenida, por lo mismo la gente va a participar de la Fiesta de la Chaya, por lo que esperamos que los empresarios se motiven\u201d, se\u00f1al\u00f3 Ricardo Ruiz, coordinador de la oficina de Cultura de San Felipe.<\/p>\n<p>En ese sentido, la jefa de la oficina de Rentas, Margarita Guerra, hizo un llamado a los comerciantes que quieran participar de esta fiesta del verano en San Felipe.<\/p>\n<p>\u201cEllos pueden hacer su oferta en sobre cerrado, se van a recibir hasta el viernes 3 de enero en la oficina de Partes, cualquier duda que tengan deben acercarse al departamento de Rentas, vamos a tener diversos puestos, porque queremos complementar las expectativas de las personas\u201d, dijo Guerra.<\/p>\n<p>Durante la realizaci\u00f3n de la Fiesta de la Chaya se podr\u00e1n instalar stand de bebidas, empanadas, pizzas, en lo que se ha llamado el patio de comida, a lo que se suman los artesanos de San Felipe y estar\u00e1 prohibida la venta de espuma en spray este a\u00f1o, por lo que de encontrar este producto a la venta, ser\u00e1 decomisado.<\/p>\n<p>Respecto de los artesanos de la comuna, la coordinadora de Turismo de la Municipalidad, Odette Illanes destac\u00f3 que ya se realiz\u00f3 una invitaci\u00f3n a los empresarios gastron\u00f3micos y a los artesanos de la zona a participar, con la idea de hacer un patio de comida de excelente nivel y convertir esta fiesta en un atractivo tur\u00edstico para el verano en Aconcagua.<\/p>\n<p>&nbsp;<\/p>\n","protected":false},"excerpt":{"rendered":"<p>Varias novedades trae este a\u00f1o la Fiesta de la Chaya, que se realizar\u00e1 entre el 7 y el 11 de enero, y que contempla la presentaci\u00f3n de destacados artistas nacionales y locales&#8230;.<\/p>\n","protected":false},"author":482,"featured_media":41313,"comment_status":"open","ping_status":"closed","sticky":false,"template":"","format":"standard","meta":{"advanced_seo_description":"","jetpack_seo_html_title":"","jetpack_seo_noindex":false,"_jetpack_memberships_contains_paid_content":false,"footnotes":""},"categories":[1],"tags":[],"class_list":["post-41312","post","type-post","status-publish","format-standard","has-post-thumbnail","hentry","category-cronica"],"jetpack_featured_media_url":"https:\/\/i0.wp.com\/eltrabajo.cl\/portal\/wp-content\/uploads\/2013\/12\/conferencia-chaya.jpg?fit=529%2C355&ssl=1","jetpack_sharing_enabled":true,"jetpack_likes_enabled":true,"jetpack-related-posts":[],"_links":{"self":[{"href":"https:\/\/eltrabajo.cl\/portal\/wp-json\/wp\/v2\/posts\/41312","targetHints":{"allow":["GET"]}}],"collection":[{"href":"https:\/\/eltrabajo.cl\/portal\/wp-json\/wp\/v2\/posts"}],"about":[{"href":"https:\/\/eltrabajo.cl\/portal\/wp-json\/wp\/v2\/types\/post"}],"author":[{"embeddable":true,"href":"https:\/\/eltrabajo.cl\/portal\/wp-json\/wp\/v2\/users\/482"}],"replies":[{"embeddable":true,"href":"https:\/\/eltrabajo.cl\/portal\/wp-json\/wp\/v2\/comments?post=41312"}],"version-history":[{"count":0,"href":"https:\/\/eltrabajo.cl\/portal\/wp-json\/wp\/v2\/posts\/41312\/revisions"}],"wp:featuredmedia":[{"embeddable":true,"href":"https:\/\/eltrabajo.cl\/portal\/wp-json\/wp\/v2\/media\/41313"}],"wp:attachment":[{"href":"https:\/\/eltrabajo.cl\/portal\/wp-json\/wp\/v2\/media?parent=41312"}],"wp:term":[{"taxonomy":"category","embeddable":true,"href":"https:\/\/eltrabajo.cl\/portal\/wp-json\/wp\/v2\/categories?post=41312"},{"taxonomy":"post_tag","embeddable":true,"href":"https:\/\/eltrabajo.cl\/portal\/wp-json\/wp\/v2\/tags?post=41312"}],"curies":[{"name":"wp","href":"https:\/\/api.w.org\/{rel}","templated":true}]}}