{"id":41315,"date":"2013-12-31T10:05:59","date_gmt":"2013-12-31T13:05:59","guid":{"rendered":"http:\/\/www.eltrabajo.cl\/portal\/?p=41315"},"modified":"2013-12-31T10:05:59","modified_gmt":"2013-12-31T13:05:59","slug":"gobernadora-boffa-ante-dichos-de-alcalde-de-putaendo-yo-llamo-al-alcalde-a-que-nos-pongamos-a-trabajar-y-dejemos-de-polemizar-por-la-prensa","status":"publish","type":"post","link":"https:\/\/eltrabajo.cl\/portal\/gobernadora-boffa-ante-dichos-de-alcalde-de-putaendo-yo-llamo-al-alcalde-a-que-nos-pongamos-a-trabajar-y-dejemos-de-polemizar-por-la-prensa\/","title":{"rendered":"Gobernadora Boffa ante dichos de alcalde de Putaendo: \u201cYo llamo al alcalde a que nos pongamos a trabajar y dejemos de polemizar por la prensa\u201d"},"content":{"rendered":"<figure id=\"attachment_41316\" aria-describedby=\"caption-attachment-41316\" style=\"width: 317px\" class=\"wp-caption alignleft\"><a href=\"https:\/\/i0.wp.com\/www.eltrabajo.cl\/portal\/wp-content\/uploads\/2013\/12\/Gobernadora-3.jpg\"><img data-recalc-dims=\"1\" loading=\"lazy\" decoding=\"async\" class=\" wp-image-41316 \" title=\"La gobernadora  pidi\u00f3 que el alcalde de Putaendo deje atr\u00e1s la pol\u00e9mica y se ponga a trabajar.\" alt=\"La gobernadora  pidi\u00f3 que el alcalde de Putaendo deje atr\u00e1s la pol\u00e9mica y se ponga a trabajar.\" src=\"https:\/\/i0.wp.com\/www.eltrabajo.cl\/portal\/wp-content\/uploads\/2013\/12\/Gobernadora-3.jpg?resize=317%2C238\" width=\"317\" height=\"238\" srcset=\"https:\/\/i0.wp.com\/eltrabajo.cl\/portal\/wp-content\/uploads\/2013\/12\/Gobernadora-3.jpg?w=528&amp;ssl=1 528w, https:\/\/i0.wp.com\/eltrabajo.cl\/portal\/wp-content\/uploads\/2013\/12\/Gobernadora-3.jpg?resize=200%2C150&amp;ssl=1 200w, https:\/\/i0.wp.com\/eltrabajo.cl\/portal\/wp-content\/uploads\/2013\/12\/Gobernadora-3.jpg?resize=300%2C225&amp;ssl=1 300w, https:\/\/i0.wp.com\/eltrabajo.cl\/portal\/wp-content\/uploads\/2013\/12\/Gobernadora-3.jpg?resize=150%2C112&amp;ssl=1 150w, https:\/\/i0.wp.com\/eltrabajo.cl\/portal\/wp-content\/uploads\/2013\/12\/Gobernadora-3.jpg?resize=400%2C300&amp;ssl=1 400w\" sizes=\"auto, (max-width: 317px) 100vw, 317px\" \/><\/a><figcaption id=\"caption-attachment-41316\" class=\"wp-caption-text\">La gobernadora pidi\u00f3 que el alcalde de Putaendo deje atr\u00e1s la pol\u00e9mica y se ponga a trabajar.<\/figcaption><\/figure>\n<p>Bastante molesta se mostr\u00f3 la gobernadora provincial de San Felipe, Patricia Boffa, por los dichos del Alcalde de Putaendo Guillermo Reyes, quien asever\u00f3 que la autoridad ofreci\u00f3 ayuda a los vecinos de Quebrada Herrera para resolver la problem\u00e1tica de abastecimiento de agua y que luego de esto, se retract\u00f3 de sus palabras.<\/p>\n<p>La Gobernadora Boffa critic\u00f3 duramente al Alcalde Reyes, se\u00f1alando que esta autoridad comunal ha tenido por pol\u00edtica polemizar con las autoridades a trav\u00e9s de los medios, en vez de realizar una labor que sea efectiva y que redunde en una mejor calidad de vida de las personas.<\/p>\n<p>\u201cYo lamento que una vez m\u00e1s el Alcalde Guillermo Reyes, habiendo sido gobernador y sabiendo cu\u00e1les son las cosas que se pueden y que no se pueden hacer, vuelva a golpear a esta Gobernaci\u00f3n. Siempre con sus dichos, siempre politizando, siempre polemizando un tema que no es necesario polemizar. Yo le hago un llamado al alcalde para que mejor trabajemos en beneficio de la gente y que dejemos de polemizar por la prensa\u201d, expres\u00f3 la autoridad provincial.<\/p>\n<p>Cabe recordar que hace dos semanas aproximadamente, el APR de Quebrada Herrera inform\u00f3 que se hab\u00eda quemado la bomba, que hab\u00eda gestionado para este organismo la Gobernaci\u00f3n hace tres a\u00f1os ante la Onemi, motivo por el cual los vecinos estaban enfrentando graves problemas de abastecimiento de agua.<\/p>\n<p>A ra\u00edz de lo anterior, la gobernadora provincial se puso en contacto con Reyes, a quien le ofreci\u00f3 agua para distribuir entre los vecinos del sector.<\/p>\n<p>\u201cHemos puesto a disposici\u00f3n el agua para que se entregue a los vecinos, adem\u00e1s de estanques a algunas personas que lo han solicitado directamente a nosotros, y todo lo hemos hecho con la mejor disposici\u00f3n, porque sabemos que los servidores p\u00fablicos tenemos que trabajar as\u00ed, no diciendo por los medios que la gobernaci\u00f3n se retract\u00f3 de lo ofrecido, yo no he ofrecido nada, porque la bomba que se quem\u00f3 en el sector, es una bomba que nos conseguimos con la ayuda del diputado Gaspar Rivas ante la Onemi Regional, en tanto el APR ten\u00eda la misi\u00f3n de adquirir otra bomba con su administraci\u00f3n\u201d, aclar\u00f3 la gobernadora Boffa.<\/p>\n<p>Finalmente, la directiva del APR compr\u00f3 la bomba para el funcionamiento del sistema, y ser\u00e1 instalada por la empresa Progelec a primera hora de este jueves.<\/p>\n<p>&nbsp;<\/p>\n","protected":false},"excerpt":{"rendered":"<p>Bastante molesta se mostr\u00f3 la gobernadora provincial de San Felipe, Patricia Boffa, por los dichos del Alcalde de Putaendo Guillermo Reyes, quien asever\u00f3 que la autoridad ofreci\u00f3 ayuda a los vecinos de&#8230;<\/p>\n","protected":false},"author":482,"featured_media":41316,"comment_status":"open","ping_status":"closed","sticky":false,"template":"","format":"standard","meta":{"advanced_seo_description":"","jetpack_seo_html_title":"","jetpack_seo_noindex":false,"_jetpack_memberships_contains_paid_content":false,"footnotes":""},"categories":[1],"tags":[],"class_list":["post-41315","post","type-post","status-publish","format-standard","has-post-thumbnail","hentry","category-cronica"],"jetpack_featured_media_url":"https:\/\/i0.wp.com\/eltrabajo.cl\/portal\/wp-content\/uploads\/2013\/12\/Gobernadora-3.jpg?fit=528%2C396&ssl=1","jetpack_sharing_enabled":true,"jetpack_likes_enabled":true,"jetpack-related-posts":[],"_links":{"self":[{"href":"https:\/\/eltrabajo.cl\/portal\/wp-json\/wp\/v2\/posts\/41315","targetHints":{"allow":["GET"]}}],"collection":[{"href":"https:\/\/eltrabajo.cl\/portal\/wp-json\/wp\/v2\/posts"}],"about":[{"href":"https:\/\/eltrabajo.cl\/portal\/wp-json\/wp\/v2\/types\/post"}],"author":[{"embeddable":true,"href":"https:\/\/eltrabajo.cl\/portal\/wp-json\/wp\/v2\/users\/482"}],"replies":[{"embeddable":true,"href":"https:\/\/eltrabajo.cl\/portal\/wp-json\/wp\/v2\/comments?post=41315"}],"version-history":[{"count":0,"href":"https:\/\/eltrabajo.cl\/portal\/wp-json\/wp\/v2\/posts\/41315\/revisions"}],"wp:featuredmedia":[{"embeddable":true,"href":"https:\/\/eltrabajo.cl\/portal\/wp-json\/wp\/v2\/media\/41316"}],"wp:attachment":[{"href":"https:\/\/eltrabajo.cl\/portal\/wp-json\/wp\/v2\/media?parent=41315"}],"wp:term":[{"taxonomy":"category","embeddable":true,"href":"https:\/\/eltrabajo.cl\/portal\/wp-json\/wp\/v2\/categories?post=41315"},{"taxonomy":"post_tag","embeddable":true,"href":"https:\/\/eltrabajo.cl\/portal\/wp-json\/wp\/v2\/tags?post=41315"}],"curies":[{"name":"wp","href":"https:\/\/api.w.org\/{rel}","templated":true}]}}