{"id":41318,"date":"2013-12-31T10:07:07","date_gmt":"2013-12-31T13:07:07","guid":{"rendered":"http:\/\/www.eltrabajo.cl\/portal\/?p=41318"},"modified":"2013-12-31T10:07:07","modified_gmt":"2013-12-31T13:07:07","slug":"municipio-pagara-bono-desde-diciembre-a-jardines-infantiles-vtf","status":"publish","type":"post","link":"https:\/\/eltrabajo.cl\/portal\/municipio-pagara-bono-desde-diciembre-a-jardines-infantiles-vtf\/","title":{"rendered":"Municipio pagar\u00e1 bono desde diciembre a jardines infantiles VTF"},"content":{"rendered":"<figure id=\"attachment_41319\" aria-describedby=\"caption-attachment-41319\" style=\"width: 529px\" class=\"wp-caption alignnone\"><a href=\"https:\/\/i0.wp.com\/www.eltrabajo.cl\/portal\/wp-content\/uploads\/2013\/12\/conferencia.jpg\"><img data-recalc-dims=\"1\" loading=\"lazy\" decoding=\"async\" class=\"size-full wp-image-41319\" title=\"En conferencia de prensa el Alcalde (s) Jorge Jara junto a dirigentes de las trabajadoras de jardines infantiles V\u00eda Transferencia de Fondos (VTF).\" alt=\"En conferencia de prensa el Alcalde (s) Jorge Jara junto a dirigentes de las trabajadoras de jardines infantiles V\u00eda Transferencia de Fondos (VTF).\" src=\"https:\/\/i0.wp.com\/www.eltrabajo.cl\/portal\/wp-content\/uploads\/2013\/12\/conferencia.jpg?resize=529%2C355\" width=\"529\" height=\"355\" srcset=\"https:\/\/i0.wp.com\/eltrabajo.cl\/portal\/wp-content\/uploads\/2013\/12\/conferencia.jpg?w=529&amp;ssl=1 529w, https:\/\/i0.wp.com\/eltrabajo.cl\/portal\/wp-content\/uploads\/2013\/12\/conferencia.jpg?resize=200%2C134&amp;ssl=1 200w, https:\/\/i0.wp.com\/eltrabajo.cl\/portal\/wp-content\/uploads\/2013\/12\/conferencia.jpg?resize=300%2C201&amp;ssl=1 300w, https:\/\/i0.wp.com\/eltrabajo.cl\/portal\/wp-content\/uploads\/2013\/12\/conferencia.jpg?resize=150%2C100&amp;ssl=1 150w, https:\/\/i0.wp.com\/eltrabajo.cl\/portal\/wp-content\/uploads\/2013\/12\/conferencia.jpg?resize=400%2C268&amp;ssl=1 400w\" sizes=\"auto, (max-width: 529px) 100vw, 529px\" \/><\/a><figcaption id=\"caption-attachment-41319\" class=\"wp-caption-text\">En conferencia de prensa el Alcalde (s) Jorge Jara junto a dirigentes de las trabajadoras de jardines infantiles V\u00eda Transferencia de Fondos (VTF).<\/figcaption><\/figure>\n<p>Luego de un proceso de negociaci\u00f3n entre la Municipalidad de San Felipe y las dirigentes de las trabajadoras de jardines infantiles V\u00eda Transferencia de Fondos (VTF), se lleg\u00f3 a un acuerdo que beneficiar\u00e1 a las profesionales que trabajan en los ocho establecimientos que funcionan en esta modalidad, que establece en una primera etapa el pago de un bono vinculado al proceso de mejoramiento de matr\u00edcula y asistencia de los ni\u00f1os a los jardines.<\/p>\n<p>El bono contempla el pago mensualmente a contar de este mes de diciembre y con una suspensi\u00f3n en los meses de enero, febrero y marzo, por un tema de ingreso de Junji al municipio, el que se retoma en el mes de abril.<\/p>\n<p>Seg\u00fan explic\u00f3 el Alcalde (s) Jorge Jara, el bono alcanza los cinco millones 800 mil pesos aproximadamente y se ver\u00e1n favorecidos 117 funcionarios entre profesionales, t\u00e9cnicos y auxiliares.<\/p>\n<p>\u201cSon recursos que se van a generar en la propia Municipalidad, pero tambi\u00e9n son recursos que van a estar asociados a la transferencia que se haga de parte del servicio al municipio, de ah\u00ed que el cumplimiento de la meta sea por matr\u00edcula y asistencia, en la medida que mejoremos esos est\u00e1ndares, obviamente vamos a tener un mayor ingreso, por eso nos hemos dado este tiempo 2013 y 2014 como un per\u00edodo de an\u00e1lisis del comportamiento financiero del sistema, para ver si va a haber posibilidades, en el minuto determinado, cuando se haga una nueva negociaci\u00f3n, de transformar este bono en una remuneraci\u00f3n\u201d.<\/p>\n<p>Las profesionales valoraron el esfuerzo realizado por la Municipalidad al concretar este pago, que beneficia a una importante cantidad de trabajadoras.<\/p>\n<p>\u201cQueremos agradecer al Alcalde Patricio Freire las gestiones que hemos logrado, es la primera vez que llegamos a tener un respaldo de una administraci\u00f3n, nunca antes lo hab\u00edamos logrado, con respecto a los bonos para las trabajadoras y lograr por primera vez uniforme. Adem\u00e1s agradecer la gesti\u00f3n realizada con las trabajadoras del jard\u00edn infantil Sol Naciente, por la preocupaci\u00f3n hacia el personal, a los problemas que se hab\u00edan suscitado en la villa de llevarlas y traerlas y tener claro que s\u00ed somos importantes, y por primera vez hemos sido valorizadas con la tremenda responsabilidad que tenemos con los ni\u00f1os que tenemos\u201d, dijo \u00c1ngela Tapia.<\/p>\n<p>La dirigente se mostr\u00f3 agradecida con el Alcalde Freire y se\u00f1al\u00f3 que \u201csiempre hemos sentido que nos ha respaldado y que nos ha abierto las puertas para trabajar en conjunto con nosotros\u201d.<\/p>\n<p>Por su parte Jorge Jara destac\u00f3 que \u201cuna de las pol\u00edticas del Alcalde Patricio Freire, desde que asumi\u00f3 el municipio, es cumplir con todos los temas pendientes que exist\u00edan y espec\u00edficamente en relaci\u00f3n a remuneraciones o compromisos adeudados, como por ejemplo el Bono SAE y los profesores jubilados, que se han venido resolviendo con un gran esfuerzo de una mejor gesti\u00f3n administrativa y financiera.<\/p>\n<p>&nbsp;<\/p>\n","protected":false},"excerpt":{"rendered":"<p>Luego de un proceso de negociaci\u00f3n entre la Municipalidad de San Felipe y las dirigentes de las trabajadoras de jardines infantiles V\u00eda Transferencia de Fondos (VTF), se lleg\u00f3 a un acuerdo que&#8230;<\/p>\n","protected":false},"author":482,"featured_media":41319,"comment_status":"open","ping_status":"closed","sticky":false,"template":"","format":"standard","meta":{"advanced_seo_description":"","jetpack_seo_html_title":"","jetpack_seo_noindex":false,"_jetpack_memberships_contains_paid_content":false,"footnotes":""},"categories":[1],"tags":[],"class_list":["post-41318","post","type-post","status-publish","format-standard","has-post-thumbnail","hentry","category-cronica"],"jetpack_featured_media_url":"https:\/\/i0.wp.com\/eltrabajo.cl\/portal\/wp-content\/uploads\/2013\/12\/conferencia.jpg?fit=529%2C355&ssl=1","jetpack_sharing_enabled":true,"jetpack_likes_enabled":true,"jetpack-related-posts":[],"_links":{"self":[{"href":"https:\/\/eltrabajo.cl\/portal\/wp-json\/wp\/v2\/posts\/41318","targetHints":{"allow":["GET"]}}],"collection":[{"href":"https:\/\/eltrabajo.cl\/portal\/wp-json\/wp\/v2\/posts"}],"about":[{"href":"https:\/\/eltrabajo.cl\/portal\/wp-json\/wp\/v2\/types\/post"}],"author":[{"embeddable":true,"href":"https:\/\/eltrabajo.cl\/portal\/wp-json\/wp\/v2\/users\/482"}],"replies":[{"embeddable":true,"href":"https:\/\/eltrabajo.cl\/portal\/wp-json\/wp\/v2\/comments?post=41318"}],"version-history":[{"count":0,"href":"https:\/\/eltrabajo.cl\/portal\/wp-json\/wp\/v2\/posts\/41318\/revisions"}],"wp:featuredmedia":[{"embeddable":true,"href":"https:\/\/eltrabajo.cl\/portal\/wp-json\/wp\/v2\/media\/41319"}],"wp:attachment":[{"href":"https:\/\/eltrabajo.cl\/portal\/wp-json\/wp\/v2\/media?parent=41318"}],"wp:term":[{"taxonomy":"category","embeddable":true,"href":"https:\/\/eltrabajo.cl\/portal\/wp-json\/wp\/v2\/categories?post=41318"},{"taxonomy":"post_tag","embeddable":true,"href":"https:\/\/eltrabajo.cl\/portal\/wp-json\/wp\/v2\/tags?post=41318"}],"curies":[{"name":"wp","href":"https:\/\/api.w.org\/{rel}","templated":true}]}}