{"id":41332,"date":"2013-12-31T10:19:11","date_gmt":"2013-12-31T13:19:11","guid":{"rendered":"http:\/\/www.eltrabajo.cl\/portal\/?p=41332"},"modified":"2013-12-31T10:19:11","modified_gmt":"2013-12-31T13:19:11","slug":"nacen-trillizos-en-el-san-camilo-causando-euforia-en-aconcagua","status":"publish","type":"post","link":"https:\/\/eltrabajo.cl\/portal\/nacen-trillizos-en-el-san-camilo-causando-euforia-en-aconcagua\/","title":{"rendered":"Nacen trillizos en el San Camilo causando euforia en Aconcagua"},"content":{"rendered":"<figure id=\"attachment_41333\" aria-describedby=\"caption-attachment-41333\" style=\"width: 529px\" class=\"wp-caption alignnone\"><a href=\"https:\/\/i0.wp.com\/www.eltrabajo.cl\/portal\/wp-content\/uploads\/2013\/12\/Trillizos1.jpg\"><img data-recalc-dims=\"1\" loading=\"lazy\" decoding=\"async\" class=\"size-full wp-image-41333\" title=\"EL DESAF\u00cdO.- Como un soldado en vigilia y sin saber si estar al lado de su esposa o al de sus peque\u00f1itos, el desconcertado padre s\u00f3lo tiene tiempo y brazos para abrirlos con amor a su amada y a sus tres hijos.\" alt=\"EL DESAF\u00cdO.- Como un soldado en vigilia y sin saber si estar al lado de su esposa o al de sus peque\u00f1itos, el desconcertado padre s\u00f3lo tiene tiempo y brazos para abrirlos con amor a su amada y a sus tres hijos.\" src=\"https:\/\/i0.wp.com\/www.eltrabajo.cl\/portal\/wp-content\/uploads\/2013\/12\/Trillizos1.jpg?resize=529%2C353\" width=\"529\" height=\"353\" srcset=\"https:\/\/i0.wp.com\/eltrabajo.cl\/portal\/wp-content\/uploads\/2013\/12\/Trillizos1.jpg?w=529&amp;ssl=1 529w, https:\/\/i0.wp.com\/eltrabajo.cl\/portal\/wp-content\/uploads\/2013\/12\/Trillizos1.jpg?resize=200%2C133&amp;ssl=1 200w, https:\/\/i0.wp.com\/eltrabajo.cl\/portal\/wp-content\/uploads\/2013\/12\/Trillizos1.jpg?resize=300%2C200&amp;ssl=1 300w, https:\/\/i0.wp.com\/eltrabajo.cl\/portal\/wp-content\/uploads\/2013\/12\/Trillizos1.jpg?resize=150%2C100&amp;ssl=1 150w, https:\/\/i0.wp.com\/eltrabajo.cl\/portal\/wp-content\/uploads\/2013\/12\/Trillizos1.jpg?resize=400%2C266&amp;ssl=1 400w\" sizes=\"auto, (max-width: 529px) 100vw, 529px\" \/><\/a><figcaption id=\"caption-attachment-41333\" class=\"wp-caption-text\">EL DESAF\u00cdO.- Como un soldado en vigilia y sin saber si estar al lado de su esposa o al de sus peque\u00f1itos, el desconcertado padre s\u00f3lo tiene tiempo y brazos para abrirlos con amor a su amada y a sus tres hijos.<\/figcaption><\/figure>\n<ul>\n<li><strong>No puede haber un mejor cierre para el 2013 que el ofrecido por el destino a una joven pareja llaylla\u00edna, padres ahora de tres hermosos peque\u00f1itos fruto de su amor y saludable vida en pareja. Para los reci\u00e9n llegados se abren los surcos de la vida, para sembrar y cosechar Ma\u00f1ana.<\/strong><\/li>\n<\/ul>\n<p>Describir la alegr\u00eda indescriptible que un joven matrimonio pueda experimentar con la llegada de su primer hijo a este mundo, quiz\u00e1 para cualquier periodista resulte un poco dif\u00edcil, pero explicar a nuestros lectores c\u00f3mo una llaylla\u00edna se convirti\u00f3 la ma\u00f1ana de este lunes en la feliz madre de trillizos, siendo ella madre primeriza, en verdad que resulta todo un electrizante reto descriptivo si de dar la noticia se trata, pues de eso trata nuestra \u00faltima cr\u00f3nica de 2013, una que no pudo ser m\u00e1s positiva como la del nacimiento de Antonio, Amaro y Alfredito.<\/p>\n<figure id=\"attachment_41334\" aria-describedby=\"caption-attachment-41334\" style=\"width: 222px\" class=\"wp-caption alignright\"><a href=\"https:\/\/i0.wp.com\/www.eltrabajo.cl\/portal\/wp-content\/uploads\/2013\/12\/Karen-Olivares.jpg\"><img data-recalc-dims=\"1\" loading=\"lazy\" decoding=\"async\" class=\" wp-image-41334  \" title=\"LA MUJER.- Esta joven mujer es la valiente madre de los trillizos Antonio, Amaro y Alfredito, nacidos la ma\u00f1ana de este lunes en el Hospital San Camilo.\" alt=\"LA MUJER.- Esta joven mujer es la valiente madre de los trillizos Antonio, Amaro y Alfredito, nacidos la ma\u00f1ana de este lunes en el Hospital San Camilo.\" src=\"https:\/\/i0.wp.com\/www.eltrabajo.cl\/portal\/wp-content\/uploads\/2013\/12\/Karen-Olivares.jpg?resize=222%2C213\" width=\"222\" height=\"213\" srcset=\"https:\/\/i0.wp.com\/eltrabajo.cl\/portal\/wp-content\/uploads\/2013\/12\/Karen-Olivares.jpg?w=529&amp;ssl=1 529w, https:\/\/i0.wp.com\/eltrabajo.cl\/portal\/wp-content\/uploads\/2013\/12\/Karen-Olivares.jpg?resize=156%2C150&amp;ssl=1 156w, https:\/\/i0.wp.com\/eltrabajo.cl\/portal\/wp-content\/uploads\/2013\/12\/Karen-Olivares.jpg?resize=300%2C287&amp;ssl=1 300w, https:\/\/i0.wp.com\/eltrabajo.cl\/portal\/wp-content\/uploads\/2013\/12\/Karen-Olivares.jpg?resize=150%2C143&amp;ssl=1 150w, https:\/\/i0.wp.com\/eltrabajo.cl\/portal\/wp-content\/uploads\/2013\/12\/Karen-Olivares.jpg?resize=400%2C383&amp;ssl=1 400w\" sizes=\"auto, (max-width: 222px) 100vw, 222px\" \/><\/a><figcaption id=\"caption-attachment-41334\" class=\"wp-caption-text\">LA MUJER.- Esta joven mujer es la valiente madre de los trillizos Antonio, Amaro y Alfredito, nacidos la ma\u00f1ana de este lunes en el Hospital San Camilo.<\/figcaption><\/figure>\n<p>Se trata del nacimiento de tres hermosas y saludables guaguas, pesaron 1.900 k, 2 k y 2,60 k, su estatura fue registrada de 49 cm., 49,5 cm. y 45 cm. Su madre es la Profesora Karen Andrea Olivares Lobos, de 27 a\u00f1os y su feliz pap\u00e1 se llama Manuel Fa\u00fandez Vera, ambos de Llay Llay y desde ahora, padres por partida triple.<\/p>\n<figure id=\"attachment_41335\" aria-describedby=\"caption-attachment-41335\" style=\"width: 259px\" class=\"wp-caption alignleft\"><a href=\"https:\/\/i0.wp.com\/www.eltrabajo.cl\/portal\/wp-content\/uploads\/2013\/12\/Manuel-Faundez.jpg\"><img data-recalc-dims=\"1\" loading=\"lazy\" decoding=\"async\" class=\" wp-image-41335   \" title=\"EL PAP\u00c1.- Manuel Fa\u00fandez, joven padre de los tres peque\u00f1itos m\u00e1s famosos del Valle de Aconcagua.\" alt=\"EL PAP\u00c1.- Manuel Fa\u00fandez, joven padre de los tres peque\u00f1itos m\u00e1s famosos del Valle de Aconcagua.\" src=\"https:\/\/i0.wp.com\/www.eltrabajo.cl\/portal\/wp-content\/uploads\/2013\/12\/Manuel-Faundez.jpg?resize=259%2C254\" width=\"259\" height=\"254\" srcset=\"https:\/\/i0.wp.com\/eltrabajo.cl\/portal\/wp-content\/uploads\/2013\/12\/Manuel-Faundez.jpg?w=529&amp;ssl=1 529w, https:\/\/i0.wp.com\/eltrabajo.cl\/portal\/wp-content\/uploads\/2013\/12\/Manuel-Faundez.jpg?resize=153%2C150&amp;ssl=1 153w, https:\/\/i0.wp.com\/eltrabajo.cl\/portal\/wp-content\/uploads\/2013\/12\/Manuel-Faundez.jpg?resize=300%2C293&amp;ssl=1 300w, https:\/\/i0.wp.com\/eltrabajo.cl\/portal\/wp-content\/uploads\/2013\/12\/Manuel-Faundez.jpg?resize=150%2C146&amp;ssl=1 150w, https:\/\/i0.wp.com\/eltrabajo.cl\/portal\/wp-content\/uploads\/2013\/12\/Manuel-Faundez.jpg?resize=400%2C391&amp;ssl=1 400w\" sizes=\"auto, (max-width: 259px) 100vw, 259px\" \/><\/a><figcaption id=\"caption-attachment-41335\" class=\"wp-caption-text\">EL PAP\u00c1.- Manuel Fa\u00fandez, joven padre de los tres peque\u00f1itos m\u00e1s famosos del Valle de Aconcagua.<\/figcaption><\/figure>\n<p>&nbsp;<\/p>\n<p><strong>VALENT\u00cdA TOTAL<\/strong><\/p>\n<p>Por una cuesti\u00f3n de respeto a Karen Andrea y en virtud de su imposibilidad de atender a la Prensa, en Diario El Trabajo la dejamos reposando del doloroso proceso de parto, uno en el que la valent\u00eda e impresionante postura ante la vida, la convierten hoy, como a todas las madres, en un ejemplo de coraje y arrojo a favor del g\u00e9nero humano, decidimos hablar con su esposo y no menos nervioso y feliz, Manuel Fa\u00fandez Vera, quien coment\u00f3 con alegr\u00eda que \u00abnos sentimos muy felices, porque nosotros hemos pasado hartos meses llenos de muchas complicaciones con este parto tan poco normal, mi esposa tambi\u00e9n est\u00e1 muy feliz, las guag\u00fcitas est\u00e1n respirando solitas, algo maravilloso porque hoy (ayer) se cumplen los ocho meses exactos del embarazo y nacieron por Ces\u00e1rea, Antonio, el primero, naci\u00f3 a las 08:31 horas; Amaro naci\u00f3 a las 08:32 y Alfredo a las 08:33 horas\u00bb.<\/p>\n<figure id=\"attachment_41336\" aria-describedby=\"caption-attachment-41336\" style=\"width: 190px\" class=\"wp-caption alignright\"><a href=\"https:\/\/i0.wp.com\/www.eltrabajo.cl\/portal\/wp-content\/uploads\/2013\/12\/Doctor-Alvarez1.jpg\"><img data-recalc-dims=\"1\" loading=\"lazy\" decoding=\"async\" class=\" wp-image-41336  \" title=\"Dr. Daniel \u00c1lvarez, Director del Hospital San Camilo.\" alt=\"Dr. Daniel \u00c1lvarez, Director del Hospital San Camilo.\" src=\"https:\/\/i0.wp.com\/www.eltrabajo.cl\/portal\/wp-content\/uploads\/2013\/12\/Doctor-Alvarez1.jpg?resize=190%2C143\" width=\"190\" height=\"143\" srcset=\"https:\/\/i0.wp.com\/eltrabajo.cl\/portal\/wp-content\/uploads\/2013\/12\/Doctor-Alvarez1.jpg?w=528&amp;ssl=1 528w, https:\/\/i0.wp.com\/eltrabajo.cl\/portal\/wp-content\/uploads\/2013\/12\/Doctor-Alvarez1.jpg?resize=200%2C150&amp;ssl=1 200w, https:\/\/i0.wp.com\/eltrabajo.cl\/portal\/wp-content\/uploads\/2013\/12\/Doctor-Alvarez1.jpg?resize=300%2C225&amp;ssl=1 300w, https:\/\/i0.wp.com\/eltrabajo.cl\/portal\/wp-content\/uploads\/2013\/12\/Doctor-Alvarez1.jpg?resize=150%2C112&amp;ssl=1 150w, https:\/\/i0.wp.com\/eltrabajo.cl\/portal\/wp-content\/uploads\/2013\/12\/Doctor-Alvarez1.jpg?resize=400%2C300&amp;ssl=1 400w\" sizes=\"auto, (max-width: 190px) 100vw, 190px\" \/><\/a><figcaption id=\"caption-attachment-41336\" class=\"wp-caption-text\">Dr. Daniel \u00c1lvarez, Director del Hospital San Camilo.<\/figcaption><\/figure>\n<p>Seg\u00fan ampli\u00f3 este llaylla\u00edno, \u00abvivimos en poblaci\u00f3n Los Chorrillos, pasaje Los Maitenes casa 2148, yo soy Inform\u00e1tico, mi esposa es Profesora de B\u00e1sica de la Escuela Elisa La Tapiat de Llay Llay, a ella yo le quiero agradecer y la felicito, porque logr\u00f3 aguantar todos estos dolores, pues ya su guatita ya no le daba m\u00e1s\u00bb.<\/p>\n<p>&nbsp;<\/p>\n<p><strong>UN TRABAJO\u00a0DE EQUIPO<\/strong><\/p>\n<p>Diario El Trabajo habl\u00f3 con el Dr. Daniel \u00c1lvarez, Director del Hospital San Camilo, quien asegur\u00f3 a nuestro medio que \u00abestamos muy satisfechos por el trabajo de nuestros equipos, ya que llevar a buen t\u00e9rmino un embarazo de este tipo, no es f\u00e1cil ni ocurre todos los d\u00edas, se requieren profesionales capacitados, servicios comprometidos e infraestructura adecuada para recibir y dar atenci\u00f3n a tres reci\u00e9n nacidos y a su madre, el hospital cuenta con todo lo anterior, lo que nos permiti\u00f3 que estos beb\u00e9s nacieran ac\u00e1 y no debieran ser trasladados a otra ciudad con todas las complicaciones que eso significa, as\u00ed que felicitamos a los orgullosos padres y a todos los funcionarios que hicieron esto posible\u00bb, se\u00f1al\u00f3 el galeno.<\/p>\n<p>Pr\u00f3ximamente estaremos ampliando esta bella historia de optimismo y amor familiar, para conocer m\u00e1s de cerca de estos regalones peque\u00f1itos y a su valiente madre. Quienes quieran ayudar a este joven matrimonio a enfrentar el desaf\u00edo que deben enfrentar, pueden hacerlo llamando al Fono: 9798 6700.<\/p>\n<p>Roberto Gonz\u00e1lez Short<\/p>\n<p>rgonzalez@eltrabajo.cl<\/p>\n<p>&nbsp;<\/p>\n","protected":false},"excerpt":{"rendered":"<p>No puede haber un mejor cierre para el 2013 que el ofrecido por el destino a una joven pareja llaylla\u00edna, padres ahora de tres hermosos peque\u00f1itos fruto de su amor y saludable&#8230;<\/p>\n","protected":false},"author":482,"featured_media":41333,"comment_status":"open","ping_status":"closed","sticky":false,"template":"","format":"standard","meta":{"advanced_seo_description":"","jetpack_seo_html_title":"","jetpack_seo_noindex":false,"_jetpack_memberships_contains_paid_content":false,"footnotes":""},"categories":[15],"tags":[],"class_list":["post-41332","post","type-post","status-publish","format-standard","has-post-thumbnail","hentry","category-comunidad"],"jetpack_featured_media_url":"https:\/\/i0.wp.com\/eltrabajo.cl\/portal\/wp-content\/uploads\/2013\/12\/Trillizos1.jpg?fit=529%2C353&ssl=1","jetpack_sharing_enabled":true,"jetpack_likes_enabled":true,"jetpack-related-posts":[],"_links":{"self":[{"href":"https:\/\/eltrabajo.cl\/portal\/wp-json\/wp\/v2\/posts\/41332","targetHints":{"allow":["GET"]}}],"collection":[{"href":"https:\/\/eltrabajo.cl\/portal\/wp-json\/wp\/v2\/posts"}],"about":[{"href":"https:\/\/eltrabajo.cl\/portal\/wp-json\/wp\/v2\/types\/post"}],"author":[{"embeddable":true,"href":"https:\/\/eltrabajo.cl\/portal\/wp-json\/wp\/v2\/users\/482"}],"replies":[{"embeddable":true,"href":"https:\/\/eltrabajo.cl\/portal\/wp-json\/wp\/v2\/comments?post=41332"}],"version-history":[{"count":0,"href":"https:\/\/eltrabajo.cl\/portal\/wp-json\/wp\/v2\/posts\/41332\/revisions"}],"wp:featuredmedia":[{"embeddable":true,"href":"https:\/\/eltrabajo.cl\/portal\/wp-json\/wp\/v2\/media\/41333"}],"wp:attachment":[{"href":"https:\/\/eltrabajo.cl\/portal\/wp-json\/wp\/v2\/media?parent=41332"}],"wp:term":[{"taxonomy":"category","embeddable":true,"href":"https:\/\/eltrabajo.cl\/portal\/wp-json\/wp\/v2\/categories?post=41332"},{"taxonomy":"post_tag","embeddable":true,"href":"https:\/\/eltrabajo.cl\/portal\/wp-json\/wp\/v2\/tags?post=41332"}],"curies":[{"name":"wp","href":"https:\/\/api.w.org\/{rel}","templated":true}]}}