{"id":41400,"date":"2014-01-02T09:15:05","date_gmt":"2014-01-02T12:15:05","guid":{"rendered":"http:\/\/www.eltrabajo.cl\/portal\/?p=41400"},"modified":"2014-01-02T09:15:05","modified_gmt":"2014-01-02T12:15:05","slug":"con-entrega-de-indumentaria-deportiva-partio-campeonato-de-los-barrios","status":"publish","type":"post","link":"https:\/\/eltrabajo.cl\/portal\/con-entrega-de-indumentaria-deportiva-partio-campeonato-de-los-barrios\/","title":{"rendered":"Con entrega de indumentaria deportiva parti\u00f3 Campeonato de los Barrios"},"content":{"rendered":"<figure id=\"attachment_41401\" aria-describedby=\"caption-attachment-41401\" style=\"width: 528px\" class=\"wp-caption alignnone\"><a href=\"https:\/\/i0.wp.com\/www.eltrabajo.cl\/portal\/wp-content\/uploads\/2014\/01\/campeonato.jpg\"><img data-recalc-dims=\"1\" loading=\"lazy\" decoding=\"async\" class=\"size-full wp-image-41401\" title=\"ENTUSIASMO.- Este Campeonato de los Barrios es muy importante para el deporte comunal, ya que en este tipo de actividades comienzan a destacar las futuras promesas del f\u00fatbol de Putaendo y merecen el apoyo de toda la comunidad.\" alt=\"ENTUSIASMO.- Este Campeonato de los Barrios es muy importante para el deporte comunal, ya que en este tipo de actividades comienzan a destacar las futuras promesas del f\u00fatbol de Putaendo y merecen el apoyo de toda la comunidad.\" src=\"https:\/\/i0.wp.com\/www.eltrabajo.cl\/portal\/wp-content\/uploads\/2014\/01\/campeonato.jpg?resize=528%2C283\" width=\"528\" height=\"283\" srcset=\"https:\/\/i0.wp.com\/eltrabajo.cl\/portal\/wp-content\/uploads\/2014\/01\/campeonato.jpg?w=528&amp;ssl=1 528w, https:\/\/i0.wp.com\/eltrabajo.cl\/portal\/wp-content\/uploads\/2014\/01\/campeonato.jpg?resize=200%2C107&amp;ssl=1 200w, https:\/\/i0.wp.com\/eltrabajo.cl\/portal\/wp-content\/uploads\/2014\/01\/campeonato.jpg?resize=300%2C160&amp;ssl=1 300w, https:\/\/i0.wp.com\/eltrabajo.cl\/portal\/wp-content\/uploads\/2014\/01\/campeonato.jpg?resize=150%2C80&amp;ssl=1 150w, https:\/\/i0.wp.com\/eltrabajo.cl\/portal\/wp-content\/uploads\/2014\/01\/campeonato.jpg?resize=400%2C214&amp;ssl=1 400w\" sizes=\"auto, (max-width: 528px) 100vw, 528px\" \/><\/a><figcaption id=\"caption-attachment-41401\" class=\"wp-caption-text\">ENTUSIASMO.- Este Campeonato de los Barrios es muy importante para el deporte comunal, ya que en este tipo de actividades comienzan a destacar las futuras promesas del f\u00fatbol de Putaendo y merecen el apoyo de toda la comunidad.<\/figcaption><\/figure>\n<p><strong>PUTAENDO.<\/strong>&#8211; Con la entrega de importante indumentaria deportiva y un c\u00f3ctel en la sede de la Poblaci\u00f3n San Antonio, se dio inicio al popular Campeonato de los Barrios, que se desarrollar\u00e1 en Putaendo durante el mes de enero. Varios ni\u00f1os, vecinos y dirigentes, se reunieron en la sede vecinal donde estuvieron presentes el Coordinador de Senda-Previene de Putaendo, Fernando Ovando y el Presidente de la Junta de Vecinos de la Poblaci\u00f3n San Antonio, Alejandro Meza.<\/p>\n<p>Fernando Ovando hizo entrega de una importante cantidad de agua mineral a nombre de Senda, quien tambi\u00e9n regal\u00f3 el c\u00f3ctel e indic\u00f3 que en este campeonato se entregar\u00e1 folleter\u00eda para hacer una peque\u00f1a intervenci\u00f3n, adem\u00e1s se\u00f1al\u00f3 que este campeonato es la ocasi\u00f3n para que a trav\u00e9s del deporte se pueda unir a las familias, por lo que agradeci\u00f3 la oportunidad que se le entrega a Senda para apoyar y estar presente en esta importante actividad deportiva.<\/p>\n<p>El dirigente Alejandro Meza hizo entrega de 20 petos, dos balones de baby-f\u00fatbol, un par de mallas para arco y un par de guantes para arquero a cada delegaci\u00f3n que participar\u00e1 en este campeonato, implementaci\u00f3n que fue donada por el Cesfam Valle Los Libertadores de Putaendo. Meza agradeci\u00f3 el apoyo del CESFAM y de SENDA y se\u00f1al\u00f3 que el campeonato comienza el viernes 03 de enero a las 20:00 horas en la Poblaci\u00f3n San Mart\u00edn y los equipos que participar\u00e1n ser\u00e1n los siguientes.<\/p>\n<p>-Poblaci\u00f3n Santa Rita<\/p>\n<p>-Poblaci\u00f3n San Mart\u00edn<\/p>\n<p>-Villa Do\u00f1a Javiera Carrera<\/p>\n<p>En esta versi\u00f3n, la poblaci\u00f3n de San Antonio se ha unido con Villa Los Alerces y Villa El Sendero. El campeonato se dividir\u00e1 en las categor\u00edas a\u00f1o 1999, 2000 y del 2001 al 2004. Se espera que este campeonato, al igual que los anteriores, tambi\u00e9n permita a las distintas poblaciones organizar distintas actividades como venta de completos, empanadas y brochetas que ayudan a generar recursos.<\/p>\n<p>Patricio Gallardo M.<\/p>\n","protected":false},"excerpt":{"rendered":"<p>PUTAENDO.&#8211; Con la entrega de importante indumentaria deportiva y un c\u00f3ctel en la sede de la Poblaci\u00f3n San Antonio, se dio inicio al popular Campeonato de los Barrios, que se desarrollar\u00e1 en&#8230;<\/p>\n","protected":false},"author":482,"featured_media":41401,"comment_status":"open","ping_status":"closed","sticky":false,"template":"","format":"standard","meta":{"advanced_seo_description":"","jetpack_seo_html_title":"","jetpack_seo_noindex":false,"_jetpack_memberships_contains_paid_content":false,"footnotes":""},"categories":[15],"tags":[],"class_list":["post-41400","post","type-post","status-publish","format-standard","has-post-thumbnail","hentry","category-comunidad"],"jetpack_featured_media_url":"https:\/\/i0.wp.com\/eltrabajo.cl\/portal\/wp-content\/uploads\/2014\/01\/campeonato.jpg?fit=528%2C283&ssl=1","jetpack_sharing_enabled":true,"jetpack_likes_enabled":true,"jetpack-related-posts":[],"_links":{"self":[{"href":"https:\/\/eltrabajo.cl\/portal\/wp-json\/wp\/v2\/posts\/41400","targetHints":{"allow":["GET"]}}],"collection":[{"href":"https:\/\/eltrabajo.cl\/portal\/wp-json\/wp\/v2\/posts"}],"about":[{"href":"https:\/\/eltrabajo.cl\/portal\/wp-json\/wp\/v2\/types\/post"}],"author":[{"embeddable":true,"href":"https:\/\/eltrabajo.cl\/portal\/wp-json\/wp\/v2\/users\/482"}],"replies":[{"embeddable":true,"href":"https:\/\/eltrabajo.cl\/portal\/wp-json\/wp\/v2\/comments?post=41400"}],"version-history":[{"count":0,"href":"https:\/\/eltrabajo.cl\/portal\/wp-json\/wp\/v2\/posts\/41400\/revisions"}],"wp:featuredmedia":[{"embeddable":true,"href":"https:\/\/eltrabajo.cl\/portal\/wp-json\/wp\/v2\/media\/41401"}],"wp:attachment":[{"href":"https:\/\/eltrabajo.cl\/portal\/wp-json\/wp\/v2\/media?parent=41400"}],"wp:term":[{"taxonomy":"category","embeddable":true,"href":"https:\/\/eltrabajo.cl\/portal\/wp-json\/wp\/v2\/categories?post=41400"},{"taxonomy":"post_tag","embeddable":true,"href":"https:\/\/eltrabajo.cl\/portal\/wp-json\/wp\/v2\/tags?post=41400"}],"curies":[{"name":"wp","href":"https:\/\/api.w.org\/{rel}","templated":true}]}}